{"id":25226,"date":"2024-02-22T10:49:30","date_gmt":"2024-02-22T08:49:30","guid":{"rendered":"https:\/\/www.valonkuvia.fi\/blogi\/?p=25226"},"modified":"2024-02-22T11:04:27","modified_gmt":"2024-02-22T09:04:27","slug":"nordstrom-carlberg","status":"publish","type":"post","link":"https:\/\/www.valonkuvia.fi\/blogi\/nordstrom-carlberg\/","title":{"rendered":"Kaksi big bandia &#8211; Fredrik Nordstr\u00f6m &#038; Frank Carlberg Large  Ensemble"},"content":{"rendered":"\n<figure class=\"wp-block-gallery alignwide has-nested-images columns-default is-cropped wp-block-gallery-2 is-layout-flex wp-block-gallery-is-layout-flex\">\n<figure class=\"wp-block-image size-large is-style-default\"><img data-recalc-dims=\"1\" loading=\"lazy\" decoding=\"async\" width=\"640\" height=\"852\" data-id=\"25295\" src=\"https:\/\/i0.wp.com\/www.valonkuvia.fi\/blogi\/wp-content\/uploads\/2024\/02\/fnorstrom.jpeg?resize=640%2C852&#038;ssl=1\" alt=\"\" class=\"wp-image-25295\" srcset=\"https:\/\/i0.wp.com\/www.valonkuvia.fi\/blogi\/wp-content\/uploads\/2024\/02\/fnorstrom.jpeg?resize=640%2C852&amp;ssl=1 640w, https:\/\/i0.wp.com\/www.valonkuvia.fi\/blogi\/wp-content\/uploads\/2024\/02\/fnorstrom.jpeg?resize=320%2C426&amp;ssl=1 320w, https:\/\/i0.wp.com\/www.valonkuvia.fi\/blogi\/wp-content\/uploads\/2024\/02\/fnorstrom.jpeg?resize=768%2C1023&amp;ssl=1 768w, https:\/\/i0.wp.com\/www.valonkuvia.fi\/blogi\/wp-content\/uploads\/2024\/02\/fnorstrom.jpeg?w=901&amp;ssl=1 901w\" sizes=\"auto, (max-width: 640px) 100vw, 640px\" \/><figcaption class=\"wp-element-caption\">Fredrik Nordstr\u00f6m. Kuva Klara Nordstr\u00f6m<\/figcaption><\/figure>\n\n\n\n<figure class=\"wp-block-image size-large is-style-default\"><img data-recalc-dims=\"1\" loading=\"lazy\" decoding=\"async\" width=\"852\" height=\"568\" data-id=\"25228\" src=\"https:\/\/i0.wp.com\/www.valonkuvia.fi\/blogi\/wp-content\/uploads\/2024\/01\/Frank-Carlberg_07_Kuva-Christopher-Drukker.jpg?resize=852%2C568&#038;ssl=1\" alt=\"\" class=\"wp-image-25228\" srcset=\"https:\/\/i0.wp.com\/www.valonkuvia.fi\/blogi\/wp-content\/uploads\/2024\/01\/Frank-Carlberg_07_Kuva-Christopher-Drukker-scaled.jpg?resize=852%2C568&amp;ssl=1 852w, https:\/\/i0.wp.com\/www.valonkuvia.fi\/blogi\/wp-content\/uploads\/2024\/01\/Frank-Carlberg_07_Kuva-Christopher-Drukker-scaled.jpg?resize=426%2C284&amp;ssl=1 426w, https:\/\/i0.wp.com\/www.valonkuvia.fi\/blogi\/wp-content\/uploads\/2024\/01\/Frank-Carlberg_07_Kuva-Christopher-Drukker-scaled.jpg?resize=768%2C512&amp;ssl=1 768w, https:\/\/i0.wp.com\/www.valonkuvia.fi\/blogi\/wp-content\/uploads\/2024\/01\/Frank-Carlberg_07_Kuva-Christopher-Drukker-scaled.jpg?resize=1536%2C1024&amp;ssl=1 1536w, https:\/\/i0.wp.com\/www.valonkuvia.fi\/blogi\/wp-content\/uploads\/2024\/01\/Frank-Carlberg_07_Kuva-Christopher-Drukker-scaled.jpg?resize=2048%2C1365&amp;ssl=1 2048w\" sizes=\"auto, (max-width: 852px) 100vw, 852px\" \/><figcaption class=\"wp-element-caption\">Frank Carlberg. Kuva: Christopher Drukker<\/figcaption><\/figure>\n<\/figure>\n\n\n\n<p>Ruotsalainen saksofonisti ja s\u00e4velt\u00e4j\u00e4 <strong>Fredrik Nordstr\u00f6m<\/strong> t\u00e4ytt\u00e4\u00e4 t\u00e4n\u00e4 vuonna 50 vuotta ja julkaisee juhlavuoden kunniaksi levytyssarjan, jonka avaa Nordstr\u00f6min uran ensimm\u00e4inen big band -albumi. S\u00e4velt\u00e4j\u00e4 valitsi levylle yhdeks\u00e4n aiemmin julkaisematonta s\u00e4vellyst\u00e4. Niit\u00e4 tulkitsee joukko Ruotsin eturivin muusikoita. jotka purkittivat kaiken entisajan malliin tiiviiss\u00e4 p\u00e4iv\u00e4n kest\u00e4neess\u00e4 levytyssessiossa kes\u00e4kuussa 2022. <\/p>\n\n\n\n<p>&#8221;<em>Big Band Stories<\/em>&#8221; puhuu s\u00e4vellyksill\u00e4\u00e4n nykyajan isoille orkestereille varsin tyypillist\u00e4 kielt\u00e4, joka asettuu helposti vaikkapa UMO Jazz Orchestran tai Norrbotten Big Bandin tuotannoista tuttuun modernin big band -musiikin lokeroon. Tarjolla on siis kaikkia ison orkesterin sointimahdollisuuksia monipuolisesti hy\u00f6dynt\u00e4v\u00e4\u00e4 ja vivahteikasta musiikkia. <\/p>\n\n\n\n<p>Hyvi\u00e4 esimerkkej\u00e4 ovat vaikkapa kuulaita puhallinsektioita hy\u00f6dynt\u00e4v\u00e4 &#8221;<em>Another Mountain<\/em>&#8221;, vaskipuhaltimien iskuista svengiin sy\u00f6ksyv\u00e4 &#8221;<em>Epicenter<\/em>&#8221; tai tihe\u00e4n j\u00e4nnitteinen &#8221;<em>Ferret<\/em>&#8221;. Komean kokonaissoundin lomasta kuulija l\u00f6yt\u00e4\u00e4 ihasteltavakseen runsaasti oivaltavia ja j\u00e4nnitt\u00e4vi\u00e4 yksityiskohtia. Nostan esille vain levyn p\u00e4\u00e4t\u00f6sraidan &#8221;<em>See You At Babas<\/em>&#8221;, jonka alussa Filip Augustsonin ilmeik\u00e4s bassosoolo saa s\u00e4estyksekseen rikkaan puhallintaustan. <\/p>\n\n\n\n<p>Nordstr\u00f6m on varannut itselleen suurimman osan levyn soolitilasta, jonka h\u00e4n k\u00e4ytt\u00e4\u00e4 intensiivisesti ja kliseit\u00e4 v\u00e4ltellen. Toki my\u00f6s orkesterin muut muusikot p\u00e4\u00e4sev\u00e4t esille solisteina. Edell\u00e4 jo mainitun Augustsonin bassosoolon lis\u00e4ksi my\u00f6s   <strong>Tobias Wiklundin<\/strong> kornetti ja <strong>Dicken Hedreniuksen<\/strong> melodinen pasuuna (&#8221;<em>Epicenter<\/em>&#8221;) sek\u00e4 <strong>Per &#8221;Texas&#8221; Johanssonin<\/strong> hele\u00e4 klarinetti ja <strong>Alberto Pintonin<\/strong> rouhea baritonisaksofoni tarjoavat antoisaa kuultavaa.<\/p>\n\n\n\n<p><strong>Fredrik Nordstr\u00f6m<\/strong>: Big Band Stories (Bluenord Records, 2024)<br><em>Fredrik Nordstr\u00f6m,  Magnus Blom , Thomas Backman, Robert Nordmark, Per \u201dTexas\u201d Johansson, Alberto Pinton, saksofonit, klarinetit, Hans Dyvik, Nils Janson, Tobias Wiklund, Linnea Jonsson, trumpetti, Agnes Darelid, Dicken Hedrenius, Mats Agnelid, Niclas Rydh, pasuuna, Torbj\u00f6rn Gulz, piano, Filip Augustson, basso, Sebastian \u00c5gren, rummut<\/em><\/p>\n\n\n\n<figure class=\"wp-block-image size-large is-style-default\"><img data-recalc-dims=\"1\" loading=\"lazy\" decoding=\"async\" width=\"852\" height=\"852\" src=\"https:\/\/i0.wp.com\/www.valonkuvia.fi\/blogi\/wp-content\/uploads\/2024\/02\/nordstrom.jpeg?resize=852%2C852&#038;ssl=1\" alt=\"\" class=\"wp-image-25294\" srcset=\"https:\/\/i0.wp.com\/www.valonkuvia.fi\/blogi\/wp-content\/uploads\/2024\/02\/nordstrom.jpeg?resize=852%2C852&amp;ssl=1 852w, https:\/\/i0.wp.com\/www.valonkuvia.fi\/blogi\/wp-content\/uploads\/2024\/02\/nordstrom.jpeg?resize=426%2C426&amp;ssl=1 426w, https:\/\/i0.wp.com\/www.valonkuvia.fi\/blogi\/wp-content\/uploads\/2024\/02\/nordstrom.jpeg?resize=150%2C150&amp;ssl=1 150w, https:\/\/i0.wp.com\/www.valonkuvia.fi\/blogi\/wp-content\/uploads\/2024\/02\/nordstrom.jpeg?resize=768%2C768&amp;ssl=1 768w, https:\/\/i0.wp.com\/www.valonkuvia.fi\/blogi\/wp-content\/uploads\/2024\/02\/nordstrom.jpeg?resize=400%2C400&amp;ssl=1 400w, https:\/\/i0.wp.com\/www.valonkuvia.fi\/blogi\/wp-content\/uploads\/2024\/02\/nordstrom.jpeg?resize=120%2C120&amp;ssl=1 120w, https:\/\/i0.wp.com\/www.valonkuvia.fi\/blogi\/wp-content\/uploads\/2024\/02\/nordstrom.jpeg?w=1200&amp;ssl=1 1200w\" sizes=\"auto, (max-width: 852px) 100vw, 852px\" \/><\/figure>\n\n\n\n<p>Pianisti <strong>Frank Carlbergin<\/strong> big band -albumi &#8221;<em>Elegy For Thelonious<\/em>&#8221; kunnioittaa nimens\u00e4 mukaisesti <strong>Thelonious Monkin<\/strong> muistoa ja musiikkia. Carlberg ottaa Monkin musiikin omien s\u00e4vellystens\u00e4 l\u00e4ht\u00f6kohdaksi lainaamalla Monkilta sielt\u00e4 t\u00e4\u00e4lt\u00e4 &#8221;<em>soluja ja sirpaleita<\/em>&#8221; ja s\u00e4velt\u00e4\u00e4 niiden pohjalta uusia s\u00e4vellyksi\u00e4, joista seitsem\u00e4n on p\u00e4\u00e4tynyt maaliskuussa 2024 ilmestyv\u00e4lle levylle. T\u00e4ll\u00e4 kertaa Carlberg ei itse soita levyll\u00e4, vaan johtaa orkesteria ja on luovuttanut paikkansa pianon \u00e4\u00e4rell\u00e4 <strong>Leo Genoveselle<\/strong>.<\/p>\n\n\n\n<p>Levyn avaa &#8221;<em>Spooky Rift We Pat<\/em>&#8221;, jonka nimi on anagrammi standardista &#8221;<em>Tea for Two<\/em>&#8221; ja Monkin sen pohjalta s\u00e4velt\u00e4m\u00e4st\u00e4 kappaleesta &#8221;<em>Skippy<\/em>&#8221;. Hitaan alun j\u00e4lkeen avauksesta muotoutuu  kahden kappaleen my\u00f6s musiikillisesti riemukas sekoitus, joka nostaa esille <strong>Christine Correan<\/strong> laulajana sek\u00e4 saksofonisti <strong>Adam Kolkerin<\/strong> ja trumpetisti\u00a0<strong>David Adewumin <\/strong>vaikuttavina solisteina.<\/p>\n\n\n\n<p>Monk n\u00e4kyy levyll\u00e4 my\u00f6s er\u00e4iden kappaleiden nimiss\u00e4, esimerkiksi &#8221;<em>Scallops Scallop<\/em>&#8221; ja &#8221;<em>Wrinkle On Trinkle<\/em>&#8221; viittaavat Monkin vaikeimpien teemojen joukkoon kuuluviin s\u00e4vellyksiin &#8221;<em>Gallop\u00b4s Gallop<\/em>&#8221; ja &#8221;<em>Trinkle, Tinkle<\/em>&#8221;. Musiikillisen yhteyden kuuleminen s\u00e4vellysten v\u00e4lill\u00e4 onkin jo vaikeampaa (ainakin minulle), sen verran paljon Carlberg on Monkin musiikin sirpaleita sekoittanut ja muokannut. <\/p>\n\n\n\n<p>Sen sijaan levyn p\u00e4\u00e4t\u00f6sraidalla &#8221;<em>Brake Tune<\/em>&#8221; saksofonisti <strong>Hery Paz<\/strong> paljastaa pitk\u00e4ss\u00e4 introssaan s\u00e4vellyksen esikuvan &#8221;<em>Brake\u00b4s Sake<\/em>&#8221;. Sek\u00e4 &#8221;<em>Gallop\u00b4s Gallop<\/em>&#8221; ett\u00e4 &#8221;<em>Brake\u00b4s Sake<\/em>&#8221; levytettiin ensimm\u00e4isen kerran vuonna 1955 saksofonisti <strong>Gigi Grycen<\/strong> levylle, jolla Monk oli mukana rivimiehen\u00e4. My\u00f6hemmilt\u00e4 vuosilta molemmista kappaleista on tallessa vain yhdet versiot Monkin levyill\u00e4. Carlberg on siis selv\u00e4sti etsinyt innoitusta hieman v\u00e4hemm\u00e4n tunnettujen Monkin s\u00e4vellysten joukosta.<\/p>\n\n\n\n<div class=\"wp-block-columns is-layout-flex wp-container-core-columns-is-layout-28232c24 wp-block-columns-is-layout-flex\" style=\"border-style:none;border-width:0px;border-radius:0px\">\n<div class=\"wp-block-column is-layout-flow wp-block-column-is-layout-flow\">\n<p>Levyn moniulotteisin, monivaiheisin  ja vahvin esitys on <a href=\"https:\/\/www.poetryfoundation.org\/poets\/yusef-komunyakaa\" data-type=\"link\" data-id=\"https:\/\/www.poetryfoundation.org\/poets\/yusef-komunyakaa\">Yusef Komunyakaan<\/a> runosta nimens\u00e4 saanut &#8221;<em>Elegy for Thelonious<\/em>&#8221;. Kappaleen alussa <strong>Christine Correa<\/strong> lausuu Monkin kuoleman nostattamista tunnoista kertovan runon vakuuttavasti, mink\u00e4 j\u00e4lkeen orkesteri siirtyy tulkitsemaan vanhaa virtt\u00e4  &#8221;<em>Abide With Me<\/em>&#8221; (&#8221;<em>Oi Herra, luoksein j\u00e4\u00e4<\/em>&#8221;, suomalaisen virsikirjan virsi 555). <\/p>\n\n\n\n<p>Thelonious Monk sovitti t\u00e4m\u00e4n 1800-luvulla el\u00e4neen anglikaanisen kirkon kanttorin <strong>William Henry Monkin<\/strong> kauniin melodian &#8221;<em>Monk\u00b4s Music<\/em>&#8221;-albumille (1957) puhallinsektion (trumpetisti <strong>Ray Copeland<\/strong> sek\u00e4 saksofonistit <strong>John Coltrane<\/strong>, <strong>Coleman Hawkins<\/strong> ja Gigi Gryce) tulkittavaksi.<\/p>\n\n\n\n<p>Virren j\u00e4lkeen kappale saa viel\u00e4 odottamattoman k\u00e4\u00e4nteen, kun saksofonisti <strong>Jeremy Udden<\/strong> sooloilee lopuksi 1970-luvun <a href=\"https:\/\/en.wikipedia.org\/wiki\/Lyricon\" data-type=\"link\" data-id=\"https:\/\/en.wikipedia.org\/wiki\/Lyricon\">Lyriconilla<\/a> eli s\u00e4hk\u00f6isell\u00e4 puhallinsoittimella. Instrumentin ujeltava syntetisaattorin soundi sulautuu yll\u00e4tt\u00e4v\u00e4n hyvin ison orkesterin aktiivisen s\u00e4estyksen lomaan.<\/p>\n<\/div>\n\n\n\n<div class=\"wp-block-column is-layout-flow wp-block-column-is-layout-flow\">\n<figure class=\"wp-block-image aligncenter size-large is-resized is-style-default\"><a href=\"https:\/\/i0.wp.com\/www.valonkuvia.fi\/blogi\/wp-content\/uploads\/2024\/02\/Na%CC%88ytto%CC%88kuva-2024-2-21-kello-11.35.19.png?ssl=1\"><img data-recalc-dims=\"1\" loading=\"lazy\" decoding=\"async\" width=\"553\" height=\"852\" src=\"https:\/\/i0.wp.com\/www.valonkuvia.fi\/blogi\/wp-content\/uploads\/2024\/02\/Na%CC%88ytto%CC%88kuva-2024-2-21-kello-11.35.19.png?resize=553%2C852&#038;ssl=1\" alt=\"\" class=\"wp-image-25301\" style=\"width:513px\" srcset=\"https:\/\/i0.wp.com\/www.valonkuvia.fi\/blogi\/wp-content\/uploads\/2024\/02\/Na%CC%88ytto%CC%88kuva-2024-2-21-kello-11.35.19.png?resize=553%2C852&amp;ssl=1 553w, https:\/\/i0.wp.com\/www.valonkuvia.fi\/blogi\/wp-content\/uploads\/2024\/02\/Na%CC%88ytto%CC%88kuva-2024-2-21-kello-11.35.19.png?resize=276%2C426&amp;ssl=1 276w, https:\/\/i0.wp.com\/www.valonkuvia.fi\/blogi\/wp-content\/uploads\/2024\/02\/Na%CC%88ytto%CC%88kuva-2024-2-21-kello-11.35.19.png?resize=768%2C1183&amp;ssl=1 768w, https:\/\/i0.wp.com\/www.valonkuvia.fi\/blogi\/wp-content\/uploads\/2024\/02\/Na%CC%88ytto%CC%88kuva-2024-2-21-kello-11.35.19.png?w=884&amp;ssl=1 884w\" sizes=\"auto, (max-width: 553px) 100vw, 553px\" \/><\/a><figcaption class=\"wp-element-caption\">Yusef Komunyakaa: <em>Elegy For Thelonious<\/em><\/figcaption><\/figure>\n<\/div>\n<\/div>\n\n\n\n<p>&#8221;<em>Elegy  For Thelonious<\/em>&#8221; tarjoaa rehev\u00e4n v\u00e4rik\u00e4st\u00e4, intensiivist\u00e4 ja innostavaa big band -musiikkia, joka parhaimman jazzin lailla on yht\u00e4 aikaa sek\u00e4 ajan hermolla ett\u00e4 lujasti kiinni perinteen maaper\u00e4ss\u00e4. <\/p>\n\n\n\n<p><strong>Frank Carlberg Large  Ensemble<\/strong>: Elegy  For Thelonious (Sunnyside Recods, 2024)<br><em>Frank Carlberg, s\u00e4velt\u00e4j\u00e4, orkesterinjohto, Sam Hoyt, John. Carlson, David Adewumi, Kirk Knuffke, trumpetti, flyygelitorvi Brian Drye, Chris Washburne, Tyler Bonilla, Max Seigel, pasuuna, Nathan Reising, Jeremy Udden, Adam Kolker, Hery Paz, Andrew Hadro, puupuhaltimet, huilut, Leo Genovese, piano, koskettimet, Kim Cass, basso, Michael Sarin, rummut, Christine Correa, Priya Carlberg, laulu<\/em><\/p>\n\n\n\n<figure class=\"wp-block-gallery has-nested-images columns-default is-cropped wp-block-gallery-3 is-layout-flex wp-block-gallery-is-layout-flex\">\n<figure class=\"wp-block-image size-large is-style-default\"><a href=\"https:\/\/i0.wp.com\/www.valonkuvia.fi\/blogi\/wp-content\/uploads\/2024\/01\/Elegy-for-Thelonious_KANSI.jpg?ssl=1\"><img data-recalc-dims=\"1\" loading=\"lazy\" decoding=\"async\" width=\"852\" height=\"774\" data-id=\"25229\" src=\"https:\/\/i0.wp.com\/www.valonkuvia.fi\/blogi\/wp-content\/uploads\/2024\/01\/Elegy-for-Thelonious_KANSI.jpg?resize=852%2C774&#038;ssl=1\" alt=\"\" class=\"wp-image-25229\" srcset=\"https:\/\/i0.wp.com\/www.valonkuvia.fi\/blogi\/wp-content\/uploads\/2024\/01\/Elegy-for-Thelonious_KANSI.jpg?resize=852%2C774&amp;ssl=1 852w, https:\/\/i0.wp.com\/www.valonkuvia.fi\/blogi\/wp-content\/uploads\/2024\/01\/Elegy-for-Thelonious_KANSI.jpg?resize=426%2C387&amp;ssl=1 426w, https:\/\/i0.wp.com\/www.valonkuvia.fi\/blogi\/wp-content\/uploads\/2024\/01\/Elegy-for-Thelonious_KANSI.jpg?resize=768%2C697&amp;ssl=1 768w, https:\/\/i0.wp.com\/www.valonkuvia.fi\/blogi\/wp-content\/uploads\/2024\/01\/Elegy-for-Thelonious_KANSI.jpg?resize=1536%2C1395&amp;ssl=1 1536w, https:\/\/i0.wp.com\/www.valonkuvia.fi\/blogi\/wp-content\/uploads\/2024\/01\/Elegy-for-Thelonious_KANSI.jpg?w=1632&amp;ssl=1 1632w\" sizes=\"auto, (max-width: 852px) 100vw, 852px\" \/><\/a><\/figure>\n<\/figure>\n\n\n\n<p class=\"has-text-align-center\">Molemmat levyt kuuluvat \u201c<em>Vuoden valinnat 2024<\/em>\u201d -listalle. <br>Lue lis\u00e4\u00e4 t\u00e4\u00e4lt\u00e4:\u00a0<a href=\"https:\/\/docs.google.com\/document\/d\/164fOSEY53E2ICehK1jmBCqyv54Y2t8vmFQ5HsbQ3TiQ\/edit?usp=sharing\">Vuoden valinnat 2024<\/a>.<\/p>\n","protected":false},"excerpt":{"rendered":"<p>Ruotsalainen saksofonisti ja s\u00e4velt\u00e4j\u00e4 Fredrik Nordstr\u00f6m t\u00e4ytt\u00e4\u00e4 t\u00e4n\u00e4 vuonna 50 vuotta ja julkaisee juhlavuoden kunniaksi levytyssarjan, jonka avaa Nordstr\u00f6min uran ensimm\u00e4inen big band -albumi. S\u00e4velt\u00e4j\u00e4 valitsi levylle yhdeks\u00e4n aiemmin julkaisematonta s\u00e4vellyst\u00e4. Niit\u00e4 tulkitsee joukko Ruotsin eturivin muusikoita. jotka purkittivat kaiken entisajan malliin tiiviiss\u00e4 p\u00e4iv\u00e4n kest\u00e4neess\u00e4 levytyssessiossa kes\u00e4kuussa 2022. &#8221;Big Band Stories&#8221; puhuu s\u00e4vellyksill\u00e4\u00e4n nykyajan isoille [&hellip;]<\/p>\n","protected":false},"author":1,"featured_media":25228,"comment_status":"open","ping_status":"open","sticky":false,"template":"","format":"standard","meta":{"ngg_post_thumbnail":0,"_jetpack_memberships_contains_paid_content":false,"footnotes":"","jetpack_publicize_message":"","jetpack_publicize_feature_enabled":true,"jetpack_social_post_already_shared":true,"jetpack_social_options":{"image_generator_settings":{"template":"highway","default_image_id":0,"font":"","enabled":false},"version":2}},"categories":[3],"tags":[20,386,1106,13,627,18,64],"class_list":["post-25226","post","type-post","status-publish","format-standard","has-post-thumbnail","hentry","category-jazz","tag-amerikkalainen-jazz","tag-big-band","tag-frank-carlberg","tag-jazzlevyt-2","tag-runot","tag-suomalainen-jazz","tag-thelonious-monk"],"jetpack_publicize_connections":[],"jetpack_featured_media_url":"https:\/\/i0.wp.com\/www.valonkuvia.fi\/blogi\/wp-content\/uploads\/2024\/01\/Frank-Carlberg_07_Kuva-Christopher-Drukker-scaled.jpg?fit=2560%2C1707&ssl=1","jetpack_likes_enabled":false,"jetpack_sharing_enabled":true,"_links":{"self":[{"href":"https:\/\/www.valonkuvia.fi\/blogi\/wp-json\/wp\/v2\/posts\/25226","targetHints":{"allow":["GET"]}}],"collection":[{"href":"https:\/\/www.valonkuvia.fi\/blogi\/wp-json\/wp\/v2\/posts"}],"about":[{"href":"https:\/\/www.valonkuvia.fi\/blogi\/wp-json\/wp\/v2\/types\/post"}],"author":[{"embeddable":true,"href":"https:\/\/www.valonkuvia.fi\/blogi\/wp-json\/wp\/v2\/users\/1"}],"replies":[{"embeddable":true,"href":"https:\/\/www.valonkuvia.fi\/blogi\/wp-json\/wp\/v2\/comments?post=25226"}],"version-history":[{"count":11,"href":"https:\/\/www.valonkuvia.fi\/blogi\/wp-json\/wp\/v2\/posts\/25226\/revisions"}],"predecessor-version":[{"id":25306,"href":"https:\/\/www.valonkuvia.fi\/blogi\/wp-json\/wp\/v2\/posts\/25226\/revisions\/25306"}],"wp:featuredmedia":[{"embeddable":true,"href":"https:\/\/www.valonkuvia.fi\/blogi\/wp-json\/wp\/v2\/media\/25228"}],"wp:attachment":[{"href":"https:\/\/www.valonkuvia.fi\/blogi\/wp-json\/wp\/v2\/media?parent=25226"}],"wp:term":[{"taxonomy":"category","embeddable":true,"href":"https:\/\/www.valonkuvia.fi\/blogi\/wp-json\/wp\/v2\/categories?post=25226"},{"taxonomy":"post_tag","embeddable":true,"href":"https:\/\/www.valonkuvia.fi\/blogi\/wp-json\/wp\/v2\/tags?post=25226"}],"curies":[{"name":"wp","href":"https:\/\/api.w.org\/{rel}","templated":true}]}}