{"id":25319,"date":"2024-03-13T20:20:06","date_gmt":"2024-03-13T18:20:06","guid":{"rendered":"https:\/\/www.valonkuvia.fi\/blogi\/?p=25319"},"modified":"2024-03-15T15:01:28","modified_gmt":"2024-03-15T13:01:28","slug":"joakim-berghall-adele-sauros-runoja-rauhalle","status":"publish","type":"post","link":"https:\/\/www.valonkuvia.fi\/blogi\/joakim-berghall-adele-sauros-runoja-rauhalle\/","title":{"rendered":"Joakim Bergh\u00e4ll &#038; Adele Sauros: Runoja rauhalle &#8211; Poems for Peace (Boulder Music, 2024)"},"content":{"rendered":"\n<figure class=\"wp-block-image alignwide size-large is-style-default\"><img data-recalc-dims=\"1\" loading=\"lazy\" decoding=\"async\" width=\"852\" height=\"426\" src=\"https:\/\/i0.wp.com\/www.valonkuvia.fi\/blogi\/wp-content\/uploads\/2024\/03\/adele-sauros-berghall.jpg?resize=852%2C426&#038;ssl=1\" alt=\"\" class=\"wp-image-25330\" srcset=\"https:\/\/i0.wp.com\/www.valonkuvia.fi\/blogi\/wp-content\/uploads\/2024\/03\/adele-sauros-berghall.jpg?resize=852%2C426&amp;ssl=1 852w, https:\/\/i0.wp.com\/www.valonkuvia.fi\/blogi\/wp-content\/uploads\/2024\/03\/adele-sauros-berghall.jpg?resize=426%2C213&amp;ssl=1 426w, https:\/\/i0.wp.com\/www.valonkuvia.fi\/blogi\/wp-content\/uploads\/2024\/03\/adele-sauros-berghall.jpg?resize=768%2C384&amp;ssl=1 768w, https:\/\/i0.wp.com\/www.valonkuvia.fi\/blogi\/wp-content\/uploads\/2024\/03\/adele-sauros-berghall.jpg?resize=1536%2C768&amp;ssl=1 1536w, https:\/\/i0.wp.com\/www.valonkuvia.fi\/blogi\/wp-content\/uploads\/2024\/03\/adele-sauros-berghall.jpg?w=2000&amp;ssl=1 2000w\" sizes=\"auto, (max-width: 852px) 100vw, 852px\" \/><figcaption class=\"wp-element-caption\">Adele Sauros, Helsinki 2023 &amp; Joakim Bergh\u00e4ll, Tornio 2019<\/figcaption><\/figure>\n\n\n\n<p>Rauha on suuri ja kaikkea muuta kuin yksinkertainen sana. Tarvitsee vain hetken mietti\u00e4 tilannetta Ukrainassa, kun huomaa, ett\u00e4 pelkk\u00e4 taistelujen loppuminen ei viel\u00e4 merkitse rauhaa, jos olosuhteet eiv\u00e4t muuten ole oikeudenmukaiset. Puhumattakaan siit\u00e4 yli sadan vuoden aikana tiukalle vedetyst\u00e4 umpisolmusta, johon israelilaisten ja palestiinalaisten v\u00e4liset suhteet on kiristyneet.<\/p>\n\n\n\n<p>Kun t\u00e4ss\u00e4 sotien maailmassa militaristinen ajattelu k\u00e4y yh\u00e4 normaalimmaksi, tuntuu <strong>Joakim Bergh\u00e4llin<\/strong> ja <strong>Adele Sauroksen<\/strong> vasta ilmestynyt duolevy &#8221;<em>Runoja rauhalle &#8211; Poems for Peace<\/em>&#8221; rohkealta puheenvuorolta. Vahva levy on syntynyt mielenkiintoisen prosessin kautta. Levy sai alkunsa, kun Bergh\u00e4ll luki maailman eri kriisialueilla el\u00e4vien kirjailijoiden runoja, joiden pohjalta h\u00e4n improvisoi pari tuntia musiikkia. N\u00e4ist\u00e4 improvisaatioista Bergh\u00e4ll pelkisti kuusi s\u00e4vellyst\u00e4, jotka Bergh\u00e4ll ja Sauros levyttiv\u00e4t Kampin kappelissa ja syntyi reilun puolen tunnin mittainen albumi.<\/p>\n\n\n\n<p>Prosessissa runoilijoiden ajatukset rauhasta tiivistyiv\u00e4t kansanmusiikin tapaan paljaaksi ja suoraksi saksofonimusiikiksi. Baritonisaksofonia ja kahdella raidalla my\u00f6s selloa soittava Begh\u00e4ll rakentaa musiikille vahvan maaper\u00e4n, jonka yll\u00e4 Sauroksen saksofonit liitelev\u00e4t vapaasti ja melodisesti. Vaikka useimmat meist\u00e4 varmasti kokevat sek\u00e4 toivottomuutta ett\u00e4 vihaa maailman sotia ajatellessaan, v\u00e4ltt\u00e4\u00e4 Bergh\u00e4llin ja Sauroksen musiikki vihan ja ep\u00e4toivon ilmauksia. P\u00e4invastoin levollisen harkitut duetot suorastaan s\u00e4teilev\u00e4t inhimillist\u00e4 l\u00e4mp\u00f6\u00e4 ja lohdullista  toiveikkuuden valoa. <\/p>\n\n\n\n<p><strong>Joakim Bergh\u00e4ll &amp; Adele Sauros<\/strong>: Runoja rauhalle &#8211; Poems for Peace (Boulder Music, 2024)<br><em>Joakim Bergh\u00e4ll, baritonisaksofoni, sello, Adele Sauros, tenori- ja sopraanosaksofoni<\/em><\/p>\n\n\n\n<figure class=\"wp-block-image aligncenter size-medium is-style-default\"><img data-recalc-dims=\"1\" loading=\"lazy\" decoding=\"async\" width=\"426\" height=\"371\" src=\"https:\/\/i0.wp.com\/www.valonkuvia.fi\/blogi\/wp-content\/uploads\/2024\/03\/Runoja-rauhalle-1.png?resize=426%2C371&#038;ssl=1\" alt=\"\" class=\"wp-image-25321\" srcset=\"https:\/\/i0.wp.com\/www.valonkuvia.fi\/blogi\/wp-content\/uploads\/2024\/03\/Runoja-rauhalle-1.png?resize=426%2C371&amp;ssl=1 426w, https:\/\/i0.wp.com\/www.valonkuvia.fi\/blogi\/wp-content\/uploads\/2024\/03\/Runoja-rauhalle-1.png?resize=852%2C743&amp;ssl=1 852w, https:\/\/i0.wp.com\/www.valonkuvia.fi\/blogi\/wp-content\/uploads\/2024\/03\/Runoja-rauhalle-1.png?resize=768%2C670&amp;ssl=1 768w, https:\/\/i0.wp.com\/www.valonkuvia.fi\/blogi\/wp-content\/uploads\/2024\/03\/Runoja-rauhalle-1.png?w=1360&amp;ssl=1 1360w\" sizes=\"auto, (max-width: 426px) 100vw, 426px\" \/><\/figure>\n\n\n\n<p class=\"has-text-align-center\">T\u00e4m\u00e4 kaunis musiikki kuuluu tietenkin Valon kuvia -blogin<br>\u201c<em>Vuoden valinnat 2024<\/em>\u201d -listalle.<br>Lue lis\u00e4\u00e4 t\u00e4\u00e4lt\u00e4:&nbsp;<a href=\"https:\/\/docs.google.com\/document\/d\/164fOSEY53E2ICehK1jmBCqyv54Y2t8vmFQ5HsbQ3TiQ\/edit?usp=sharing\">Vuoden valinnat 2024<\/a>.<\/p>\n","protected":false},"excerpt":{"rendered":"<p>Vaikka useimmat meist\u00e4 varmasti kokevat sek\u00e4 toivottomuutta ett\u00e4 vihaa maailman sotia ajatellessaan, v\u00e4ltt\u00e4\u00e4 Bergh\u00e4llin ja Sauroksen musiikki vihan ja ep\u00e4toivon ilmauksia. P\u00e4invastoin levollisen harkitut duetot tuntuvat suorastaan s\u00e4teilev\u00e4n inhimillist\u00e4 l\u00e4mp\u00f6\u00e4 ja lohdullista valoa. <\/p>\n","protected":false},"author":1,"featured_media":25330,"comment_status":"open","ping_status":"open","sticky":false,"template":"","format":"standard","meta":{"ngg_post_thumbnail":0,"_jetpack_memberships_contains_paid_content":false,"footnotes":"","jetpack_publicize_message":"","jetpack_publicize_feature_enabled":true,"jetpack_social_post_already_shared":true,"jetpack_social_options":{"image_generator_settings":{"template":"highway","default_image_id":0,"font":"","enabled":false},"version":2}},"categories":[3],"tags":[742,111,13,678,23,18],"class_list":["post-25319","post","type-post","status-publish","format-standard","has-post-thumbnail","hentry","category-jazz","tag-adele-sauros","tag-baritonisaksofoni","tag-jazzlevyt-2","tag-joakim-berghall","tag-saksofoni","tag-suomalainen-jazz"],"jetpack_publicize_connections":[],"jetpack_featured_media_url":"https:\/\/i0.wp.com\/www.valonkuvia.fi\/blogi\/wp-content\/uploads\/2024\/03\/adele-sauros-berghall.jpg?fit=2000%2C1000&ssl=1","jetpack_likes_enabled":false,"jetpack_sharing_enabled":true,"_links":{"self":[{"href":"https:\/\/www.valonkuvia.fi\/blogi\/wp-json\/wp\/v2\/posts\/25319","targetHints":{"allow":["GET"]}}],"collection":[{"href":"https:\/\/www.valonkuvia.fi\/blogi\/wp-json\/wp\/v2\/posts"}],"about":[{"href":"https:\/\/www.valonkuvia.fi\/blogi\/wp-json\/wp\/v2\/types\/post"}],"author":[{"embeddable":true,"href":"https:\/\/www.valonkuvia.fi\/blogi\/wp-json\/wp\/v2\/users\/1"}],"replies":[{"embeddable":true,"href":"https:\/\/www.valonkuvia.fi\/blogi\/wp-json\/wp\/v2\/comments?post=25319"}],"version-history":[{"count":14,"href":"https:\/\/www.valonkuvia.fi\/blogi\/wp-json\/wp\/v2\/posts\/25319\/revisions"}],"predecessor-version":[{"id":25342,"href":"https:\/\/www.valonkuvia.fi\/blogi\/wp-json\/wp\/v2\/posts\/25319\/revisions\/25342"}],"wp:featuredmedia":[{"embeddable":true,"href":"https:\/\/www.valonkuvia.fi\/blogi\/wp-json\/wp\/v2\/media\/25330"}],"wp:attachment":[{"href":"https:\/\/www.valonkuvia.fi\/blogi\/wp-json\/wp\/v2\/media?parent=25319"}],"wp:term":[{"taxonomy":"category","embeddable":true,"href":"https:\/\/www.valonkuvia.fi\/blogi\/wp-json\/wp\/v2\/categories?post=25319"},{"taxonomy":"post_tag","embeddable":true,"href":"https:\/\/www.valonkuvia.fi\/blogi\/wp-json\/wp\/v2\/tags?post=25319"}],"curies":[{"name":"wp","href":"https:\/\/api.w.org\/{rel}","templated":true}]}}