{"id":25387,"date":"2024-04-27T14:36:15","date_gmt":"2024-04-27T11:36:15","guid":{"rendered":"https:\/\/www.valonkuvia.fi\/blogi\/?p=25387"},"modified":"2024-04-27T14:38:23","modified_gmt":"2024-04-27T11:38:23","slug":"adam-forkelid-turning-point","status":"publish","type":"post","link":"https:\/\/www.valonkuvia.fi\/blogi\/adam-forkelid-turning-point\/","title":{"rendered":"Adam Forkelid: Turning Point (Prophone Records, 2024)"},"content":{"rendered":"\n<figure class=\"wp-block-image size-large is-style-default\"><img data-recalc-dims=\"1\" loading=\"lazy\" decoding=\"async\" width=\"844\" height=\"852\" src=\"https:\/\/i0.wp.com\/www.valonkuvia.fi\/blogi\/wp-content\/uploads\/2024\/04\/Album-cover-small.jpg?resize=844%2C852&#038;ssl=1\" alt=\"\" class=\"wp-image-25389\" srcset=\"https:\/\/i0.wp.com\/www.valonkuvia.fi\/blogi\/wp-content\/uploads\/2024\/04\/Album-cover-small.jpg?resize=844%2C852&amp;ssl=1 844w, https:\/\/i0.wp.com\/www.valonkuvia.fi\/blogi\/wp-content\/uploads\/2024\/04\/Album-cover-small.jpg?resize=422%2C426&amp;ssl=1 422w, https:\/\/i0.wp.com\/www.valonkuvia.fi\/blogi\/wp-content\/uploads\/2024\/04\/Album-cover-small.jpg?resize=150%2C150&amp;ssl=1 150w, https:\/\/i0.wp.com\/www.valonkuvia.fi\/blogi\/wp-content\/uploads\/2024\/04\/Album-cover-small.jpg?resize=768%2C775&amp;ssl=1 768w, https:\/\/i0.wp.com\/www.valonkuvia.fi\/blogi\/wp-content\/uploads\/2024\/04\/Album-cover-small.jpg?resize=120%2C120&amp;ssl=1 120w, https:\/\/i0.wp.com\/www.valonkuvia.fi\/blogi\/wp-content\/uploads\/2024\/04\/Album-cover-small.jpg?w=884&amp;ssl=1 884w\" sizes=\"auto, (max-width: 844px) 100vw, 844px\" \/><\/figure>\n\n\n\n<p>Parikymment\u00e4 vuotta ruotsalaisen jazzin eturiviss\u00e4 vaikuttanut pianisti <strong>Adam Forkelid<\/strong> (s.1979) on ilmeisesti p\u00e4\u00e4ssyt urallaan niin pitk\u00e4lle, ett\u00e4 h\u00e4nelle on tullut tarve tutkiskella el\u00e4m\u00e4ns\u00e4 k\u00e4\u00e4nnekohtia s\u00e4velt\u00e4ess\u00e4\u00e4n kappaleita uusimmalle albumilleen. S\u00e4vellysty\u00f6n ideana on nimitt\u00e4in ollut el\u00e4m\u00e4\u00e4n v\u00e4ist\u00e4m\u00e4tt\u00e4 kuuluvat k\u00e4\u00e4nnekohdat, jotka usein on mahdollista huomata vasta j\u00e4lkik\u00e4teen. <\/p>\n\n\n\n<p>Ehk\u00e4p\u00e4 t\u00e4m\u00e4 n\u00e4k\u00f6kulma tuo Forkelidin musiikkiin sen hieman surumielisen ja tarkkailevan s\u00e4vyn, joka nousee selvimmin esille levyn balladeissa, kuten herk\u00e4n melodinen &#8221;<em>Strive<\/em>&#8221; ja harrastunnelmainen &#8221;<em>The Old House<\/em>&#8221;. Mutta my\u00f6s rytmisesti latautuneempia kappaleita leimaa tietty pid\u00e4ttyvyys, albumia leimaa siis enemm\u00e4n tyyni pohdiskelu kuin vallaton irrottelu. N\u00e4ist\u00e4 kappaleista esimerkkein\u00e4 k\u00e4yv\u00e4t vaikkapa mutkikkaan teemaan j\u00e4lkeen vauhtiin p\u00e4\u00e4sev\u00e4 nimikappale ja kevyesti svengaava &#8221;<em>No Worries<\/em>&#8221;. Lis\u00e4ksi &#8221;<em>No Man\u00b4s Land<\/em>&#8221; tarjoaa Forkelidin pianon ja <strong>Carl M\u00f6rner Ringstr\u00f6min<\/strong> kitaran yhteispelist\u00e4 erityisen onnistuneen n\u00e4ytteen. Ringstr\u00f6min kirkkaasti ja kuulaasti soiva kitara ter\u00e4v\u00f6ityy paikoin, kun soundi ter\u00e4styy ripauksella s\u00e4hk\u00f6ist\u00e4 kirpeytt\u00e4.<\/p>\n\n\n\n<p>&#8221;<em>Turning Point<\/em>&#8221; on vahvasti Forkelidin levy, h\u00e4n vastaa kaikista s\u00e4vellyksist\u00e4 ja on kitaristi Ringstr\u00f6min rinnalla toinen p\u00e4\u00e4solisteista. Basisti <strong>Niklas Fernqvist<\/strong> ja rumpali <strong>Daniel Fredriksson<\/strong> t\u00e4ydent\u00e4v\u00e4t hienovaraisen vuorovaikutuksen varassa toimivan ja toisiaan tarkoin kuuntelevan kvartetin. Niin taitavaa ja vivahteikasta kvartetin musiikki onkin, j\u00e4\u00e4n lopulta kaipaamaan lis\u00e4annoksen draamaa ja kontrasteja. Siit\u00e4 huolimatta\u00a0&#8221;<em>Turning Point<\/em>&#8221; p\u00e4\u00e4see mukaan\u00a0&#8221;<a href=\"https:\/\/docs.google.com\/document\/d\/164fOSEY53E2ICehK1jmBCqyv54Y2t8vmFQ5HsbQ3TiQ\/edit?usp=sharing\" data-type=\"link\" data-id=\"https:\/\/docs.google.com\/document\/d\/164fOSEY53E2ICehK1jmBCqyv54Y2t8vmFQ5HsbQ3TiQ\/edit?usp=sharing\">Vuoden valinnat 2024<\/a>&#8221; -listalle.<\/p>\n\n\n\n<p><strong>Adam Forkelid<\/strong>: Turning Point (Prophone Records, 2024)<br><em>Adam Forkelid, piano, Carl M\u00f6rner Ringstr\u00f6m, kitara, Niklas Fernqvist, basso, Daniel Fredriksson, rummut<\/em><\/p>\n\n\n\n<h4 class=\"wp-block-heading\">Adam Forkelid 1st Movement &#8211; New Beginning<\/h4>\n\n\n\n<p>Videolla Adam Forkelidin yhtye soittaa musiikkia vuonna 2021 ilmestyneelt\u00e4 &#8221;<em>1st Movement<\/em>&#8221; -levylt\u00e4 (Prophone Records). Tallenne on Fasching-klubilla toukokuulta 2022.<\/p>\n\n\n\n<figure class=\"wp-block-embed aligncenter is-type-video is-provider-youtube wp-block-embed-youtube wp-embed-aspect-16-9 wp-has-aspect-ratio\"><div class=\"wp-block-embed__wrapper\">\n<iframe loading=\"lazy\" title=\"Adam Forkelid 1st Movement - New Beginning\" width=\"500\" height=\"281\" src=\"https:\/\/www.youtube.com\/embed\/GJ5hRMTSeCg?feature=oembed\" frameborder=\"0\" allow=\"accelerometer; autoplay; clipboard-write; encrypted-media; gyroscope; picture-in-picture; web-share\" referrerpolicy=\"strict-origin-when-cross-origin\" allowfullscreen><\/iframe>\n<\/div><\/figure>\n","protected":false},"excerpt":{"rendered":"<p>Parikymment\u00e4 vuotta ruotsalaisen jazzin eturiviss\u00e4 vaikuttanut pianisti Adam Forkelid (s.1979) on ilmeisesti p\u00e4\u00e4ssyt urallaan niin pitk\u00e4lle, ett\u00e4 h\u00e4nelle on tullut tarve tutkiskella el\u00e4m\u00e4ns\u00e4 k\u00e4\u00e4nnekohtia s\u00e4velt\u00e4ess\u00e4\u00e4n kappaleita uusimmalle albumilleen. S\u00e4vellysty\u00f6n ideana on nimitt\u00e4in ollut el\u00e4m\u00e4\u00e4n v\u00e4ist\u00e4m\u00e4tt\u00e4 kuuluvat k\u00e4\u00e4nnekohdat, jotka usein on mahdollista huomata vasta j\u00e4lkik\u00e4teen. Ehk\u00e4p\u00e4 t\u00e4m\u00e4 n\u00e4k\u00f6kulma tuo Forkelidin musiikkiin sen hieman surumielisen ja tarkkailevan [&hellip;]<\/p>\n","protected":false},"author":1,"featured_media":25389,"comment_status":"open","ping_status":"open","sticky":false,"template":"","format":"standard","meta":{"ngg_post_thumbnail":0,"_jetpack_memberships_contains_paid_content":false,"footnotes":"","jetpack_publicize_message":"","jetpack_publicize_feature_enabled":true,"jetpack_social_post_already_shared":true,"jetpack_social_options":{"image_generator_settings":{"template":"highway","default_image_id":0,"font":"","enabled":false},"version":2}},"categories":[3],"tags":[1114,13,41,14,59],"class_list":["post-25387","post","type-post","status-publish","format-standard","has-post-thumbnail","hentry","category-jazz","tag-adam-forkelid","tag-jazzlevyt-2","tag-piano","tag-ruotsalainen-jazz","tag-video"],"jetpack_publicize_connections":[],"jetpack_featured_media_url":"https:\/\/i0.wp.com\/www.valonkuvia.fi\/blogi\/wp-content\/uploads\/2024\/04\/Album-cover-small.jpg?fit=884%2C892&ssl=1","jetpack_likes_enabled":false,"jetpack_sharing_enabled":true,"_links":{"self":[{"href":"https:\/\/www.valonkuvia.fi\/blogi\/wp-json\/wp\/v2\/posts\/25387","targetHints":{"allow":["GET"]}}],"collection":[{"href":"https:\/\/www.valonkuvia.fi\/blogi\/wp-json\/wp\/v2\/posts"}],"about":[{"href":"https:\/\/www.valonkuvia.fi\/blogi\/wp-json\/wp\/v2\/types\/post"}],"author":[{"embeddable":true,"href":"https:\/\/www.valonkuvia.fi\/blogi\/wp-json\/wp\/v2\/users\/1"}],"replies":[{"embeddable":true,"href":"https:\/\/www.valonkuvia.fi\/blogi\/wp-json\/wp\/v2\/comments?post=25387"}],"version-history":[{"count":9,"href":"https:\/\/www.valonkuvia.fi\/blogi\/wp-json\/wp\/v2\/posts\/25387\/revisions"}],"predecessor-version":[{"id":25398,"href":"https:\/\/www.valonkuvia.fi\/blogi\/wp-json\/wp\/v2\/posts\/25387\/revisions\/25398"}],"wp:featuredmedia":[{"embeddable":true,"href":"https:\/\/www.valonkuvia.fi\/blogi\/wp-json\/wp\/v2\/media\/25389"}],"wp:attachment":[{"href":"https:\/\/www.valonkuvia.fi\/blogi\/wp-json\/wp\/v2\/media?parent=25387"}],"wp:term":[{"taxonomy":"category","embeddable":true,"href":"https:\/\/www.valonkuvia.fi\/blogi\/wp-json\/wp\/v2\/categories?post=25387"},{"taxonomy":"post_tag","embeddable":true,"href":"https:\/\/www.valonkuvia.fi\/blogi\/wp-json\/wp\/v2\/tags?post=25387"}],"curies":[{"name":"wp","href":"https:\/\/api.w.org\/{rel}","templated":true}]}}