{"id":25697,"date":"2024-06-15T21:59:40","date_gmt":"2024-06-15T18:59:40","guid":{"rendered":"https:\/\/www.valonkuvia.fi\/blogi\/?p=25697"},"modified":"2024-06-15T22:13:42","modified_gmt":"2024-06-15T19:13:42","slug":"ostrom-berglund-e-s-t-30","status":"publish","type":"post","link":"https:\/\/www.valonkuvia.fi\/blogi\/ostrom-berglund-e-s-t-30\/","title":{"rendered":"Magnus \u00d6str\u00f6m &amp; Dan Berglund: e.s.t. 30 (ACT, 2024)"},"content":{"rendered":"\n<figure class=\"wp-block-image size-large is-style-default\"><img data-recalc-dims=\"1\" loading=\"lazy\" decoding=\"async\" width=\"852\" height=\"567\" src=\"https:\/\/i0.wp.com\/www.valonkuvia.fi\/blogi\/wp-content\/uploads\/2024\/06\/e.s.t.-30_c-ACT_Vera-Marzinski_1.jpeg?resize=852%2C567&#038;ssl=1\" alt=\"\" class=\"wp-image-25699\" srcset=\"https:\/\/i0.wp.com\/www.valonkuvia.fi\/blogi\/wp-content\/uploads\/2024\/06\/e.s.t.-30_c-ACT_Vera-Marzinski_1.jpeg?resize=852%2C567&amp;ssl=1 852w, https:\/\/i0.wp.com\/www.valonkuvia.fi\/blogi\/wp-content\/uploads\/2024\/06\/e.s.t.-30_c-ACT_Vera-Marzinski_1.jpeg?resize=426%2C284&amp;ssl=1 426w, https:\/\/i0.wp.com\/www.valonkuvia.fi\/blogi\/wp-content\/uploads\/2024\/06\/e.s.t.-30_c-ACT_Vera-Marzinski_1.jpeg?resize=768%2C511&amp;ssl=1 768w, https:\/\/i0.wp.com\/www.valonkuvia.fi\/blogi\/wp-content\/uploads\/2024\/06\/e.s.t.-30_c-ACT_Vera-Marzinski_1.jpeg?w=1329&amp;ssl=1 1329w\" sizes=\"auto, (max-width: 852px) 100vw, 852px\" \/><figcaption class=\"wp-element-caption\">Magnus \u00d6str\u00f6m &amp; Dan Berglund &#8221;e.s.t. 30&#8221;. Kuva: Vera Marzinski<\/figcaption><\/figure>\n\n\n\n<p>Pianisti <strong>Esbj\u00f6rn Svensson<\/strong> perusti vuonna 1993 pianotrion yhdess\u00e4 lapsuudenyst\u00e4v\u00e4ns\u00e4 rumpali <strong>Magnus \u00d6str\u00f6min<\/strong> sek\u00e4 basisti <strong>Dan Berglundin<\/strong> kanssa. Jazzin, klassisen, kansanmusiikin, indierockin ja elektronisen musiikin elementtej\u00e4 yhdist\u00e4neest\u00e4 Esbj\u00f6rn Svensson Triosta tuli lopulta kansainv\u00e4lisesti menestynyt jazzilmi\u00f6, joka kollektiivisuuttaan korostaakseen lyhensi nimens\u00e4 muotoon e.s.t. Yhtyeen ura j\u00e4i kuitenkin kesken, kun sukeltamista harrastanut Svensson kuoli vuonna 2008 traagisesti hukkumisonnettomuudessa.<\/p>\n\n\n\n<p>Kun trion perustamisesta tuli viime vuonna kuluneeksi kolmekymment\u00e4 vuotta, juhlistivat \u00d6str\u00f6m ja Berglund merkkivuotta kokoamalla pohjoismaisen all stars -yhtyeen, jonka syksyll\u00e4 2023 K\u00f6lniss\u00e4 \u00e4\u00e4nitetyst\u00e4 konsertissa tallennettua materiaalia on nyt julkaistu levyllisen verran. Suomalaisia kiinnostavasti trumpetisti <strong>Verneri Pohjola<\/strong> oli mukana muuten ruotsalaisista muusikoista koostuneessa yhtyeess\u00e4, mik\u00e4 ei olekaan ihme, sill\u00e4 Pohjolan vakava ja v\u00e4lill\u00e4 jopa hauras trumpettisoundi sopii hienosti tulkitsemaan e.s.t.:n surumielisesti s\u00e4vyttyneit\u00e4 s\u00e4vellyksi\u00e4.<\/p>\n\n\n\n<p>Levylle on valittu kuusi kappaletta, jotka ovat per\u00e4isin albumeilta &#8221;<em>From Gagarin\u00b4s Point of View<\/em>&#8221; (1999), &#8221;<em>Seven Days of Falling<\/em>&#8221; (2003) ja &#8221;<em>Tuesday Wonderland<\/em>&#8221; (2006), keskeisi\u00e4 e.s.t.-levytyksi\u00e4 kaikki kolme. Levyn avaa pianotriona soitettu &#8221;<em>From Gagarin\u00b4s Point of View<\/em>&#8221;, jossa <strong>Joel Lyssaridesin<\/strong> piano helmeilee pelkistetyn kompin p\u00e4\u00e4ll\u00e4. Albumi jatkuu kvartettiversiolla kappaleesta &#8221;<em>Seven Days of Falling<\/em>&#8221;, jossa kitaristi <strong>Ulf Wakenius<\/strong> kohoaa p\u00e4\u00e4osaan kirkkaalla kitarallaan.  <\/p>\n\n\n\n<p>Puhaltajat p\u00e4\u00e4sev\u00e4t vihdoin \u00e4\u00e4neen levyn lopuilla kappaleilla, jotka tulkitaan koko sekstetin voimin. Puhaltajat p\u00e4\u00e4sev\u00e4t vihdoin \u00e4\u00e4neen levyn lopuilla kappaleilla, jotka tulkitaan koko yhtyeen voimin. &#8221;<em>Eighthundred Streets<\/em>&#8221; tarjoaa eniten tilaa Verneri Pohjolalle, jonka trumpetti soi j\u00e4lleen niin koskettavasti ja ilmeikk\u00e4\u00e4sti. My\u00f6s <strong>Magnus Lindgren<\/strong> on vakuuttava, ensin instrumentin ilmaisukeinoja vapautuneesti hy\u00f6dynt\u00e4v\u00e4n\u00e4 huilistina (&#8221;<em>Tuesday Wonderland<\/em>&#8221; ) ja sitten vihdoin tenorisaksofonillaan albumin haikealla p\u00e4\u00e4t\u00f6sballadilla (&#8221;<em>Believe, Beleft, Below<\/em>&#8221;).<\/p>\n\n\n\n<p>Keskittynyt ja kaunis &#8221;<em>e.s.t. 30<\/em>&#8221; on paljon enemm\u00e4n kuin pelkk\u00e4\u00e4 tasavuosien innoittamaa nostalgiaa. e.s.t.:n musiikki on olennainen osa pohjoismaisen jazzin parasta perinto\u00e4, joka kest\u00e4\u00e4 (ja ansaitsee) erilaisia uudelleentulkintoja.<\/p>\n\n\n\n<p><strong>Magnus \u00d6str\u00f6m &amp; Dan Berglund<\/strong>: e.s.t. 30 (ACT, 2024)<br><em>Magnus \u00d6str\u00f6m, rummut, Dan Berglund, basso, Magnus Lindgren, tenorisaksofoni, huilu, Joel Lyssarides, piano, Verneri Pohjola, trumpetti, Ulf Wakenius, kitara<\/em><\/p>\n\n\n\n<figure class=\"wp-block-image aligncenter size-medium is-resized is-style-default\"><img data-recalc-dims=\"1\" loading=\"lazy\" decoding=\"async\" width=\"426\" height=\"383\" src=\"https:\/\/i0.wp.com\/www.valonkuvia.fi\/blogi\/wp-content\/uploads\/2024\/06\/9987-2_Titel.jpg?resize=426%2C383&#038;ssl=1\" alt=\"\" class=\"wp-image-25700\" style=\"width:426px;height:auto\" srcset=\"https:\/\/i0.wp.com\/www.valonkuvia.fi\/blogi\/wp-content\/uploads\/2024\/06\/9987-2_Titel.jpg?resize=426%2C383&amp;ssl=1 426w, https:\/\/i0.wp.com\/www.valonkuvia.fi\/blogi\/wp-content\/uploads\/2024\/06\/9987-2_Titel.jpg?resize=852%2C767&amp;ssl=1 852w, https:\/\/i0.wp.com\/www.valonkuvia.fi\/blogi\/wp-content\/uploads\/2024\/06\/9987-2_Titel.jpg?resize=768%2C691&amp;ssl=1 768w, https:\/\/i0.wp.com\/www.valonkuvia.fi\/blogi\/wp-content\/uploads\/2024\/06\/9987-2_Titel.jpg?resize=1536%2C1382&amp;ssl=1 1536w, https:\/\/i0.wp.com\/www.valonkuvia.fi\/blogi\/wp-content\/uploads\/2024\/06\/9987-2_Titel.jpg?w=1647&amp;ssl=1 1647w\" sizes=\"auto, (max-width: 426px) 100vw, 426px\" \/><\/figure>\n\n\n\n<p class=\"has-text-align-center\">Lis\u00e4sin levyn Valon kuvia -blogin kuuntelusuositusten listalla:<br>\u201c<a href=\"https:\/\/docs.google.com\/document\/d\/164fOSEY53E2ICehK1jmBCqyv54Y2t8vmFQ5HsbQ3TiQ\/edit?usp=sharing\">Vuoden valinnat 2024<\/a>\u201d\u00a0<\/p>\n","protected":false},"excerpt":{"rendered":"<p>Pianisti Esbj\u00f6rn Svensson perusti vuonna 1993 pianotrion yhdess\u00e4 lapsuudenyst\u00e4v\u00e4ns\u00e4 rumpali Magnus \u00d6str\u00f6min sek\u00e4 basisti Dan Berglundin kanssa. Jazzin, klassisen, kansanmusiikin, indierockin ja elektronisen musiikin elementtej\u00e4 yhdist\u00e4neest\u00e4 Esbj\u00f6rn Svensson Triosta tuli lopulta kansainv\u00e4lisesti menestynyt jazzilmi\u00f6, joka kollektiivisuuttaan korostaakseen lyhensi nimens\u00e4 muotoon e.s.t. Yhtyeen ura j\u00e4i kuitenkin kesken, kun sukeltamista harrastanut Svensson kuoli vuonna 2008 traagisesti hukkumisonnettomuudessa. [&hellip;]<\/p>\n","protected":false},"author":1,"featured_media":25699,"comment_status":"open","ping_status":"open","sticky":false,"template":"","format":"standard","meta":{"ngg_post_thumbnail":0,"_jetpack_memberships_contains_paid_content":false,"footnotes":"","jetpack_publicize_message":"","jetpack_publicize_feature_enabled":true,"jetpack_social_post_already_shared":true,"jetpack_social_options":{"image_generator_settings":{"template":"highway","default_image_id":0,"font":"","enabled":false},"version":2}},"categories":[3],"tags":[1128,80,13,564,1126,768,14,1127,330],"class_list":["post-25697","post","type-post","status-publish","format-standard","has-post-thumbnail","hentry","category-jazz","tag-e-s-t","tag-eurooppalainen-jazz","tag-jazzlevyt-2","tag-joel-lyssarides","tag-magnus-lindgren","tag-magnus-ostrom","tag-ruotsalainen-jazz","tag-ulf-wakenius","tag-verneri-pohjola"],"jetpack_publicize_connections":[],"jetpack_featured_media_url":"https:\/\/i0.wp.com\/www.valonkuvia.fi\/blogi\/wp-content\/uploads\/2024\/06\/e.s.t.-30_c-ACT_Vera-Marzinski_1.jpeg?fit=1329%2C885&ssl=1","jetpack_likes_enabled":false,"jetpack_sharing_enabled":true,"_links":{"self":[{"href":"https:\/\/www.valonkuvia.fi\/blogi\/wp-json\/wp\/v2\/posts\/25697","targetHints":{"allow":["GET"]}}],"collection":[{"href":"https:\/\/www.valonkuvia.fi\/blogi\/wp-json\/wp\/v2\/posts"}],"about":[{"href":"https:\/\/www.valonkuvia.fi\/blogi\/wp-json\/wp\/v2\/types\/post"}],"author":[{"embeddable":true,"href":"https:\/\/www.valonkuvia.fi\/blogi\/wp-json\/wp\/v2\/users\/1"}],"replies":[{"embeddable":true,"href":"https:\/\/www.valonkuvia.fi\/blogi\/wp-json\/wp\/v2\/comments?post=25697"}],"version-history":[{"count":9,"href":"https:\/\/www.valonkuvia.fi\/blogi\/wp-json\/wp\/v2\/posts\/25697\/revisions"}],"predecessor-version":[{"id":25708,"href":"https:\/\/www.valonkuvia.fi\/blogi\/wp-json\/wp\/v2\/posts\/25697\/revisions\/25708"}],"wp:featuredmedia":[{"embeddable":true,"href":"https:\/\/www.valonkuvia.fi\/blogi\/wp-json\/wp\/v2\/media\/25699"}],"wp:attachment":[{"href":"https:\/\/www.valonkuvia.fi\/blogi\/wp-json\/wp\/v2\/media?parent=25697"}],"wp:term":[{"taxonomy":"category","embeddable":true,"href":"https:\/\/www.valonkuvia.fi\/blogi\/wp-json\/wp\/v2\/categories?post=25697"},{"taxonomy":"post_tag","embeddable":true,"href":"https:\/\/www.valonkuvia.fi\/blogi\/wp-json\/wp\/v2\/tags?post=25697"}],"curies":[{"name":"wp","href":"https:\/\/api.w.org\/{rel}","templated":true}]}}