{"id":25729,"date":"2024-06-25T23:33:50","date_gmt":"2024-06-25T20:33:50","guid":{"rendered":"https:\/\/www.valonkuvia.fi\/blogi\/?p=25729"},"modified":"2024-06-25T23:47:34","modified_gmt":"2024-06-25T20:47:34","slug":"stanko-september-night","status":"publish","type":"post","link":"https:\/\/www.valonkuvia.fi\/blogi\/stanko-september-night\/","title":{"rendered":"Tomasz Sta\u0144ko Quartet: September Night (ECM, 2024)"},"content":{"rendered":"\n<figure class=\"wp-block-image size-large is-style-default\"><img data-recalc-dims=\"1\" loading=\"lazy\" decoding=\"async\" width=\"852\" height=\"568\" src=\"https:\/\/i0.wp.com\/www.valonkuvia.fi\/blogi\/wp-content\/uploads\/2018\/07\/stanko.jpg?resize=852%2C568&#038;ssl=1\" alt=\"\" class=\"wp-image-12671\" srcset=\"https:\/\/i0.wp.com\/www.valonkuvia.fi\/blogi\/wp-content\/uploads\/2018\/07\/stanko.jpg?resize=852%2C568&amp;ssl=1 852w, https:\/\/i0.wp.com\/www.valonkuvia.fi\/blogi\/wp-content\/uploads\/2018\/07\/stanko.jpg?resize=426%2C284&amp;ssl=1 426w, https:\/\/i0.wp.com\/www.valonkuvia.fi\/blogi\/wp-content\/uploads\/2018\/07\/stanko.jpg?resize=768%2C512&amp;ssl=1 768w, https:\/\/i0.wp.com\/www.valonkuvia.fi\/blogi\/wp-content\/uploads\/2018\/07\/stanko.jpg?resize=600%2C400&amp;ssl=1 600w, https:\/\/i0.wp.com\/www.valonkuvia.fi\/blogi\/wp-content\/uploads\/2018\/07\/stanko.jpg?w=1200&amp;ssl=1 1200w\" sizes=\"auto, (max-width: 852px) 100vw, 852px\" \/><figcaption class=\"wp-element-caption\">Sta\u0144ko soitti Haaparannalla vuonna 2005 Norrbotten Big Bandin kanssa, taustalla h\u00e4\u00e4m\u00f6tt\u00e4\u00e4 toinen hieno trumpetisti Tim Hagans, NBB:n silloinen kapellimestari. <\/figcaption><\/figure>\n\n\n\n<p>\u201d<em>September Night<\/em>\u201d tallennettiin konsertissa syyskuussa 2004 M\u00fcncheniss\u00e4. Puolalainen trumpetisti <strong>Tomasz Sta\u0144ko<\/strong> (1942-2018) soittaa levyll\u00e4 niin sanotun puolalaisen kvartettinsa kanssa. Yhtyeenjohtajaa huomattavasti nuoremmat muusikot olivat soittaneet Sta\u0144kon kanssa l\u00e4hes teinipoikina jo 1990-luvun alkupuolella, mutta ensimm\u00e4inen yhteinen albumi \u201d<em>Soul of Things<\/em>\u201d (ECM) levytettiin vasta vuonna 2001.<\/p>\n\n\n\n<p>Vaikka Sta\u0144ko jatkoi kvartetin kanssa esiintymist\u00e4 aina vuoteen 2017 asti, siis l\u00e4hes el\u00e4m\u00e4ns\u00e4 loppuun saakka, julkaisi kvartetti aikanaan vain kolme albumia, edell\u00e4 mainitun esikoislevyn lis\u00e4ksi \u201d<em>Suspended Nights<\/em>\u201d ja \u201d<em>Lontano<\/em>\u201d (ECM, 2004, 2006). Niinp\u00e4 \u201d<em>Suspended Night<\/em>s\u201d -levyn materiaalia ja vanhempia kappaleita yhdistelev\u00e4 tunnin mittainen konserttialbumi on tervetullut lis\u00e4ys Sta\u0144kon diskografiaan.<\/p>\n\n\n\n<figure class=\"wp-block-image size-large is-style-default\"><img data-recalc-dims=\"1\" loading=\"lazy\" decoding=\"async\" width=\"852\" height=\"479\" src=\"https:\/\/i0.wp.com\/www.valonkuvia.fi\/blogi\/wp-content\/uploads\/2024\/06\/stanko-wasilevski1.jpg?resize=852%2C479&#038;ssl=1\" alt=\"\" class=\"wp-image-25731\" srcset=\"https:\/\/i0.wp.com\/www.valonkuvia.fi\/blogi\/wp-content\/uploads\/2024\/06\/stanko-wasilevski1.jpg?resize=852%2C479&amp;ssl=1 852w, https:\/\/i0.wp.com\/www.valonkuvia.fi\/blogi\/wp-content\/uploads\/2024\/06\/stanko-wasilevski1.jpg?resize=426%2C240&amp;ssl=1 426w, https:\/\/i0.wp.com\/www.valonkuvia.fi\/blogi\/wp-content\/uploads\/2024\/06\/stanko-wasilevski1.jpg?resize=768%2C432&amp;ssl=1 768w, https:\/\/i0.wp.com\/www.valonkuvia.fi\/blogi\/wp-content\/uploads\/2024\/06\/stanko-wasilevski1.jpg?w=1200&amp;ssl=1 1200w\" sizes=\"auto, (max-width: 852px) 100vw, 852px\" \/><figcaption class=\"wp-element-caption\">My\u00f6s <em>Marcin Wasilewski<\/em> oli mukana Haaparannalla 2005.<\/figcaption><\/figure>\n\n\n\n<p>Kaksikymment\u00e4 vuotta sitten M\u00fcnchenin syyskuun illassa on soittanut aivat  huippukuntoinen kvartetti. Albumi on suorastaan loistelias esimerkki akustisen jazzyhtyeen dynamiikasta ja herkk\u00e4vireisest\u00e4 kommunikaatiosta. Vaikka kyse on Sta\u0144kon johtamasta yhtyeest\u00e4, Sta\u0144kon musiikista ja Sta\u0144kon levyst\u00e4, ei nuorten muusikoiden trio, pianisti <strong>Marcin Wasilewski<\/strong> etunen\u00e4ss\u00e4, j\u00e4\u00e4 miss\u00e4\u00e4n vaiheessa pelk\u00e4n s\u00e4est\u00e4j\u00e4n rooliin, kun trumpetistin ja trion yhteispeli luon alati el\u00e4v\u00e4\u00e4, musiikki tuntuu lent\u00e4v\u00e4n ja liikkuvan aivan vapaana virtauksena. <\/p>\n\n\n\n<figure class=\"wp-block-image size-large is-style-default\"><img data-recalc-dims=\"1\" loading=\"lazy\" decoding=\"async\" width=\"852\" height=\"479\" src=\"https:\/\/i0.wp.com\/www.valonkuvia.fi\/blogi\/wp-content\/uploads\/2024\/06\/stanko-wasilevski2.jpg?resize=852%2C479&#038;ssl=1\" alt=\"\" class=\"wp-image-25732\" srcset=\"https:\/\/i0.wp.com\/www.valonkuvia.fi\/blogi\/wp-content\/uploads\/2024\/06\/stanko-wasilevski2.jpg?resize=852%2C479&amp;ssl=1 852w, https:\/\/i0.wp.com\/www.valonkuvia.fi\/blogi\/wp-content\/uploads\/2024\/06\/stanko-wasilevski2.jpg?resize=426%2C240&amp;ssl=1 426w, https:\/\/i0.wp.com\/www.valonkuvia.fi\/blogi\/wp-content\/uploads\/2024\/06\/stanko-wasilevski2.jpg?resize=768%2C432&amp;ssl=1 768w, https:\/\/i0.wp.com\/www.valonkuvia.fi\/blogi\/wp-content\/uploads\/2024\/06\/stanko-wasilevski2.jpg?w=1200&amp;ssl=1 1200w\" sizes=\"auto, (max-width: 852px) 100vw, 852px\" \/><figcaption class=\"wp-element-caption\">Marcin Wasilewski<\/figcaption><\/figure>\n\n\n\n<p>Sta\u0144kon trumpetti soi tuttuun tapaansa inhimillisen\u00e4 voiman ja haurauden, kirpe\u00e4n surumielisyyden ja el\u00e4m\u00e4nhalun tunnistettavana ja omaper\u00e4isen\u00e4 yhdistelm\u00e4n\u00e4. Vaikka \u201d<em>September Night<\/em>\u201d ei tarjoa varsinaisesti mit\u00e4\u00e4n aivan uutta Sta\u0144kon musiikkia tunteville, on kvartetin studiossa \u00e4\u00e4nitettyjen albumeilta tuttu lyyrisyys saanut konsertissa lis\u00e4annoksen energiaa ja intensiteetti\u00e4. N\u00e4in \u201d<em>September Night<\/em>\u201d nousee aivan Sta\u0144kon parhaiden levyjen joukkoon eli eip\u00e4 t\u00e4st\u00e4 jazz en\u00e4\u00e4 paljoa parane!<\/p>\n\n\n\n<p><strong>Tomasz Sta\u0144ko Quartet<\/strong>: September Nights (ECM, 2024)<br><em>Tomasz Sta\u0144ko, trumpetti, Marcin Wasilewski, piano, Slawomir Kurkiewicz, basso, Michal Miskiewicz, rummut<\/em><\/p>\n\n\n\n<figure class=\"wp-block-image aligncenter size-medium is-style-default\"><img data-recalc-dims=\"1\" loading=\"lazy\" decoding=\"async\" width=\"426\" height=\"426\" src=\"https:\/\/i0.wp.com\/www.valonkuvia.fi\/blogi\/wp-content\/uploads\/2024\/06\/stanko-september-night.webp?resize=426%2C426&#038;ssl=1\" alt=\"\" class=\"wp-image-25734\" srcset=\"https:\/\/i0.wp.com\/www.valonkuvia.fi\/blogi\/wp-content\/uploads\/2024\/06\/stanko-september-night.webp?resize=426%2C426&amp;ssl=1 426w, https:\/\/i0.wp.com\/www.valonkuvia.fi\/blogi\/wp-content\/uploads\/2024\/06\/stanko-september-night.webp?resize=852%2C852&amp;ssl=1 852w, https:\/\/i0.wp.com\/www.valonkuvia.fi\/blogi\/wp-content\/uploads\/2024\/06\/stanko-september-night.webp?resize=150%2C150&amp;ssl=1 150w, https:\/\/i0.wp.com\/www.valonkuvia.fi\/blogi\/wp-content\/uploads\/2024\/06\/stanko-september-night.webp?resize=768%2C768&amp;ssl=1 768w, https:\/\/i0.wp.com\/www.valonkuvia.fi\/blogi\/wp-content\/uploads\/2024\/06\/stanko-september-night.webp?resize=400%2C400&amp;ssl=1 400w, https:\/\/i0.wp.com\/www.valonkuvia.fi\/blogi\/wp-content\/uploads\/2024\/06\/stanko-september-night.webp?resize=120%2C120&amp;ssl=1 120w, https:\/\/i0.wp.com\/www.valonkuvia.fi\/blogi\/wp-content\/uploads\/2024\/06\/stanko-september-night.webp?w=1000&amp;ssl=1 1000w\" sizes=\"auto, (max-width: 426px) 100vw, 426px\" \/><\/figure>\n\n\n\n<p class=\"has-text-align-center\">&nbsp;\u201d<em>September Night<\/em>\u201d kuuluu tietenkin blogin kuuntelusuositusten listalle:<br>\u201c<a href=\"https:\/\/docs.google.com\/document\/d\/164fOSEY53E2ICehK1jmBCqyv54Y2t8vmFQ5HsbQ3TiQ\/edit?usp=sharing\">Vuoden valinnat 2024<\/a>\u201d&nbsp;<\/p>\n","protected":false},"excerpt":{"rendered":"<p>\u201dSeptember Night\u201d tallennettiin konsertissa syyskuussa 2004 M\u00fcncheniss\u00e4. Puolalainen trumpetisti Tomasz Sta\u0144ko (1942-2018) soittaa levyll\u00e4 niin sanotun puolalaisen kvartettinsa kanssa. Yhtyeenjohtajaa huomattavasti nuoremmat muusikot olivat soittaneet Sta\u0144kon kanssa l\u00e4hes teinipoikina jo 1990-luvun alkupuolella, mutta ensimm\u00e4inen yhteinen albumi \u201dSoul of Things\u201d (ECM) levytettiin vasta vuonna 2001. Vaikka Sta\u0144ko jatkoi kvartetin kanssa esiintymist\u00e4 aina vuoteen 2017 asti, siis [&hellip;]<\/p>\n","protected":false},"author":1,"featured_media":25731,"comment_status":"open","ping_status":"open","sticky":false,"template":"","format":"standard","meta":{"ngg_post_thumbnail":0,"_jetpack_memberships_contains_paid_content":false,"footnotes":"","jetpack_publicize_message":"","jetpack_publicize_feature_enabled":true,"jetpack_social_post_already_shared":true,"jetpack_social_options":{"image_generator_settings":{"template":"highway","default_image_id":0,"font":"","enabled":false},"version":2}},"categories":[3],"tags":[97,80,689,153,42],"class_list":["post-25729","post","type-post","status-publish","format-standard","has-post-thumbnail","hentry","category-jazz","tag-ecm","tag-eurooppalainen-jazz","tag-livelevy","tag-tomasz-stanko","tag-trumpetti"],"jetpack_publicize_connections":[],"jetpack_featured_media_url":"https:\/\/i0.wp.com\/www.valonkuvia.fi\/blogi\/wp-content\/uploads\/2024\/06\/stanko-wasilevski1.jpg?fit=1200%2C675&ssl=1","jetpack_likes_enabled":false,"jetpack_sharing_enabled":true,"_links":{"self":[{"href":"https:\/\/www.valonkuvia.fi\/blogi\/wp-json\/wp\/v2\/posts\/25729","targetHints":{"allow":["GET"]}}],"collection":[{"href":"https:\/\/www.valonkuvia.fi\/blogi\/wp-json\/wp\/v2\/posts"}],"about":[{"href":"https:\/\/www.valonkuvia.fi\/blogi\/wp-json\/wp\/v2\/types\/post"}],"author":[{"embeddable":true,"href":"https:\/\/www.valonkuvia.fi\/blogi\/wp-json\/wp\/v2\/users\/1"}],"replies":[{"embeddable":true,"href":"https:\/\/www.valonkuvia.fi\/blogi\/wp-json\/wp\/v2\/comments?post=25729"}],"version-history":[{"count":5,"href":"https:\/\/www.valonkuvia.fi\/blogi\/wp-json\/wp\/v2\/posts\/25729\/revisions"}],"predecessor-version":[{"id":25737,"href":"https:\/\/www.valonkuvia.fi\/blogi\/wp-json\/wp\/v2\/posts\/25729\/revisions\/25737"}],"wp:featuredmedia":[{"embeddable":true,"href":"https:\/\/www.valonkuvia.fi\/blogi\/wp-json\/wp\/v2\/media\/25731"}],"wp:attachment":[{"href":"https:\/\/www.valonkuvia.fi\/blogi\/wp-json\/wp\/v2\/media?parent=25729"}],"wp:term":[{"taxonomy":"category","embeddable":true,"href":"https:\/\/www.valonkuvia.fi\/blogi\/wp-json\/wp\/v2\/categories?post=25729"},{"taxonomy":"post_tag","embeddable":true,"href":"https:\/\/www.valonkuvia.fi\/blogi\/wp-json\/wp\/v2\/tags?post=25729"}],"curies":[{"name":"wp","href":"https:\/\/api.w.org\/{rel}","templated":true}]}}