{"id":25896,"date":"2024-08-15T22:25:09","date_gmt":"2024-08-15T19:25:09","guid":{"rendered":"https:\/\/www.valonkuvia.fi\/blogi\/?p=25896"},"modified":"2024-08-16T09:29:07","modified_gmt":"2024-08-16T06:29:07","slug":"tobias-hoffmann-innuendo","status":"publish","type":"post","link":"https:\/\/www.valonkuvia.fi\/blogi\/tobias-hoffmann-innuendo\/","title":{"rendered":"Tobias Hoffmann Jazz Orchestra: Innuendo (Mons Records, 2024)"},"content":{"rendered":"\n<figure data-wp-context=\"{&quot;imageId&quot;:&quot;69f44efd0c404&quot;}\" data-wp-interactive=\"core\/image\" data-wp-key=\"69f44efd0c404\" class=\"wp-block-image aligncenter size-large wp-lightbox-container\"><img data-recalc-dims=\"1\" loading=\"lazy\" decoding=\"async\" width=\"852\" height=\"568\" data-wp-class--hide=\"state.isContentHidden\" data-wp-class--show=\"state.isContentVisible\" data-wp-init=\"callbacks.setButtonStyles\" data-wp-on--click=\"actions.showLightbox\" data-wp-on--load=\"callbacks.setButtonStyles\" data-wp-on-window--resize=\"callbacks.setButtonStyles\" src=\"https:\/\/i0.wp.com\/www.valonkuvia.fi\/blogi\/wp-content\/uploads\/2024\/08\/THJO-Studio-16_c_Reithofer-Media.jpg?resize=852%2C568&#038;ssl=1\" alt=\"\" class=\"wp-image-25905\" srcset=\"https:\/\/i0.wp.com\/www.valonkuvia.fi\/blogi\/wp-content\/uploads\/2024\/08\/THJO-Studio-16_c_Reithofer-Media.jpg?resize=852%2C568&amp;ssl=1 852w, https:\/\/i0.wp.com\/www.valonkuvia.fi\/blogi\/wp-content\/uploads\/2024\/08\/THJO-Studio-16_c_Reithofer-Media.jpg?resize=426%2C284&amp;ssl=1 426w, https:\/\/i0.wp.com\/www.valonkuvia.fi\/blogi\/wp-content\/uploads\/2024\/08\/THJO-Studio-16_c_Reithofer-Media.jpg?resize=768%2C512&amp;ssl=1 768w, https:\/\/i0.wp.com\/www.valonkuvia.fi\/blogi\/wp-content\/uploads\/2024\/08\/THJO-Studio-16_c_Reithofer-Media.jpg?resize=1536%2C1024&amp;ssl=1 1536w, https:\/\/i0.wp.com\/www.valonkuvia.fi\/blogi\/wp-content\/uploads\/2024\/08\/THJO-Studio-16_c_Reithofer-Media.jpg?w=2000&amp;ssl=1 2000w\" sizes=\"auto, (max-width: 852px) 100vw, 852px\" \/><button\n\t\t\tclass=\"lightbox-trigger\"\n\t\t\ttype=\"button\"\n\t\t\taria-haspopup=\"dialog\"\n\t\t\taria-label=\"Suurenna\"\n\t\t\tdata-wp-init=\"callbacks.initTriggerButton\"\n\t\t\tdata-wp-on--click=\"actions.showLightbox\"\n\t\t\tdata-wp-style--right=\"state.imageButtonRight\"\n\t\t\tdata-wp-style--top=\"state.imageButtonTop\"\n\t\t>\n\t\t\t<svg xmlns=\"http:\/\/www.w3.org\/2000\/svg\" width=\"12\" height=\"12\" fill=\"none\" viewBox=\"0 0 12 12\">\n\t\t\t\t<path fill=\"#fff\" d=\"M2 0a2 2 0 0 0-2 2v2h1.5V2a.5.5 0 0 1 .5-.5h2V0H2Zm2 10.5H2a.5.5 0 0 1-.5-.5V8H0v2a2 2 0 0 0 2 2h2v-1.5ZM8 12v-1.5h2a.5.5 0 0 0 .5-.5V8H12v2a2 2 0 0 1-2 2H8Zm2-12a2 2 0 0 1 2 2v2h-1.5V2a.5.5 0 0 0-.5-.5H8V0h2Z\" \/>\n\t\t\t<\/svg>\n\t\t<\/button><figcaption class=\"wp-element-caption\">Tobias Hoffman. Kuva: Reihofer Media<\/figcaption><\/figure>\n\n\n\n<p>Saksalaisen, It\u00e4vallassa vaikuttavan, s\u00e4velt\u00e4j\u00e4 ja saksofonisti <strong>Tobias Hoffmanin <\/strong>toinen big band -albumi ilmestyy syyskuun loppupuolella. &#8221;<em>Innuendo&#8221;<\/em>  on suora jatko-osa pari vuotta sitten ilmestyneelle &#8221;<em>Conspiracy<\/em>&#8221; -levylle, jota esittelin aikanaan t\u00e4\u00e4ll\u00e4 blogissa: <a href=\"https:\/\/www.valonkuvia.fi\/blogi\/tobias-hoffmann-saveltaja-ja-saksofonisti\/\">Tobias Hoffmann \u2013 s\u00e4velt\u00e4j\u00e4 ja saksofonisti<\/a>. Aiemmin julkaistun levyn lailla my\u00f6s uutuus koostuu kokonaan Hoffmannin s\u00e4vellyksist\u00e4 ja my\u00f6s t\u00e4ll\u00e4 levyll\u00e4 Hoffman keskittyy orkesterin johtamiseen ja j\u00e4tt\u00e4\u00e4 saksofoninsa koteloon.<\/p>\n\n\n\n<p>Levyn kahdeksan kappaletta, kestoltaan vajaasta kahdeksasta minuutista reiluun kahteentoista, tarjoavat runsaasti tilaa niin orkesterin kehittelyille kuin solisteille. Kullakin kappaleella soolovuoron saa yksi tai kaksi muusikkoa. Kun kukin p\u00e4\u00e4see eturiviin vain kerran, yli puolet orkesterin muusikoista saa itselleen solistisen puheenvuoron.<\/p>\n\n\n\n<p>Tobias Hoffman avaa levykansitekstiss\u00e4 s\u00e4vellystens\u00e4 hyvin erilaisia tausta-ajatuksia. Esimerkiksi albumin avaava nimikappale viittaa Hoffmannin nuoruusaikojen suosikin Queen-yhtyeen samannimiseen lauluun. Omassa s\u00e4vellyksess\u00e4\u00e4n Hoffman on Queenin tavoin pyrkinyt tavoittamaan yhden ja saman kappaleen aikana monia erilaisia emootioita. &#8221;<em>Convictions<\/em>&#8221; perustuu puolestaan pasunisti\/s\u00e4velt\u00e4j\u00e4 <strong>Bob Brookmeyerin<\/strong> antamaan s\u00e4vellysharjoitukseen, jossa melodiaan oli lupa k\u00e4ytt\u00e4\u00e4 ainoastaan pianon valkoisia koskettimia ja salaper\u00e4isen kaunin &#8221;<em>The Lake<\/em>&#8221; syntyi it\u00e4valtalaisen talvimaiseman her\u00e4tt\u00e4mist\u00e4 ajatuksista. <\/p>\n\n\n\n<p>Ensimm\u00e4isen levyn tapaan my\u00f6s &#8221;<em>Innuendo&#8221;<\/em> esittelee varsin tyypillist\u00e4 nykyp\u00e4iv\u00e4n big band -musiikkia, siis tietyll\u00e4 tavalla tutun turvallista musiikkia, mutta samalla vastustamattoman taidokkaasti ja s\u00e4vykk\u00e4\u00e4sti muotoiltua. Lainaan omaa teksti\u00e4ni ensimm\u00e4isen levyn esittelyst\u00e4 (koska en sit\u00e4 nyt sen paremmin osaa ilmaista): &#8221;<em>Musiikin skaala ulottuu koko orkesterin dramaattisista soundivy\u00f6ryist\u00e4 l\u00e4pikuultavan ohuisiin v\u00e4rikerroksiin. Albumi on tasapainoisesti \u00e4\u00e4nitetty ja pienetkin \u00e4\u00e4net ja yksityiskohdat, kuten kitaran kirkkaat hel\u00e4hdykset, l\u00f6yt\u00e4v\u00e4t omat paikkansa massiivisten sointien keskelt\u00e4.<\/em>&#8221; <\/p>\n\n\n\n<p>&#8221;<em>Innuendo&#8221;<\/em> on eritt\u00e4in tasainen albumi, joka s\u00e4ilytt\u00e4\u00e4 j\u00e4nnitteens\u00e4 alusta loppuun saakka. Siit\u00e4 huolimatta nostan vahvasta kokonaisuudesta ja hienojen detaljien runsaudesta esille muutaman kohokohdan. Heti levyn alussa nimikappaleella huomio kiinnittyi orkesterin ja alttosaksofonisti <strong>Florian Tr\u00fcbsbachin<\/strong> v\u00e4liseen vuorovaikutukseen. &#8221;<em>No Way Back<\/em>&#8221; on j\u00e4nnitt\u00e4v\u00e4n monivaiheinen esitys, jossa keskell\u00e4 pianotrio <strong>Viola Hammerin<\/strong> johdolla saa runsaasti omaa tilaa. Lopuksi ved\u00e4n sen verran kotiin p\u00e4in, ett\u00e4 nostan viel\u00e4 esille jo edell\u00e4 mainitun &#8221;<em>The Laken<\/em>&#8221;, jonka viile\u00e4\u00e4 tunnelmaa turkulaisl\u00e4ht\u00f6isen <strong>Vilkka Wahlin<\/strong> kitara soolollaan s\u00e4hk\u00f6ist\u00e4\u00e4 ja ter\u00e4v\u00f6itt\u00e4\u00e4.<\/p>\n\n\n\n<p><strong>Tobias Hoffmann Jazz Orchestra<\/strong>: Innuendo (Mons Records, 2024)<br><em>Florian Tr\u00fcbsbach, Patrick Dunst, Robert Unterk\u00f6fler, Martin Harms, Jonas Brinckmann, saksofonit, klarinetit, huilut, Maximilian Seibert, Sebastian Burneci, Florian Menzel, Gerhard Ornig, Jakob Helling, trumpetti, Simon Harrer,,Robert Bachner, Daniel Holzleitner, Johannes Oppel, pasuunat, Vilkka Wahl, kitara, Viola Hammer, piano, Ivar Roban Krizic, basso, Reinhold Schm\u00f6lzer, rummut, Tobias Hoffman. kapellimestari<\/em><\/p>\n\n\n\n<figure data-wp-context=\"{&quot;imageId&quot;:&quot;69f44efd0c97f&quot;}\" data-wp-interactive=\"core\/image\" data-wp-key=\"69f44efd0c97f\" class=\"wp-block-image aligncenter size-medium wp-lightbox-container\"><img data-recalc-dims=\"1\" loading=\"lazy\" decoding=\"async\" width=\"426\" height=\"426\" data-wp-class--hide=\"state.isContentHidden\" data-wp-class--show=\"state.isContentVisible\" data-wp-init=\"callbacks.setButtonStyles\" data-wp-on--click=\"actions.showLightbox\" data-wp-on--load=\"callbacks.setButtonStyles\" data-wp-on-window--resize=\"callbacks.setButtonStyles\" src=\"https:\/\/i0.wp.com\/www.valonkuvia.fi\/blogi\/wp-content\/uploads\/2024\/08\/Tobias-Hoffmann-Jazz-Orchestra-Innuendo-%E2%80%93-3000px-%E2%80%93-Digital-und-Presse.jpg?resize=426%2C426&#038;ssl=1\" alt=\"\" class=\"wp-image-25907\" srcset=\"https:\/\/i0.wp.com\/www.valonkuvia.fi\/blogi\/wp-content\/uploads\/2024\/08\/Tobias-Hoffmann-Jazz-Orchestra-Innuendo-%E2%80%93-3000px-%E2%80%93-Digital-und-Presse-scaled.jpg?resize=426%2C426&amp;ssl=1 426w, https:\/\/i0.wp.com\/www.valonkuvia.fi\/blogi\/wp-content\/uploads\/2024\/08\/Tobias-Hoffmann-Jazz-Orchestra-Innuendo-%E2%80%93-3000px-%E2%80%93-Digital-und-Presse-scaled.jpg?resize=852%2C852&amp;ssl=1 852w, https:\/\/i0.wp.com\/www.valonkuvia.fi\/blogi\/wp-content\/uploads\/2024\/08\/Tobias-Hoffmann-Jazz-Orchestra-Innuendo-%E2%80%93-3000px-%E2%80%93-Digital-und-Presse-scaled.jpg?resize=150%2C150&amp;ssl=1 150w, https:\/\/i0.wp.com\/www.valonkuvia.fi\/blogi\/wp-content\/uploads\/2024\/08\/Tobias-Hoffmann-Jazz-Orchestra-Innuendo-%E2%80%93-3000px-%E2%80%93-Digital-und-Presse-scaled.jpg?resize=768%2C768&amp;ssl=1 768w, https:\/\/i0.wp.com\/www.valonkuvia.fi\/blogi\/wp-content\/uploads\/2024\/08\/Tobias-Hoffmann-Jazz-Orchestra-Innuendo-%E2%80%93-3000px-%E2%80%93-Digital-und-Presse-scaled.jpg?resize=400%2C400&amp;ssl=1 400w, https:\/\/i0.wp.com\/www.valonkuvia.fi\/blogi\/wp-content\/uploads\/2024\/08\/Tobias-Hoffmann-Jazz-Orchestra-Innuendo-%E2%80%93-3000px-%E2%80%93-Digital-und-Presse-scaled.jpg?resize=1536%2C1536&amp;ssl=1 1536w, https:\/\/i0.wp.com\/www.valonkuvia.fi\/blogi\/wp-content\/uploads\/2024\/08\/Tobias-Hoffmann-Jazz-Orchestra-Innuendo-%E2%80%93-3000px-%E2%80%93-Digital-und-Presse-scaled.jpg?resize=2048%2C2048&amp;ssl=1 2048w, https:\/\/i0.wp.com\/www.valonkuvia.fi\/blogi\/wp-content\/uploads\/2024\/08\/Tobias-Hoffmann-Jazz-Orchestra-Innuendo-%E2%80%93-3000px-%E2%80%93-Digital-und-Presse-scaled.jpg?resize=120%2C120&amp;ssl=1 120w\" sizes=\"auto, (max-width: 426px) 100vw, 426px\" \/><button\n\t\t\tclass=\"lightbox-trigger\"\n\t\t\ttype=\"button\"\n\t\t\taria-haspopup=\"dialog\"\n\t\t\taria-label=\"Suurenna\"\n\t\t\tdata-wp-init=\"callbacks.initTriggerButton\"\n\t\t\tdata-wp-on--click=\"actions.showLightbox\"\n\t\t\tdata-wp-style--right=\"state.imageButtonRight\"\n\t\t\tdata-wp-style--top=\"state.imageButtonTop\"\n\t\t>\n\t\t\t<svg xmlns=\"http:\/\/www.w3.org\/2000\/svg\" width=\"12\" height=\"12\" fill=\"none\" viewBox=\"0 0 12 12\">\n\t\t\t\t<path fill=\"#fff\" d=\"M2 0a2 2 0 0 0-2 2v2h1.5V2a.5.5 0 0 1 .5-.5h2V0H2Zm2 10.5H2a.5.5 0 0 1-.5-.5V8H0v2a2 2 0 0 0 2 2h2v-1.5ZM8 12v-1.5h2a.5.5 0 0 0 .5-.5V8H12v2a2 2 0 0 1-2 2H8Zm2-12a2 2 0 0 1 2 2v2h-1.5V2a.5.5 0 0 0-.5-.5H8V0h2Z\" \/>\n\t\t\t<\/svg>\n\t\t<\/button><\/figure>\n\n\n\n<p class=\"has-text-align-center\">&#8221;<em>Innuendo&#8221;<\/em> p\u00e4\u00e4see Valon kuvia \u00a0-blogin t\u00e4m\u00e4n vuoden kuuntelusuositusten listalle: \u201c<a href=\"https:\/\/docs.google.com\/document\/d\/164fOSEY53E2ICehK1jmBCqyv54Y2t8vmFQ5HsbQ3TiQ\/edit?usp=sharing\">Vuoden valinnat 2024<\/a>\u201d\u00a0<\/p>\n","protected":false},"excerpt":{"rendered":"<p>Saksalaisen, It\u00e4vallassa vaikuttavan, s\u00e4velt\u00e4j\u00e4 ja saksofonisti Tobias Hoffmanin toinen big band -albumi ilmestyy syyskuun loppupuolella. &#8221;Innuendo&#8221; on suora jatko-osa pari vuotta sitten ilmestyneelle &#8221;Conspiracy&#8221; -levylle, jota esittelin aikanaan t\u00e4\u00e4ll\u00e4 blogissa: Tobias Hoffmann \u2013 s\u00e4velt\u00e4j\u00e4 ja saksofonisti. Aiemmin julkaistun levyn lailla my\u00f6s uutuus koostuu kokonaan Hoffmannin s\u00e4vellyksist\u00e4 ja my\u00f6s t\u00e4ll\u00e4 levyll\u00e4 Hoffman keskittyy orkesterin johtamiseen ja [&hellip;]<\/p>\n","protected":false},"author":1,"featured_media":25905,"comment_status":"open","ping_status":"open","sticky":false,"template":"","format":"standard","meta":{"ngg_post_thumbnail":0,"_jetpack_memberships_contains_paid_content":false,"footnotes":"","jetpack_publicize_message":"","jetpack_publicize_feature_enabled":true,"jetpack_social_post_already_shared":true,"jetpack_social_options":{"image_generator_settings":{"template":"highway","default_image_id":0,"font":"","enabled":false},"version":2}},"categories":[3],"tags":[386,80,13,1045,1044],"class_list":["post-25896","post","type-post","status-publish","format-standard","has-post-thumbnail","hentry","category-jazz","tag-big-band","tag-eurooppalainen-jazz","tag-jazzlevyt-2","tag-saveltaja","tag-tobias-hoffmann"],"jetpack_publicize_connections":[],"jetpack_featured_media_url":"https:\/\/i0.wp.com\/www.valonkuvia.fi\/blogi\/wp-content\/uploads\/2024\/08\/THJO-Studio-16_c_Reithofer-Media.jpg?fit=2000%2C1333&ssl=1","jetpack_likes_enabled":false,"jetpack_sharing_enabled":true,"_links":{"self":[{"href":"https:\/\/www.valonkuvia.fi\/blogi\/wp-json\/wp\/v2\/posts\/25896","targetHints":{"allow":["GET"]}}],"collection":[{"href":"https:\/\/www.valonkuvia.fi\/blogi\/wp-json\/wp\/v2\/posts"}],"about":[{"href":"https:\/\/www.valonkuvia.fi\/blogi\/wp-json\/wp\/v2\/types\/post"}],"author":[{"embeddable":true,"href":"https:\/\/www.valonkuvia.fi\/blogi\/wp-json\/wp\/v2\/users\/1"}],"replies":[{"embeddable":true,"href":"https:\/\/www.valonkuvia.fi\/blogi\/wp-json\/wp\/v2\/comments?post=25896"}],"version-history":[{"count":7,"href":"https:\/\/www.valonkuvia.fi\/blogi\/wp-json\/wp\/v2\/posts\/25896\/revisions"}],"predecessor-version":[{"id":25934,"href":"https:\/\/www.valonkuvia.fi\/blogi\/wp-json\/wp\/v2\/posts\/25896\/revisions\/25934"}],"wp:featuredmedia":[{"embeddable":true,"href":"https:\/\/www.valonkuvia.fi\/blogi\/wp-json\/wp\/v2\/media\/25905"}],"wp:attachment":[{"href":"https:\/\/www.valonkuvia.fi\/blogi\/wp-json\/wp\/v2\/media?parent=25896"}],"wp:term":[{"taxonomy":"category","embeddable":true,"href":"https:\/\/www.valonkuvia.fi\/blogi\/wp-json\/wp\/v2\/categories?post=25896"},{"taxonomy":"post_tag","embeddable":true,"href":"https:\/\/www.valonkuvia.fi\/blogi\/wp-json\/wp\/v2\/tags?post=25896"}],"curies":[{"name":"wp","href":"https:\/\/api.w.org\/{rel}","templated":true}]}}