{"id":26209,"date":"2024-11-06T13:50:01","date_gmt":"2024-11-06T11:50:01","guid":{"rendered":"https:\/\/www.valonkuvia.fi\/blogi\/?p=26209"},"modified":"2024-11-08T18:46:15","modified_gmt":"2024-11-08T16:46:15","slug":"tampere-jazz-happening-2024-festivaaliraportti","status":"publish","type":"post","link":"https:\/\/www.valonkuvia.fi\/blogi\/tampere-jazz-happening-2024-festivaaliraportti\/","title":{"rendered":"Tampere Jazz Happening 2024 &#8211; festivaaliraportti"},"content":{"rendered":"\n<figure data-wp-context=\"{&quot;imageId&quot;:&quot;69f445b31c859&quot;}\" data-wp-interactive=\"core\/image\" data-wp-key=\"69f445b31c859\" class=\"wp-block-image alignwide size-large wp-lightbox-container\"><img data-recalc-dims=\"1\" loading=\"lazy\" decoding=\"async\" width=\"852\" height=\"568\" data-wp-class--hide=\"state.isContentHidden\" data-wp-class--show=\"state.isContentVisible\" data-wp-init=\"callbacks.setButtonStyles\" data-wp-on--click=\"actions.showLightbox\" data-wp-on--load=\"callbacks.setButtonStyles\" data-wp-on-window--resize=\"callbacks.setButtonStyles\" src=\"https:\/\/i0.wp.com\/www.valonkuvia.fi\/blogi\/wp-content\/uploads\/2024\/11\/2024-ehe-05.jpg?resize=852%2C568&#038;ssl=1\" alt=\"\" class=\"wp-image-26218\" srcset=\"https:\/\/i0.wp.com\/www.valonkuvia.fi\/blogi\/wp-content\/uploads\/2024\/11\/2024-ehe-05.jpg?resize=852%2C568&amp;ssl=1 852w, https:\/\/i0.wp.com\/www.valonkuvia.fi\/blogi\/wp-content\/uploads\/2024\/11\/2024-ehe-05.jpg?resize=426%2C284&amp;ssl=1 426w, https:\/\/i0.wp.com\/www.valonkuvia.fi\/blogi\/wp-content\/uploads\/2024\/11\/2024-ehe-05.jpg?resize=768%2C512&amp;ssl=1 768w, https:\/\/i0.wp.com\/www.valonkuvia.fi\/blogi\/wp-content\/uploads\/2024\/11\/2024-ehe-05.jpg?resize=1536%2C1024&amp;ssl=1 1536w, https:\/\/i0.wp.com\/www.valonkuvia.fi\/blogi\/wp-content\/uploads\/2024\/11\/2024-ehe-05.jpg?resize=2048%2C1366&amp;ssl=1 2048w\" sizes=\"auto, (max-width: 852px) 100vw, 852px\" \/><button\n\t\t\tclass=\"lightbox-trigger\"\n\t\t\ttype=\"button\"\n\t\t\taria-haspopup=\"dialog\"\n\t\t\taria-label=\"Suurenna\"\n\t\t\tdata-wp-init=\"callbacks.initTriggerButton\"\n\t\t\tdata-wp-on--click=\"actions.showLightbox\"\n\t\t\tdata-wp-style--right=\"state.imageButtonRight\"\n\t\t\tdata-wp-style--top=\"state.imageButtonTop\"\n\t\t>\n\t\t\t<svg xmlns=\"http:\/\/www.w3.org\/2000\/svg\" width=\"12\" height=\"12\" fill=\"none\" viewBox=\"0 0 12 12\">\n\t\t\t\t<path fill=\"#fff\" d=\"M2 0a2 2 0 0 0-2 2v2h1.5V2a.5.5 0 0 1 .5-.5h2V0H2Zm2 10.5H2a.5.5 0 0 1-.5-.5V8H0v2a2 2 0 0 0 2 2h2v-1.5ZM8 12v-1.5h2a.5.5 0 0 0 .5-.5V8H12v2a2 2 0 0 1-2 2H8Zm2-12a2 2 0 0 1 2 2v2h-1.5V2a.5.5 0 0 0-.5-.5H8V0h2Z\" \/>\n\t\t\t<\/svg>\n\t\t<\/button><figcaption class=\"wp-element-caption\">Ethnic Heritage Ensemblen voimamies Kahil El\u00b4Zabar<\/figcaption><\/figure>\n\n\n\n<p>Marraskuun alun h\u00e4m\u00e4riss\u00e4 juhlittava Tampere Jazz Happening tarjoaa kuulijalle kulttuurisen turvapaikan syksyn pimeyden keskelle. T\u00e4n\u00e4 vuonna ajatus kulttuurin valosta tuntui entist\u00e4 osuvammalta, kun sotien ja Amerikan vaaliasetelmien pimeys tuntuu kaatuvan p\u00e4\u00e4lle. Lis\u00e4ksi hallituksen suorastaan kulttuurivihamielisen leikkauspolitiikan seuraukset olivat festivaalin ohessa j\u00e4rjestetyn Suomen Jazzliiton vuosikokouksen p\u00e4\u00e4aiheita. Kuitenkin musiikin monipuolisuus ja liiton yhdistyksiss\u00e4 kulttuurity\u00f6t\u00e4 tekevien p\u00e4\u00e4tt\u00e4v\u00e4isyys j\u00e4ttiv\u00e4t j\u00e4lkeens\u00e4 jossain m\u00e4\u00e4rin toiveikkaan mielen.\u00a0<\/p>\n\n\n\n<p>Keskityin festivaaliraportissa Tullikamarin Pakkahuoneen ohjelmistoon, koska en yritt\u00e4nytk\u00e4\u00e4n seurata Telakka-klubin kotimaisen jazzin tarjontaa. <\/p>\n\n\n\n<figure data-wp-context=\"{&quot;imageId&quot;:&quot;69f445b31d49f&quot;}\" data-wp-interactive=\"core\/image\" data-wp-key=\"69f445b31d49f\" class=\"wp-block-image size-large wp-lightbox-container\"><img data-recalc-dims=\"1\" loading=\"lazy\" decoding=\"async\" width=\"852\" height=\"568\" data-wp-class--hide=\"state.isContentHidden\" data-wp-class--show=\"state.isContentVisible\" data-wp-init=\"callbacks.setButtonStyles\" data-wp-on--click=\"actions.showLightbox\" data-wp-on--load=\"callbacks.setButtonStyles\" data-wp-on-window--resize=\"callbacks.setButtonStyles\" src=\"https:\/\/i0.wp.com\/www.valonkuvia.fi\/blogi\/wp-content\/uploads\/2024\/11\/2024-jazzpaivat-7.jpg?resize=852%2C568&#038;ssl=1\" alt=\"\" class=\"wp-image-26215\" srcset=\"https:\/\/i0.wp.com\/www.valonkuvia.fi\/blogi\/wp-content\/uploads\/2024\/11\/2024-jazzpaivat-7.jpg?resize=852%2C568&amp;ssl=1 852w, https:\/\/i0.wp.com\/www.valonkuvia.fi\/blogi\/wp-content\/uploads\/2024\/11\/2024-jazzpaivat-7.jpg?resize=426%2C284&amp;ssl=1 426w, https:\/\/i0.wp.com\/www.valonkuvia.fi\/blogi\/wp-content\/uploads\/2024\/11\/2024-jazzpaivat-7.jpg?resize=768%2C512&amp;ssl=1 768w, https:\/\/i0.wp.com\/www.valonkuvia.fi\/blogi\/wp-content\/uploads\/2024\/11\/2024-jazzpaivat-7.jpg?resize=1536%2C1024&amp;ssl=1 1536w, https:\/\/i0.wp.com\/www.valonkuvia.fi\/blogi\/wp-content\/uploads\/2024\/11\/2024-jazzpaivat-7.jpg?resize=2048%2C1366&amp;ssl=1 2048w\" sizes=\"auto, (max-width: 852px) 100vw, 852px\" \/><button\n\t\t\tclass=\"lightbox-trigger\"\n\t\t\ttype=\"button\"\n\t\t\taria-haspopup=\"dialog\"\n\t\t\taria-label=\"Suurenna\"\n\t\t\tdata-wp-init=\"callbacks.initTriggerButton\"\n\t\t\tdata-wp-on--click=\"actions.showLightbox\"\n\t\t\tdata-wp-style--right=\"state.imageButtonRight\"\n\t\t\tdata-wp-style--top=\"state.imageButtonTop\"\n\t\t>\n\t\t\t<svg xmlns=\"http:\/\/www.w3.org\/2000\/svg\" width=\"12\" height=\"12\" fill=\"none\" viewBox=\"0 0 12 12\">\n\t\t\t\t<path fill=\"#fff\" d=\"M2 0a2 2 0 0 0-2 2v2h1.5V2a.5.5 0 0 1 .5-.5h2V0H2Zm2 10.5H2a.5.5 0 0 1-.5-.5V8H0v2a2 2 0 0 0 2 2h2v-1.5ZM8 12v-1.5h2a.5.5 0 0 0 .5-.5V8H12v2a2 2 0 0 1-2 2H8Zm2-12a2 2 0 0 1 2 2v2h-1.5V2a.5.5 0 0 0-.5-.5H8V0h2Z\" \/>\n\t\t\t<\/svg>\n\t\t<\/button><figcaption class=\"wp-element-caption\">Antti L\u00f6tj\u00f6nen, Yrj\u00f6-palkinto 2024<\/figcaption><\/figure>\n\n\n\n<h4 class=\"wp-block-heading\">Yrj\u00f6 ja muut palkinnot<\/h4>\n\n\n\n<p>Festivaalin perjantai alkoi tuttuun tapaan Suomen Jazzliiton Yrj\u00f6-palkinnon ja muiden huomionosoitusten jakamisella. Yrj\u00f6n sai basisti <strong>Antti L\u00f6tj\u00f6nen<\/strong>, monen yhtyeen vankka tukiranka, mutta my\u00f6s s\u00e4velt\u00e4j\u00e4 ja oman yhtyeens\u00e4 johtaja.\u00a0L\u00f6tj\u00f6sen ja <strong>Verneri Pohjolan<\/strong> Yrj\u00f6-setti oli puolen tunnin kestostaan huolimatta festivaalin kohokohtia, kahden toisensa hyvin tuntevan muusikon kaunis vuoropuhelu.<\/p>\n\n\n\n<p>Yrj\u00f6-palkinnon lis\u00e4ksi Jazzliitto palkitsi Andania-el\u00e4m\u00e4nty\u00f6palkinnolla joensuulaisen Jazzkerho-76:n puheenjohtajan <strong>Jari Hytin<\/strong> ja nuorille tarkoitetulla Taimi-palkinnolla laulaja, pianisti ja viulisti <strong>Helmi Antilan<\/strong>. Ylen jazzradion Varjo-Yrj\u00f6n vastaanotti promoottori <strong>Olle Ekman<\/strong>.<\/p>\n\n\n\n<h4 class=\"wp-block-heading\">Eurooppalaisia \u00e4\u00e4ni\u00e4<\/h4>\n\n\n\n<p>Pianisti <strong>Kari Ikosen<\/strong> ja saksofonisti <strong>Manuel Hermian<\/strong> johtama Orchestra Nazionale della Luna (Kuun kansallisorkesteri) soittaa avaruuteen viittaavasta nimest\u00e4\u00e4n huolimatta hyvinkin maanl\u00e4heist\u00e4 nykyjazzia. Ehk\u00e4 vahvimmat avaruuteen tai ainakin sci-fiin liittyv\u00e4t mielikuvat syntyv\u00e4t Ikosen toisen p\u00e4\u00e4instrumentin moogin v\u00e4rikk\u00e4ist\u00e4 soundeista ja villeist\u00e4 kompeista. Moogin lis\u00e4ksi Ikonen soitti tietenkin my\u00f6s kehitt\u00e4m\u00e4ll\u00e4\u00e4n maqiano-laitteella preparoitua flyygeli\u00e4. joka s\u00e4vytt\u00e4\u00e4 yhtyeen poljentoa arabialaisilla mausteilla.<\/p>\n\n\n\n<figure data-wp-context=\"{&quot;imageId&quot;:&quot;69f445b31db82&quot;}\" data-wp-interactive=\"core\/image\" data-wp-key=\"69f445b31db82\" class=\"wp-block-image size-large wp-lightbox-container\"><img data-recalc-dims=\"1\" loading=\"lazy\" decoding=\"async\" width=\"852\" height=\"568\" data-wp-class--hide=\"state.isContentHidden\" data-wp-class--show=\"state.isContentVisible\" data-wp-init=\"callbacks.setButtonStyles\" data-wp-on--click=\"actions.showLightbox\" data-wp-on--load=\"callbacks.setButtonStyles\" data-wp-on-window--resize=\"callbacks.setButtonStyles\" src=\"https:\/\/i0.wp.com\/www.valonkuvia.fi\/blogi\/wp-content\/uploads\/2024\/11\/2024-ikonen-1.jpg?resize=852%2C568&#038;ssl=1\" alt=\"\" class=\"wp-image-26233\" srcset=\"https:\/\/i0.wp.com\/www.valonkuvia.fi\/blogi\/wp-content\/uploads\/2024\/11\/2024-ikonen-1.jpg?resize=852%2C568&amp;ssl=1 852w, https:\/\/i0.wp.com\/www.valonkuvia.fi\/blogi\/wp-content\/uploads\/2024\/11\/2024-ikonen-1.jpg?resize=426%2C284&amp;ssl=1 426w, https:\/\/i0.wp.com\/www.valonkuvia.fi\/blogi\/wp-content\/uploads\/2024\/11\/2024-ikonen-1.jpg?resize=768%2C512&amp;ssl=1 768w, https:\/\/i0.wp.com\/www.valonkuvia.fi\/blogi\/wp-content\/uploads\/2024\/11\/2024-ikonen-1.jpg?resize=1536%2C1024&amp;ssl=1 1536w, https:\/\/i0.wp.com\/www.valonkuvia.fi\/blogi\/wp-content\/uploads\/2024\/11\/2024-ikonen-1.jpg?resize=2048%2C1366&amp;ssl=1 2048w\" sizes=\"auto, (max-width: 852px) 100vw, 852px\" \/><button\n\t\t\tclass=\"lightbox-trigger\"\n\t\t\ttype=\"button\"\n\t\t\taria-haspopup=\"dialog\"\n\t\t\taria-label=\"Suurenna\"\n\t\t\tdata-wp-init=\"callbacks.initTriggerButton\"\n\t\t\tdata-wp-on--click=\"actions.showLightbox\"\n\t\t\tdata-wp-style--right=\"state.imageButtonRight\"\n\t\t\tdata-wp-style--top=\"state.imageButtonTop\"\n\t\t>\n\t\t\t<svg xmlns=\"http:\/\/www.w3.org\/2000\/svg\" width=\"12\" height=\"12\" fill=\"none\" viewBox=\"0 0 12 12\">\n\t\t\t\t<path fill=\"#fff\" d=\"M2 0a2 2 0 0 0-2 2v2h1.5V2a.5.5 0 0 1 .5-.5h2V0H2Zm2 10.5H2a.5.5 0 0 1-.5-.5V8H0v2a2 2 0 0 0 2 2h2v-1.5ZM8 12v-1.5h2a.5.5 0 0 0 .5-.5V8H12v2a2 2 0 0 1-2 2H8Zm2-12a2 2 0 0 1 2 2v2h-1.5V2a.5.5 0 0 0-.5-.5H8V0h2Z\" \/>\n\t\t\t<\/svg>\n\t\t<\/button><figcaption class=\"wp-element-caption\">Kari Ikonen<\/figcaption><\/figure>\n\n\n\n<p>Kun kotimainen Superposition korvasi esiintymisens\u00e4 peruuttamaan joutuneen ruotsalaisen Tonbruket-yhtyeen, ei vaihdos ainakaan heikent\u00e4nyt konsertin taiteellista tasoa. Superposition asettuu lavalle ep\u00e4tavalliseen muotoon. Saksofonistit <strong>Adele Sauros<\/strong> ja <strong>Linda Fredriksson<\/strong> seisovat eturiviss\u00e4 toisiaan vastap\u00e4\u00e4t\u00e4, eiv\u00e4t siis yleis\u00f6\u00f6n p\u00e4in k\u00e4\u00e4ntyneen\u00e4 ja basisti <strong>Mikael Saastamoinen<\/strong> ja rumpali <strong>Olavi Louhivuori<\/strong> soittavat toisessa riviss\u00e4 puhaltajien takana. Keskittyneest\u00e4 asettelusta syntyi keskittynytt\u00e4 musiikkia, tarkasti soitettua kamarijazzia, jonka s\u00e4vellykset olivat per\u00e4isin yhtyeen viime kes\u00e4n\u00e4 ilmestyneelt\u00e4 <a href=\"https:\/\/www.valonkuvia.fi\/blogi\/superposition-ii\/\" data-type=\"post\" data-id=\"25987\">toiselta albumilta<\/a>.<\/p>\n\n\n\n<figure data-wp-context=\"{&quot;imageId&quot;:&quot;69f445b31e1bb&quot;}\" data-wp-interactive=\"core\/image\" data-wp-key=\"69f445b31e1bb\" class=\"wp-block-image size-large wp-lightbox-container\"><img data-recalc-dims=\"1\" loading=\"lazy\" decoding=\"async\" width=\"852\" height=\"568\" data-wp-class--hide=\"state.isContentHidden\" data-wp-class--show=\"state.isContentVisible\" data-wp-init=\"callbacks.setButtonStyles\" data-wp-on--click=\"actions.showLightbox\" data-wp-on--load=\"callbacks.setButtonStyles\" data-wp-on-window--resize=\"callbacks.setButtonStyles\" src=\"https:\/\/i0.wp.com\/www.valonkuvia.fi\/blogi\/wp-content\/uploads\/2024\/11\/2024-ava-1.jpg?resize=852%2C568&#038;ssl=1\" alt=\"\" class=\"wp-image-26230\" srcset=\"https:\/\/i0.wp.com\/www.valonkuvia.fi\/blogi\/wp-content\/uploads\/2024\/11\/2024-ava-1.jpg?resize=852%2C568&amp;ssl=1 852w, https:\/\/i0.wp.com\/www.valonkuvia.fi\/blogi\/wp-content\/uploads\/2024\/11\/2024-ava-1.jpg?resize=426%2C284&amp;ssl=1 426w, https:\/\/i0.wp.com\/www.valonkuvia.fi\/blogi\/wp-content\/uploads\/2024\/11\/2024-ava-1.jpg?resize=768%2C512&amp;ssl=1 768w, https:\/\/i0.wp.com\/www.valonkuvia.fi\/blogi\/wp-content\/uploads\/2024\/11\/2024-ava-1.jpg?resize=1536%2C1024&amp;ssl=1 1536w, https:\/\/i0.wp.com\/www.valonkuvia.fi\/blogi\/wp-content\/uploads\/2024\/11\/2024-ava-1.jpg?resize=2048%2C1366&amp;ssl=1 2048w\" sizes=\"auto, (max-width: 852px) 100vw, 852px\" \/><button\n\t\t\tclass=\"lightbox-trigger\"\n\t\t\ttype=\"button\"\n\t\t\taria-haspopup=\"dialog\"\n\t\t\taria-label=\"Suurenna\"\n\t\t\tdata-wp-init=\"callbacks.initTriggerButton\"\n\t\t\tdata-wp-on--click=\"actions.showLightbox\"\n\t\t\tdata-wp-style--right=\"state.imageButtonRight\"\n\t\t\tdata-wp-style--top=\"state.imageButtonTop\"\n\t\t>\n\t\t\t<svg xmlns=\"http:\/\/www.w3.org\/2000\/svg\" width=\"12\" height=\"12\" fill=\"none\" viewBox=\"0 0 12 12\">\n\t\t\t\t<path fill=\"#fff\" d=\"M2 0a2 2 0 0 0-2 2v2h1.5V2a.5.5 0 0 1 .5-.5h2V0H2Zm2 10.5H2a.5.5 0 0 1-.5-.5V8H0v2a2 2 0 0 0 2 2h2v-1.5ZM8 12v-1.5h2a.5.5 0 0 0 .5-.5V8H12v2a2 2 0 0 1-2 2H8Zm2-12a2 2 0 0 1 2 2v2h-1.5V2a.5.5 0 0 0-.5-.5H8V0h2Z\" \/>\n\t\t\t<\/svg>\n\t\t<\/button><figcaption class=\"wp-element-caption\">Angelika Niescier<\/figcaption><\/figure>\n\n\n\n<p>Pianisti <strong>Aki Takasen<\/strong> johtama AVA Trio on kokoonpanoltaan poikkeuksellinen. Takasen ja saksofonisti <strong>Angelika Niescierin<\/strong> lis\u00e4ksi triossa soittaa <strong>Vincent von Schlippenbach<\/strong> (tunnetaan my\u00f6s nimell\u00e4 <strong>DJ Illvibe<\/strong>), joka rakentaa komppeja ja taustoja levysoittimilla ja tuhdilla nipulla tiuhaan vaihtuvia vinyylilevyj\u00e4. Kun Aki Takasen piano j\u00e4i kokonaisuudessa hieman sivuosaan (poikkeuksena <strong>Carla Bleyn <\/strong>muistoksi soitettu kaunis pianosoolo \u201c<em>Ida Lupino<\/em>\u201d), suurimman vaikutuksen teki Angelika Niescierin v\u00e4kev\u00e4 saksofoni.\u00a0<\/p>\n\n\n\n<p>Brittil\u00e4isen pianistin ja s\u00e4velt\u00e4j\u00e4n <strong>Zoe Rahmanin<\/strong> johtama oktetti soitti ilmeelt\u00e4\u00e4n valoisaa, huolellisesti toteutettua ja samalla rennosti svengaavaa jazzia. Oktetin musiikki oli festivaalin muuhun ohjelmaan verrattuna l\u00e4hell\u00e4 hyvin jazzin valtavirtaa ja sit\u00e4 oli miellytt\u00e4v\u00e4 kuunnella sunnuntain Pakkahuoneen konserttikokonaisuuden avauksena.&nbsp;<\/p>\n\n\n\n<h4 class=\"wp-block-heading\">Jykev\u00e4t \u00e4\u00e4nivallit<\/h4>\n\n\n\n<figure data-wp-context=\"{&quot;imageId&quot;:&quot;69f445b31e7e3&quot;}\" data-wp-interactive=\"core\/image\" data-wp-key=\"69f445b31e7e3\" class=\"wp-block-image size-large wp-lightbox-container\"><img data-recalc-dims=\"1\" loading=\"lazy\" decoding=\"async\" width=\"852\" height=\"568\" data-wp-class--hide=\"state.isContentHidden\" data-wp-class--show=\"state.isContentVisible\" data-wp-init=\"callbacks.setButtonStyles\" data-wp-on--click=\"actions.showLightbox\" data-wp-on--load=\"callbacks.setButtonStyles\" data-wp-on-window--resize=\"callbacks.setButtonStyles\" src=\"https:\/\/i0.wp.com\/www.valonkuvia.fi\/blogi\/wp-content\/uploads\/2024\/11\/2024-pohjonen-gustafsson1.jpg?resize=852%2C568&#038;ssl=1\" alt=\"\" class=\"wp-image-26219\" srcset=\"https:\/\/i0.wp.com\/www.valonkuvia.fi\/blogi\/wp-content\/uploads\/2024\/11\/2024-pohjonen-gustafsson1.jpg?resize=852%2C568&amp;ssl=1 852w, https:\/\/i0.wp.com\/www.valonkuvia.fi\/blogi\/wp-content\/uploads\/2024\/11\/2024-pohjonen-gustafsson1.jpg?resize=426%2C284&amp;ssl=1 426w, https:\/\/i0.wp.com\/www.valonkuvia.fi\/blogi\/wp-content\/uploads\/2024\/11\/2024-pohjonen-gustafsson1.jpg?resize=768%2C512&amp;ssl=1 768w, https:\/\/i0.wp.com\/www.valonkuvia.fi\/blogi\/wp-content\/uploads\/2024\/11\/2024-pohjonen-gustafsson1.jpg?resize=1536%2C1024&amp;ssl=1 1536w, https:\/\/i0.wp.com\/www.valonkuvia.fi\/blogi\/wp-content\/uploads\/2024\/11\/2024-pohjonen-gustafsson1.jpg?resize=2048%2C1366&amp;ssl=1 2048w\" sizes=\"auto, (max-width: 852px) 100vw, 852px\" \/><button\n\t\t\tclass=\"lightbox-trigger\"\n\t\t\ttype=\"button\"\n\t\t\taria-haspopup=\"dialog\"\n\t\t\taria-label=\"Suurenna\"\n\t\t\tdata-wp-init=\"callbacks.initTriggerButton\"\n\t\t\tdata-wp-on--click=\"actions.showLightbox\"\n\t\t\tdata-wp-style--right=\"state.imageButtonRight\"\n\t\t\tdata-wp-style--top=\"state.imageButtonTop\"\n\t\t>\n\t\t\t<svg xmlns=\"http:\/\/www.w3.org\/2000\/svg\" width=\"12\" height=\"12\" fill=\"none\" viewBox=\"0 0 12 12\">\n\t\t\t\t<path fill=\"#fff\" d=\"M2 0a2 2 0 0 0-2 2v2h1.5V2a.5.5 0 0 1 .5-.5h2V0H2Zm2 10.5H2a.5.5 0 0 1-.5-.5V8H0v2a2 2 0 0 0 2 2h2v-1.5ZM8 12v-1.5h2a.5.5 0 0 0 .5-.5V8H12v2a2 2 0 0 1-2 2H8Zm2-12a2 2 0 0 1 2 2v2h-1.5V2a.5.5 0 0 0-.5-.5H8V0h2Z\" \/>\n\t\t\t<\/svg>\n\t\t<\/button><\/figure>\n\n\n\n<p>Saksofonisti <strong>Mats Gustafssonin<\/strong> ja harmonikkataitelija <strong>Kimmo Pohjosen<\/strong> keikkaa markkinoitiin alkujuonnossa Suomi-Ruotsi -maaottelun hengess\u00e4. Painiottelun sijasta duo teki pikemminkin yhteisty\u00f6t\u00e4 ja rakensi parhaimmillaan uskomattoman muhkean \u00e4\u00e4nivallin, jossa Gustafssonin baritonisaksofonin raaka soundi sekoittui Pohjosen s\u00e4hk\u00f6ll\u00e4 muokatun harmonikan pauhuun.\u00a0<\/p>\n\n\n\n<p>My\u00f6s norjalainen Bushman\u2019s Revenge k\u00e4ytti tehokeinonaan kovaa volyymia rockjazzia ja progea sekoittaneessa groovessaan. Yhtyeen rumpali Gard Nilssen ymm\u00e4rt\u00e4\u00e4 jazzmuusikkona musiikin dynamiikan p\u00e4\u00e4lle ja niinp\u00e4 trion musiikki ei ollut pelkk\u00e4\u00e4 paahtoa, vaan hiljaisillekin osuuksille l\u00f6ytyi paikkansa. Sen verran lujaa Bushman\u2019s Revenge kuitenkin tykitti, ett\u00e4 jouduin siirtym\u00e4\u00e4n eturivin kuvauspaikoilta salin takaosaan.\u00a0<\/p>\n\n\n\n<figure data-wp-context=\"{&quot;imageId&quot;:&quot;69f445b31ec8a&quot;}\" data-wp-interactive=\"core\/image\" data-wp-key=\"69f445b31ec8a\" class=\"wp-block-image size-large wp-lightbox-container\"><img data-recalc-dims=\"1\" loading=\"lazy\" decoding=\"async\" width=\"852\" height=\"568\" data-wp-class--hide=\"state.isContentHidden\" data-wp-class--show=\"state.isContentVisible\" data-wp-init=\"callbacks.setButtonStyles\" data-wp-on--click=\"actions.showLightbox\" data-wp-on--load=\"callbacks.setButtonStyles\" data-wp-on-window--resize=\"callbacks.setButtonStyles\" src=\"https:\/\/i0.wp.com\/www.valonkuvia.fi\/blogi\/wp-content\/uploads\/2024\/11\/2024-bushmans-revenge-1.jpg?resize=852%2C568&#038;ssl=1\" alt=\"\" class=\"wp-image-26220\" srcset=\"https:\/\/i0.wp.com\/www.valonkuvia.fi\/blogi\/wp-content\/uploads\/2024\/11\/2024-bushmans-revenge-1.jpg?resize=852%2C568&amp;ssl=1 852w, https:\/\/i0.wp.com\/www.valonkuvia.fi\/blogi\/wp-content\/uploads\/2024\/11\/2024-bushmans-revenge-1.jpg?resize=426%2C284&amp;ssl=1 426w, https:\/\/i0.wp.com\/www.valonkuvia.fi\/blogi\/wp-content\/uploads\/2024\/11\/2024-bushmans-revenge-1.jpg?resize=768%2C512&amp;ssl=1 768w, https:\/\/i0.wp.com\/www.valonkuvia.fi\/blogi\/wp-content\/uploads\/2024\/11\/2024-bushmans-revenge-1.jpg?resize=1536%2C1024&amp;ssl=1 1536w, https:\/\/i0.wp.com\/www.valonkuvia.fi\/blogi\/wp-content\/uploads\/2024\/11\/2024-bushmans-revenge-1.jpg?resize=2048%2C1366&amp;ssl=1 2048w\" sizes=\"auto, (max-width: 852px) 100vw, 852px\" \/><button\n\t\t\tclass=\"lightbox-trigger\"\n\t\t\ttype=\"button\"\n\t\t\taria-haspopup=\"dialog\"\n\t\t\taria-label=\"Suurenna\"\n\t\t\tdata-wp-init=\"callbacks.initTriggerButton\"\n\t\t\tdata-wp-on--click=\"actions.showLightbox\"\n\t\t\tdata-wp-style--right=\"state.imageButtonRight\"\n\t\t\tdata-wp-style--top=\"state.imageButtonTop\"\n\t\t>\n\t\t\t<svg xmlns=\"http:\/\/www.w3.org\/2000\/svg\" width=\"12\" height=\"12\" fill=\"none\" viewBox=\"0 0 12 12\">\n\t\t\t\t<path fill=\"#fff\" d=\"M2 0a2 2 0 0 0-2 2v2h1.5V2a.5.5 0 0 1 .5-.5h2V0H2Zm2 10.5H2a.5.5 0 0 1-.5-.5V8H0v2a2 2 0 0 0 2 2h2v-1.5ZM8 12v-1.5h2a.5.5 0 0 0 .5-.5V8H12v2a2 2 0 0 1-2 2H8Zm2-12a2 2 0 0 1 2 2v2h-1.5V2a.5.5 0 0 0-.5-.5H8V0h2Z\" \/>\n\t\t\t<\/svg>\n\t\t<\/button><figcaption class=\"wp-element-caption\">Even Hermansen, Bushman\u00b4s Revenge<\/figcaption><\/figure>\n\n\n\n<h4 class=\"wp-block-heading\">Amerikkalaista jazzia<\/h4>\n\n\n\n<p>Tampere Jazz Happeningin vuoden 2024 painos nosti esille amerikkalaista jazzia ehk\u00e4 enemm\u00e4n kuin viime vuosina yleens\u00e4. Ensimm\u00e4isen\u00e4 amerikkalaisena vieraana lavalle nousi my\u00f6h\u00e4\u00e4n perjantai-iltana saksofonisti <strong>David Murrayn <\/strong>kvartetti. Kun aloittelin aktiivista jazzin kuuntelua 1970-luvun loppupuolella, alkoi Murray saada n\u00e4kyvyytt\u00e4 jazzin julkisuudessa. <\/p>\n\n\n\n<p><strong>John Coltranen<\/strong> kuolemasta oli tuolloin kulunut vasta kymmenkunta vuotta ja suuren johtajan kaipuuta oli yh\u00e4 ilmassa. Niinp\u00e4 Murrayn hartioille aseteltiin mieluusti jazzin seuraavan suuren uudistajan viittaa. Murraysta ei johtohahmoa tullut, mutta tulipa kuitenkin aktiivinen ja runsaasti levytt\u00e4nyt muusikko, joka on omien yhtyeiden lis\u00e4ksi tuttu erityisesti World Saxophone Quartetin riveist\u00e4.\u00a0<\/p>\n\n\n\n<figure data-wp-context=\"{&quot;imageId&quot;:&quot;69f445b31f0ab&quot;}\" data-wp-interactive=\"core\/image\" data-wp-key=\"69f445b31f0ab\" class=\"wp-block-image size-large wp-lightbox-container\"><img data-recalc-dims=\"1\" loading=\"lazy\" decoding=\"async\" width=\"852\" height=\"568\" data-wp-class--hide=\"state.isContentHidden\" data-wp-class--show=\"state.isContentVisible\" data-wp-init=\"callbacks.setButtonStyles\" data-wp-on--click=\"actions.showLightbox\" data-wp-on--load=\"callbacks.setButtonStyles\" data-wp-on-window--resize=\"callbacks.setButtonStyles\" src=\"https:\/\/i0.wp.com\/www.valonkuvia.fi\/blogi\/wp-content\/uploads\/2024\/11\/2024-bnw-002-1.jpg?resize=852%2C568&#038;ssl=1\" alt=\"\" class=\"wp-image-26221\" srcset=\"https:\/\/i0.wp.com\/www.valonkuvia.fi\/blogi\/wp-content\/uploads\/2024\/11\/2024-bnw-002-1.jpg?resize=852%2C568&amp;ssl=1 852w, https:\/\/i0.wp.com\/www.valonkuvia.fi\/blogi\/wp-content\/uploads\/2024\/11\/2024-bnw-002-1.jpg?resize=426%2C284&amp;ssl=1 426w, https:\/\/i0.wp.com\/www.valonkuvia.fi\/blogi\/wp-content\/uploads\/2024\/11\/2024-bnw-002-1.jpg?resize=768%2C512&amp;ssl=1 768w, https:\/\/i0.wp.com\/www.valonkuvia.fi\/blogi\/wp-content\/uploads\/2024\/11\/2024-bnw-002-1.jpg?resize=1536%2C1024&amp;ssl=1 1536w, https:\/\/i0.wp.com\/www.valonkuvia.fi\/blogi\/wp-content\/uploads\/2024\/11\/2024-bnw-002-1.jpg?resize=2048%2C1366&amp;ssl=1 2048w\" sizes=\"auto, (max-width: 852px) 100vw, 852px\" \/><button\n\t\t\tclass=\"lightbox-trigger\"\n\t\t\ttype=\"button\"\n\t\t\taria-haspopup=\"dialog\"\n\t\t\taria-label=\"Suurenna\"\n\t\t\tdata-wp-init=\"callbacks.initTriggerButton\"\n\t\t\tdata-wp-on--click=\"actions.showLightbox\"\n\t\t\tdata-wp-style--right=\"state.imageButtonRight\"\n\t\t\tdata-wp-style--top=\"state.imageButtonTop\"\n\t\t>\n\t\t\t<svg xmlns=\"http:\/\/www.w3.org\/2000\/svg\" width=\"12\" height=\"12\" fill=\"none\" viewBox=\"0 0 12 12\">\n\t\t\t\t<path fill=\"#fff\" d=\"M2 0a2 2 0 0 0-2 2v2h1.5V2a.5.5 0 0 1 .5-.5h2V0H2Zm2 10.5H2a.5.5 0 0 1-.5-.5V8H0v2a2 2 0 0 0 2 2h2v-1.5ZM8 12v-1.5h2a.5.5 0 0 0 .5-.5V8H12v2a2 2 0 0 1-2 2H8Zm2-12a2 2 0 0 1 2 2v2h-1.5V2a.5.5 0 0 0-.5-.5H8V0h2Z\" \/>\n\t\t\t<\/svg>\n\t\t<\/button><figcaption class=\"wp-element-caption\">David Murray &amp; Luke Stewart<\/figcaption><\/figure>\n\n\n\n<p>Koska Murray on ollut tiedossani jo vuosikymmenien ajan, odotin Tampereen konsertilta aika paljon. Odotukset j\u00e4iv\u00e4t kuitenkin jossain m\u00e4\u00e4rin toteutumatta. Murrayn soundin tavaramerkki\u00e4, saksofonin korkealle kurkottavia yl\u00e4-\u00e4\u00e4ni\u00e4 kuultiin aivan riitt\u00e4v\u00e4sti ja kvartetin hellitt\u00e4m\u00e4t\u00f6n energia kuulosti uuvuttavalta. Samalla kokoonpanolla (<strong>Marta Sanchez<\/strong>, piano, <strong>Luke Stewart,<\/strong> basso, <strong>Russell Carter<\/strong>, rummut) levytetty ja aiemmin t\u00e4n\u00e4 vuonna ilmestynyt albumi \u201c<em>Francesca<\/em>\u201d (Intakt Records) on konserttikokemusta vivahteikkaampaa kuunneltavaa.<\/p>\n\n\n\n<p>Jazzin ja runouden yhteyksill\u00e4 on pitk\u00e4t perinteet <strong>Langston Hughesista<\/strong>, <strong>Jack Kerouacista<\/strong> ja <strong>Amiri Barakasta<\/strong> alkaen. Jazz Happening tarjosi harvinaisen kurkistuksen t\u00e4m\u00e4n perinteen nykytilaan esittelem\u00e4ll\u00e4 amerikkalaisen <strong>aja monetin<\/strong> (eli <strong>Aja Monet Bacquie<\/strong>) lavarunoutta. monetin vaikuttava esitys toi mukanaan festivaalin lavalle myrskyis\u00e4n ulkomaailman, niin Gazan, ilmastonmuutoksen kuin kahtia jakautuneen kansakunnan (\u201c<em>Divided States of America\u201d<\/em>). monetin runoja s\u00e4esti erinomaisen notkea jazzkvartetti, joka j\u00e4tti tilaa runoille niiden tarvitseman tilan, mutta toisaalta astui esille painokkaastikin.&nbsp;<\/p>\n\n\n\n<figure data-wp-context=\"{&quot;imageId&quot;:&quot;69f445b31f56a&quot;}\" data-wp-interactive=\"core\/image\" data-wp-key=\"69f445b31f56a\" class=\"wp-block-image size-large wp-lightbox-container\"><img data-recalc-dims=\"1\" loading=\"lazy\" decoding=\"async\" width=\"852\" height=\"568\" data-wp-class--hide=\"state.isContentHidden\" data-wp-class--show=\"state.isContentVisible\" data-wp-init=\"callbacks.setButtonStyles\" data-wp-on--click=\"actions.showLightbox\" data-wp-on--load=\"callbacks.setButtonStyles\" data-wp-on-window--resize=\"callbacks.setButtonStyles\" src=\"https:\/\/i0.wp.com\/www.valonkuvia.fi\/blogi\/wp-content\/uploads\/2024\/11\/2024-ajamonet-1.jpg?resize=852%2C568&#038;ssl=1\" alt=\"\" class=\"wp-image-26227\" srcset=\"https:\/\/i0.wp.com\/www.valonkuvia.fi\/blogi\/wp-content\/uploads\/2024\/11\/2024-ajamonet-1.jpg?resize=852%2C568&amp;ssl=1 852w, https:\/\/i0.wp.com\/www.valonkuvia.fi\/blogi\/wp-content\/uploads\/2024\/11\/2024-ajamonet-1.jpg?resize=426%2C284&amp;ssl=1 426w, https:\/\/i0.wp.com\/www.valonkuvia.fi\/blogi\/wp-content\/uploads\/2024\/11\/2024-ajamonet-1.jpg?resize=768%2C512&amp;ssl=1 768w, https:\/\/i0.wp.com\/www.valonkuvia.fi\/blogi\/wp-content\/uploads\/2024\/11\/2024-ajamonet-1.jpg?resize=1536%2C1024&amp;ssl=1 1536w, https:\/\/i0.wp.com\/www.valonkuvia.fi\/blogi\/wp-content\/uploads\/2024\/11\/2024-ajamonet-1.jpg?resize=2048%2C1366&amp;ssl=1 2048w\" sizes=\"auto, (max-width: 852px) 100vw, 852px\" \/><button\n\t\t\tclass=\"lightbox-trigger\"\n\t\t\ttype=\"button\"\n\t\t\taria-haspopup=\"dialog\"\n\t\t\taria-label=\"Suurenna\"\n\t\t\tdata-wp-init=\"callbacks.initTriggerButton\"\n\t\t\tdata-wp-on--click=\"actions.showLightbox\"\n\t\t\tdata-wp-style--right=\"state.imageButtonRight\"\n\t\t\tdata-wp-style--top=\"state.imageButtonTop\"\n\t\t>\n\t\t\t<svg xmlns=\"http:\/\/www.w3.org\/2000\/svg\" width=\"12\" height=\"12\" fill=\"none\" viewBox=\"0 0 12 12\">\n\t\t\t\t<path fill=\"#fff\" d=\"M2 0a2 2 0 0 0-2 2v2h1.5V2a.5.5 0 0 1 .5-.5h2V0H2Zm2 10.5H2a.5.5 0 0 1-.5-.5V8H0v2a2 2 0 0 0 2 2h2v-1.5ZM8 12v-1.5h2a.5.5 0 0 0 .5-.5V8H12v2a2 2 0 0 1-2 2H8Zm2-12a2 2 0 0 1 2 2v2h-1.5V2a.5.5 0 0 0-.5-.5H8V0h2Z\" \/>\n\t\t\t<\/svg>\n\t\t<\/button><\/figure>\n\n\n\n<p>Pakkahuoneen ohjelmiston viimeisen\u00e4 yhtyeen\u00e4 esiintyi Ethnic Heritage Ensemble, chicagolaisen AACM-yhteis\u00f6n ymp\u00e4rille syntyneen verkoston jo klassinen edustaja, jossa ainoan alkuper\u00e4isj\u00e4senen, ly\u00f6m\u00e4soittaja <strong>Kahil El\u2019Zabarin<\/strong> lis\u00e4ksi soittivat trumpetisti <strong>Corey Wilkes<\/strong>, baritonisaksofonisti <strong>Alex Harding<\/strong> ja sellollaan basistin roolistakin huolehtinut <strong>Ishmael Ali<\/strong>. Art Ensemble of Chicagon tapaan my\u00f6s Ethnic Heritage Ensemblen soitinvalikoimaan kuuluu iso joukko pieni\u00e4 instrumentteja, siis erilaisia kelloja ja pillej\u00e4 tai vaikkapa peukalopiano. Kvartetti rakensi pitki\u00e4 meditatiivisia groovejaksoja, joissa El\u2019Zabarin laululla oli t\u00e4rke\u00e4 osansa, mutta kun El\u2019Zabar istuutui tavallisen rumpusetin \u00e4\u00e4relle, sy\u00f6ks\u00e4hti kvartetti v\u00e4kev\u00e4sti virtaavaan svengiin.<\/p>\n\n\n\n<figure class=\"wp-block-gallery has-nested-images columns-default is-cropped wp-block-gallery-2 is-layout-flex wp-block-gallery-is-layout-flex\">\n<figure data-wp-context=\"{&quot;imageId&quot;:&quot;69f445b31f94e&quot;}\" data-wp-interactive=\"core\/image\" data-wp-key=\"69f445b31f94e\" class=\"wp-block-image size-large wp-lightbox-container\"><img data-recalc-dims=\"1\" loading=\"lazy\" decoding=\"async\" width=\"852\" height=\"568\" data-wp-class--hide=\"state.isContentHidden\" data-wp-class--show=\"state.isContentVisible\" data-wp-init=\"callbacks.setButtonStyles\" data-wp-on--click=\"actions.showLightbox\" data-wp-on--load=\"callbacks.setButtonStyles\" data-wp-on-window--resize=\"callbacks.setButtonStyles\" data-id=\"26225\" src=\"https:\/\/i0.wp.com\/www.valonkuvia.fi\/blogi\/wp-content\/uploads\/2024\/11\/2024-ehe-03.jpg?resize=852%2C568&#038;ssl=1\" alt=\"\" class=\"wp-image-26225\" srcset=\"https:\/\/i0.wp.com\/www.valonkuvia.fi\/blogi\/wp-content\/uploads\/2024\/11\/2024-ehe-03.jpg?resize=852%2C568&amp;ssl=1 852w, https:\/\/i0.wp.com\/www.valonkuvia.fi\/blogi\/wp-content\/uploads\/2024\/11\/2024-ehe-03.jpg?resize=426%2C284&amp;ssl=1 426w, https:\/\/i0.wp.com\/www.valonkuvia.fi\/blogi\/wp-content\/uploads\/2024\/11\/2024-ehe-03.jpg?resize=768%2C512&amp;ssl=1 768w, https:\/\/i0.wp.com\/www.valonkuvia.fi\/blogi\/wp-content\/uploads\/2024\/11\/2024-ehe-03.jpg?resize=1536%2C1024&amp;ssl=1 1536w, https:\/\/i0.wp.com\/www.valonkuvia.fi\/blogi\/wp-content\/uploads\/2024\/11\/2024-ehe-03.jpg?resize=2048%2C1366&amp;ssl=1 2048w\" sizes=\"auto, (max-width: 852px) 100vw, 852px\" \/><button\n\t\t\tclass=\"lightbox-trigger\"\n\t\t\ttype=\"button\"\n\t\t\taria-haspopup=\"dialog\"\n\t\t\taria-label=\"Suurenna\"\n\t\t\tdata-wp-init=\"callbacks.initTriggerButton\"\n\t\t\tdata-wp-on--click=\"actions.showLightbox\"\n\t\t\tdata-wp-style--right=\"state.imageButtonRight\"\n\t\t\tdata-wp-style--top=\"state.imageButtonTop\"\n\t\t>\n\t\t\t<svg xmlns=\"http:\/\/www.w3.org\/2000\/svg\" width=\"12\" height=\"12\" fill=\"none\" viewBox=\"0 0 12 12\">\n\t\t\t\t<path fill=\"#fff\" d=\"M2 0a2 2 0 0 0-2 2v2h1.5V2a.5.5 0 0 1 .5-.5h2V0H2Zm2 10.5H2a.5.5 0 0 1-.5-.5V8H0v2a2 2 0 0 0 2 2h2v-1.5ZM8 12v-1.5h2a.5.5 0 0 0 .5-.5V8H12v2a2 2 0 0 1-2 2H8Zm2-12a2 2 0 0 1 2 2v2h-1.5V2a.5.5 0 0 0-.5-.5H8V0h2Z\" \/>\n\t\t\t<\/svg>\n\t\t<\/button><\/figure>\n\n\n\n<figure data-wp-context=\"{&quot;imageId&quot;:&quot;69f445b31fd4f&quot;}\" data-wp-interactive=\"core\/image\" data-wp-key=\"69f445b31fd4f\" class=\"wp-block-image size-large wp-lightbox-container\"><img data-recalc-dims=\"1\" loading=\"lazy\" decoding=\"async\" width=\"852\" height=\"568\" data-wp-class--hide=\"state.isContentHidden\" data-wp-class--show=\"state.isContentVisible\" data-wp-init=\"callbacks.setButtonStyles\" data-wp-on--click=\"actions.showLightbox\" data-wp-on--load=\"callbacks.setButtonStyles\" data-wp-on-window--resize=\"callbacks.setButtonStyles\" data-id=\"26224\" src=\"https:\/\/i0.wp.com\/www.valonkuvia.fi\/blogi\/wp-content\/uploads\/2024\/11\/2024-ehe-02.jpg?resize=852%2C568&#038;ssl=1\" alt=\"\" class=\"wp-image-26224\" srcset=\"https:\/\/i0.wp.com\/www.valonkuvia.fi\/blogi\/wp-content\/uploads\/2024\/11\/2024-ehe-02.jpg?resize=852%2C568&amp;ssl=1 852w, https:\/\/i0.wp.com\/www.valonkuvia.fi\/blogi\/wp-content\/uploads\/2024\/11\/2024-ehe-02.jpg?resize=426%2C284&amp;ssl=1 426w, https:\/\/i0.wp.com\/www.valonkuvia.fi\/blogi\/wp-content\/uploads\/2024\/11\/2024-ehe-02.jpg?resize=768%2C512&amp;ssl=1 768w, https:\/\/i0.wp.com\/www.valonkuvia.fi\/blogi\/wp-content\/uploads\/2024\/11\/2024-ehe-02.jpg?resize=1536%2C1024&amp;ssl=1 1536w, https:\/\/i0.wp.com\/www.valonkuvia.fi\/blogi\/wp-content\/uploads\/2024\/11\/2024-ehe-02.jpg?resize=2048%2C1366&amp;ssl=1 2048w\" sizes=\"auto, (max-width: 852px) 100vw, 852px\" \/><button\n\t\t\tclass=\"lightbox-trigger\"\n\t\t\ttype=\"button\"\n\t\t\taria-haspopup=\"dialog\"\n\t\t\taria-label=\"Suurenna\"\n\t\t\tdata-wp-init=\"callbacks.initTriggerButton\"\n\t\t\tdata-wp-on--click=\"actions.showLightbox\"\n\t\t\tdata-wp-style--right=\"state.imageButtonRight\"\n\t\t\tdata-wp-style--top=\"state.imageButtonTop\"\n\t\t>\n\t\t\t<svg xmlns=\"http:\/\/www.w3.org\/2000\/svg\" width=\"12\" height=\"12\" fill=\"none\" viewBox=\"0 0 12 12\">\n\t\t\t\t<path fill=\"#fff\" d=\"M2 0a2 2 0 0 0-2 2v2h1.5V2a.5.5 0 0 1 .5-.5h2V0H2Zm2 10.5H2a.5.5 0 0 1-.5-.5V8H0v2a2 2 0 0 0 2 2h2v-1.5ZM8 12v-1.5h2a.5.5 0 0 0 .5-.5V8H12v2a2 2 0 0 1-2 2H8Zm2-12a2 2 0 0 1 2 2v2h-1.5V2a.5.5 0 0 0-.5-.5H8V0h2Z\" \/>\n\t\t\t<\/svg>\n\t\t<\/button><\/figure>\n\n\n\n<figure data-wp-context=\"{&quot;imageId&quot;:&quot;69f445b320090&quot;}\" data-wp-interactive=\"core\/image\" data-wp-key=\"69f445b320090\" class=\"wp-block-image size-large wp-lightbox-container\"><img data-recalc-dims=\"1\" loading=\"lazy\" decoding=\"async\" width=\"852\" height=\"568\" data-wp-class--hide=\"state.isContentHidden\" data-wp-class--show=\"state.isContentVisible\" data-wp-init=\"callbacks.setButtonStyles\" data-wp-on--click=\"actions.showLightbox\" data-wp-on--load=\"callbacks.setButtonStyles\" data-wp-on-window--resize=\"callbacks.setButtonStyles\" data-id=\"26222\" src=\"https:\/\/i0.wp.com\/www.valonkuvia.fi\/blogi\/wp-content\/uploads\/2024\/11\/2024-ehe-06.jpg?resize=852%2C568&#038;ssl=1\" alt=\"\" class=\"wp-image-26222\" srcset=\"https:\/\/i0.wp.com\/www.valonkuvia.fi\/blogi\/wp-content\/uploads\/2024\/11\/2024-ehe-06.jpg?resize=852%2C568&amp;ssl=1 852w, https:\/\/i0.wp.com\/www.valonkuvia.fi\/blogi\/wp-content\/uploads\/2024\/11\/2024-ehe-06.jpg?resize=426%2C284&amp;ssl=1 426w, https:\/\/i0.wp.com\/www.valonkuvia.fi\/blogi\/wp-content\/uploads\/2024\/11\/2024-ehe-06.jpg?resize=768%2C512&amp;ssl=1 768w, https:\/\/i0.wp.com\/www.valonkuvia.fi\/blogi\/wp-content\/uploads\/2024\/11\/2024-ehe-06.jpg?resize=1536%2C1024&amp;ssl=1 1536w, https:\/\/i0.wp.com\/www.valonkuvia.fi\/blogi\/wp-content\/uploads\/2024\/11\/2024-ehe-06.jpg?resize=2048%2C1366&amp;ssl=1 2048w\" sizes=\"auto, (max-width: 852px) 100vw, 852px\" \/><button\n\t\t\tclass=\"lightbox-trigger\"\n\t\t\ttype=\"button\"\n\t\t\taria-haspopup=\"dialog\"\n\t\t\taria-label=\"Suurenna\"\n\t\t\tdata-wp-init=\"callbacks.initTriggerButton\"\n\t\t\tdata-wp-on--click=\"actions.showLightbox\"\n\t\t\tdata-wp-style--right=\"state.imageButtonRight\"\n\t\t\tdata-wp-style--top=\"state.imageButtonTop\"\n\t\t>\n\t\t\t<svg xmlns=\"http:\/\/www.w3.org\/2000\/svg\" width=\"12\" height=\"12\" fill=\"none\" viewBox=\"0 0 12 12\">\n\t\t\t\t<path fill=\"#fff\" d=\"M2 0a2 2 0 0 0-2 2v2h1.5V2a.5.5 0 0 1 .5-.5h2V0H2Zm2 10.5H2a.5.5 0 0 1-.5-.5V8H0v2a2 2 0 0 0 2 2h2v-1.5ZM8 12v-1.5h2a.5.5 0 0 0 .5-.5V8H12v2a2 2 0 0 1-2 2H8Zm2-12a2 2 0 0 1 2 2v2h-1.5V2a.5.5 0 0 0-.5-.5H8V0h2Z\" \/>\n\t\t\t<\/svg>\n\t\t<\/button><\/figure>\n\n\n\n<figure data-wp-context=\"{&quot;imageId&quot;:&quot;69f445b320403&quot;}\" data-wp-interactive=\"core\/image\" data-wp-key=\"69f445b320403\" class=\"wp-block-image size-large wp-lightbox-container\"><img data-recalc-dims=\"1\" loading=\"lazy\" decoding=\"async\" width=\"852\" height=\"568\" data-wp-class--hide=\"state.isContentHidden\" data-wp-class--show=\"state.isContentVisible\" data-wp-init=\"callbacks.setButtonStyles\" data-wp-on--click=\"actions.showLightbox\" data-wp-on--load=\"callbacks.setButtonStyles\" data-wp-on-window--resize=\"callbacks.setButtonStyles\" data-id=\"26223\" src=\"https:\/\/i0.wp.com\/www.valonkuvia.fi\/blogi\/wp-content\/uploads\/2024\/11\/2024-ehe-01.jpg?resize=852%2C568&#038;ssl=1\" alt=\"\" class=\"wp-image-26223\" srcset=\"https:\/\/i0.wp.com\/www.valonkuvia.fi\/blogi\/wp-content\/uploads\/2024\/11\/2024-ehe-01.jpg?resize=852%2C568&amp;ssl=1 852w, https:\/\/i0.wp.com\/www.valonkuvia.fi\/blogi\/wp-content\/uploads\/2024\/11\/2024-ehe-01.jpg?resize=426%2C284&amp;ssl=1 426w, https:\/\/i0.wp.com\/www.valonkuvia.fi\/blogi\/wp-content\/uploads\/2024\/11\/2024-ehe-01.jpg?resize=768%2C512&amp;ssl=1 768w, https:\/\/i0.wp.com\/www.valonkuvia.fi\/blogi\/wp-content\/uploads\/2024\/11\/2024-ehe-01.jpg?resize=1536%2C1024&amp;ssl=1 1536w, https:\/\/i0.wp.com\/www.valonkuvia.fi\/blogi\/wp-content\/uploads\/2024\/11\/2024-ehe-01.jpg?resize=2048%2C1366&amp;ssl=1 2048w\" sizes=\"auto, (max-width: 852px) 100vw, 852px\" \/><button\n\t\t\tclass=\"lightbox-trigger\"\n\t\t\ttype=\"button\"\n\t\t\taria-haspopup=\"dialog\"\n\t\t\taria-label=\"Suurenna\"\n\t\t\tdata-wp-init=\"callbacks.initTriggerButton\"\n\t\t\tdata-wp-on--click=\"actions.showLightbox\"\n\t\t\tdata-wp-style--right=\"state.imageButtonRight\"\n\t\t\tdata-wp-style--top=\"state.imageButtonTop\"\n\t\t>\n\t\t\t<svg xmlns=\"http:\/\/www.w3.org\/2000\/svg\" width=\"12\" height=\"12\" fill=\"none\" viewBox=\"0 0 12 12\">\n\t\t\t\t<path fill=\"#fff\" d=\"M2 0a2 2 0 0 0-2 2v2h1.5V2a.5.5 0 0 1 .5-.5h2V0H2Zm2 10.5H2a.5.5 0 0 1-.5-.5V8H0v2a2 2 0 0 0 2 2h2v-1.5ZM8 12v-1.5h2a.5.5 0 0 0 .5-.5V8H12v2a2 2 0 0 1-2 2H8Zm2-12a2 2 0 0 1 2 2v2h-1.5V2a.5.5 0 0 0-.5-.5H8V0h2Z\" \/>\n\t\t\t<\/svg>\n\t\t<\/button><\/figure>\n<\/figure>\n\n\n\n<p>Festivaalilauantaina Pakkahuoneella esiintyi viel\u00e4 nelj\u00e4s amerikkalainen yhtye, <strong>Donald Harrison Quartet<\/strong>, jonka konserttia en jaksanut j\u00e4\u00e4d\u00e4 kuuntelemaan.<\/p>\n\n\n\n<h4 class=\"wp-block-heading\">Valokuvauksesta<\/h4>\n\n\n\n<p>Olin hankkinut kuvausluvan ja istuin koko ajan eturiviss\u00e4 edell\u00e4 mainitun Bushman\u2019s Revengen keikan loppuosaa lukuun ottamatta. Noudatin vanhoja <a href=\"https:\/\/www.valonkuvia.fi\/blogi\/wp-content\/uploads\/2024\/11\/periaatteet.jpg\" data-type=\"link\" data-id=\"https:\/\/www.valonkuvia.fi\/blogi\/wp-content\/uploads\/2024\/11\/periaatteet.jpg\">periaatteitani<\/a> ja tyydyin istumapaikan tarjoamaan kuvakulmaan, ainoana poikkeuksena postauksen ensimm\u00e4inen kuva Kahil El\u2019Zabarista, jota varten siirryin hetkeksi kuvaamaan lavan eteen. <\/p>\n\n\n\n<h4 class=\"wp-block-heading\">Pakkahuone remonttiin<\/h4>\n\n\n\n<p>Tullikamarin Pakkahuone menee nyt remonttiin ja festivaali joutuu hakemaan uuden paikan ainakin kahdeksi vuodeksi. Uudesta tilasta ilmoitetaan my\u00f6hemmin. Ehk\u00e4 nyt l\u00f6ytyy sellainen paikka, jossa osa ohjelmasta voidaan esitt\u00e4\u00e4 akustisesti tai ainakin v\u00e4h\u00e4isell\u00e4 vahvistuksella. Sellaista pienimuotoiselle kamarijazzille ihanteellista tilaa Jazz Happeningilla ei ole ollut.\u00a0<\/p>\n\n\n\n<h4 class=\"wp-block-heading\">Vuoden nuori taiteilija<\/h4>\n\n\n\n<figure data-wp-context=\"{&quot;imageId&quot;:&quot;69f445b32173f&quot;}\" data-wp-interactive=\"core\/image\" data-wp-key=\"69f445b32173f\" class=\"wp-block-image aligncenter size-large wp-lightbox-container\"><img data-recalc-dims=\"1\" loading=\"lazy\" decoding=\"async\" width=\"852\" height=\"479\" data-wp-class--hide=\"state.isContentHidden\" data-wp-class--show=\"state.isContentVisible\" data-wp-init=\"callbacks.setButtonStyles\" data-wp-on--click=\"actions.showLightbox\" data-wp-on--load=\"callbacks.setButtonStyles\" data-wp-on-window--resize=\"callbacks.setButtonStyles\" src=\"https:\/\/i0.wp.com\/www.valonkuvia.fi\/blogi\/wp-content\/uploads\/2024\/11\/2024-vuoden-nuori-taiteilja.jpg?resize=852%2C479&#038;ssl=1\" alt=\"\" class=\"wp-image-26216\" srcset=\"https:\/\/i0.wp.com\/www.valonkuvia.fi\/blogi\/wp-content\/uploads\/2024\/11\/2024-vuoden-nuori-taiteilja.jpg?resize=852%2C479&amp;ssl=1 852w, https:\/\/i0.wp.com\/www.valonkuvia.fi\/blogi\/wp-content\/uploads\/2024\/11\/2024-vuoden-nuori-taiteilja.jpg?resize=426%2C240&amp;ssl=1 426w, https:\/\/i0.wp.com\/www.valonkuvia.fi\/blogi\/wp-content\/uploads\/2024\/11\/2024-vuoden-nuori-taiteilja.jpg?resize=768%2C432&amp;ssl=1 768w, https:\/\/i0.wp.com\/www.valonkuvia.fi\/blogi\/wp-content\/uploads\/2024\/11\/2024-vuoden-nuori-taiteilja.jpg?resize=1536%2C864&amp;ssl=1 1536w, https:\/\/i0.wp.com\/www.valonkuvia.fi\/blogi\/wp-content\/uploads\/2024\/11\/2024-vuoden-nuori-taiteilja.jpg?resize=2048%2C1152&amp;ssl=1 2048w\" sizes=\"auto, (max-width: 852px) 100vw, 852px\" \/><button\n\t\t\tclass=\"lightbox-trigger\"\n\t\t\ttype=\"button\"\n\t\t\taria-haspopup=\"dialog\"\n\t\t\taria-label=\"Suurenna\"\n\t\t\tdata-wp-init=\"callbacks.initTriggerButton\"\n\t\t\tdata-wp-on--click=\"actions.showLightbox\"\n\t\t\tdata-wp-style--right=\"state.imageButtonRight\"\n\t\t\tdata-wp-style--top=\"state.imageButtonTop\"\n\t\t>\n\t\t\t<svg xmlns=\"http:\/\/www.w3.org\/2000\/svg\" width=\"12\" height=\"12\" fill=\"none\" viewBox=\"0 0 12 12\">\n\t\t\t\t<path fill=\"#fff\" d=\"M2 0a2 2 0 0 0-2 2v2h1.5V2a.5.5 0 0 1 .5-.5h2V0H2Zm2 10.5H2a.5.5 0 0 1-.5-.5V8H0v2a2 2 0 0 0 2 2h2v-1.5ZM8 12v-1.5h2a.5.5 0 0 0 .5-.5V8H12v2a2 2 0 0 1-2 2H8Zm2-12a2 2 0 0 1 2 2v2h-1.5V2a.5.5 0 0 0-.5-.5H8V0h2Z\" \/>\n\t\t\t<\/svg>\n\t\t<\/button><\/figure>\n\n\n\n<p>Jazzin kuuntelun lis\u00e4ksi ehdin piipahtaa my\u00f6s Tampereen taidemuseossa, jossa oli esill\u00e4 vuoden nuoren taiteilijan <strong>Suvi Sysin<\/strong> grafiikan ja kuvanveiston keinoja yhdistelev\u00e4 hieno n\u00e4yttely. N\u00e4yttely jatkuu viel\u00e4 12.1.2025 saakka ja se kannattaa ottaa k\u00e4yntikohteeksi Tampereella.<\/p>\n","protected":false},"excerpt":{"rendered":"<p>Marraskuun alun h\u00e4m\u00e4riss\u00e4 juhlittava Tampere Jazz Happening tarjoaa kuulijalle kulttuurisen turvapaikan syksyn pimeyden keskelle. T\u00e4n\u00e4 vuonna ajatus kulttuurin valosta tuntui entist\u00e4 osuvammalta, kun sotien ja Amerikan vaaliasetelmien pimeys tuntuu kaatuvan p\u00e4\u00e4lle. Lis\u00e4ksi hallituksen suorastaan kulttuurivihamielisen leikkauspolitiikan seuraukset olivat festivaalin ohessa j\u00e4rjestetyn Suomen Jazzliiton vuosikokouksen p\u00e4\u00e4aiheita. Kuitenkin musiikin monipuolisuus ja liiton yhdistyksiss\u00e4 kulttuurity\u00f6t\u00e4 tekevien p\u00e4\u00e4tt\u00e4v\u00e4isyys j\u00e4ttiv\u00e4t [&hellip;]<\/p>\n","protected":false},"author":1,"featured_media":26224,"comment_status":"open","ping_status":"open","sticky":false,"template":"","format":"standard","meta":{"ngg_post_thumbnail":0,"_jetpack_memberships_contains_paid_content":false,"footnotes":"","jetpack_publicize_message":"","jetpack_publicize_feature_enabled":true,"jetpack_social_post_already_shared":true,"jetpack_social_options":{"image_generator_settings":{"template":"highway","default_image_id":0,"font":"","enabled":false},"version":2}},"categories":[3,10],"tags":[344,20,176,80,561,1065,991,192,1151,382,18,79,219,54],"class_list":["post-26209","post","type-post","status-publish","format-standard","has-post-thumbnail","hentry","category-jazz","category-valokuvaus","tag-aki-takase","tag-amerikkalainen-jazz","tag-antti-lotjonen","tag-eurooppalainen-jazz","tag-festivaaliraportti","tag-gard-nilssen","tag-jazzfestivaalit","tag-kari-ikonen","tag-kimmo-pohjonen","tag-mats-gustafsson","tag-suomalainen-jazz","tag-suomen-jazzliitto","tag-tampere-jazz-happening","tag-yrjo-palkinto"],"jetpack_publicize_connections":[],"jetpack_featured_media_url":"https:\/\/i0.wp.com\/www.valonkuvia.fi\/blogi\/wp-content\/uploads\/2024\/11\/2024-ehe-02.jpg?fit=2500%2C1667&ssl=1","jetpack_likes_enabled":false,"jetpack_sharing_enabled":true,"_links":{"self":[{"href":"https:\/\/www.valonkuvia.fi\/blogi\/wp-json\/wp\/v2\/posts\/26209","targetHints":{"allow":["GET"]}}],"collection":[{"href":"https:\/\/www.valonkuvia.fi\/blogi\/wp-json\/wp\/v2\/posts"}],"about":[{"href":"https:\/\/www.valonkuvia.fi\/blogi\/wp-json\/wp\/v2\/types\/post"}],"author":[{"embeddable":true,"href":"https:\/\/www.valonkuvia.fi\/blogi\/wp-json\/wp\/v2\/users\/1"}],"replies":[{"embeddable":true,"href":"https:\/\/www.valonkuvia.fi\/blogi\/wp-json\/wp\/v2\/comments?post=26209"}],"version-history":[{"count":11,"href":"https:\/\/www.valonkuvia.fi\/blogi\/wp-json\/wp\/v2\/posts\/26209\/revisions"}],"predecessor-version":[{"id":26236,"href":"https:\/\/www.valonkuvia.fi\/blogi\/wp-json\/wp\/v2\/posts\/26209\/revisions\/26236"}],"wp:featuredmedia":[{"embeddable":true,"href":"https:\/\/www.valonkuvia.fi\/blogi\/wp-json\/wp\/v2\/media\/26224"}],"wp:attachment":[{"href":"https:\/\/www.valonkuvia.fi\/blogi\/wp-json\/wp\/v2\/media?parent=26209"}],"wp:term":[{"taxonomy":"category","embeddable":true,"href":"https:\/\/www.valonkuvia.fi\/blogi\/wp-json\/wp\/v2\/categories?post=26209"},{"taxonomy":"post_tag","embeddable":true,"href":"https:\/\/www.valonkuvia.fi\/blogi\/wp-json\/wp\/v2\/tags?post=26209"}],"curies":[{"name":"wp","href":"https:\/\/api.w.org\/{rel}","templated":true}]}}