{"id":26309,"date":"2024-11-23T22:47:06","date_gmt":"2024-11-23T20:47:06","guid":{"rendered":"https:\/\/www.valonkuvia.fi\/blogi\/?p=26309"},"modified":"2024-11-23T22:49:45","modified_gmt":"2024-11-23T20:49:45","slug":"unionen-unionen","status":"publish","type":"post","link":"https:\/\/www.valonkuvia.fi\/blogi\/unionen-unionen\/","title":{"rendered":"Unionen: Unionen (We Jazz, 2024)"},"content":{"rendered":"\n<figure class=\"wp-block-image size-large\"><img data-recalc-dims=\"1\" loading=\"lazy\" decoding=\"async\" width=\"852\" height=\"568\" src=\"https:\/\/i0.wp.com\/www.valonkuvia.fi\/blogi\/wp-content\/uploads\/2024\/11\/Unionen-3-photo-Mats-A%CC%88leklint.jpg?resize=852%2C568&#038;ssl=1\" alt=\"\" class=\"wp-image-26310\" srcset=\"https:\/\/i0.wp.com\/www.valonkuvia.fi\/blogi\/wp-content\/uploads\/2024\/11\/Unionen-3-photo-Mats-A%CC%88leklint-scaled.jpg?resize=852%2C568&amp;ssl=1 852w, https:\/\/i0.wp.com\/www.valonkuvia.fi\/blogi\/wp-content\/uploads\/2024\/11\/Unionen-3-photo-Mats-A%CC%88leklint-scaled.jpg?resize=426%2C284&amp;ssl=1 426w, https:\/\/i0.wp.com\/www.valonkuvia.fi\/blogi\/wp-content\/uploads\/2024\/11\/Unionen-3-photo-Mats-A%CC%88leklint-scaled.jpg?resize=768%2C512&amp;ssl=1 768w, https:\/\/i0.wp.com\/www.valonkuvia.fi\/blogi\/wp-content\/uploads\/2024\/11\/Unionen-3-photo-Mats-A%CC%88leklint-scaled.jpg?resize=1536%2C1025&amp;ssl=1 1536w, https:\/\/i0.wp.com\/www.valonkuvia.fi\/blogi\/wp-content\/uploads\/2024\/11\/Unionen-3-photo-Mats-A%CC%88leklint-scaled.jpg?resize=2048%2C1366&amp;ssl=1 2048w\" sizes=\"auto, (max-width: 852px) 100vw, 852px\" \/><figcaption class=\"wp-element-caption\">Unionen. Kuva: Mats \u00c4leklint<\/figcaption><\/figure>\n\n\n\n<p>Kahden ruotsalaisen ja kahden norjalaisen muusikon yhteenliittym\u00e4 hakee nimens\u00e4 Ruotsin ja Norjan kuningaskuntien yhteisen unionin ajoilta 1814-1905. Kvartetti katsoo nimess\u00e4\u00e4n menneisyyteen, mutta musiikissaan se tekee kaikkea muuta hakemalla tuoreita soundeja ja v\u00e4lttelem\u00e4ll\u00e4 perinteiden painolasteja.<\/p>\n\n\n\n<p>Yhtyeen musiikissa on hahmotettavissa muitakin liittolaisuuksia kuin soittajien kansallisuuksiin perustuva ilmeinen yhteys. Unionen yhdist\u00e4\u00e4 akustisten soittimien ja s\u00e4hk\u00f6isi\u00e4 sointeja tavalla, joka on tuttu levyn tuottajan ja basistin <strong>Petter Eldhin<\/strong> muita projekteja (esimerkiksi <a href=\"https:\/\/www.valonkuvia.fi\/blogi\/?s=koma+saxo\">Koma Saxon<\/a> eri muunnelmat) tunteville kuulijoille eli akustisen ja elektronisen musiikin v\u00e4linen raja h\u00e4ipyy kokonaan.<\/p>\n\n\n\n<p><strong>Per &#8221;Texas&#8221; Johansson<\/strong> on multi-instrumentalisti, jonka soitinvalikoima tuo levylle j\u00e4nnitt\u00e4vi\u00e4 s\u00e4vyj\u00e4. Esimerkiksi kontrabassoklarinetti m\u00f6risee itsepintaisesti toistuvaa riffi\u00e4 kappaleella &#8221;<em>Ganska L\u00e5ngt Ut P\u00e5 V\u00e4nsterkanten<\/em>&#8221; ja jazzissa harvoin kuultu englannintorvi ehdottaa unionia klassisen kamarimusiikin kanssa albumin nimiraidalla ja heti seuraavalla &#8221;<em>Search Partylla<\/em>&#8221;. <\/p>\n\n\n\n<p>Unionen maalaa p\u00e4\u00e4osin rauhallisesti viipyilev\u00e4\u00e4 ja mietiskelev\u00e4\u00e4 maisemakuvaa, johon &#8221;<em>Den Grimme Elling<\/em>&#8221; ja &#8221;<em>6983<\/em>&#8221; tuovat vauhdikasta energiaa ja svengaavia v\u00e4riroiskeita. &#8221;<em>Unionen<\/em>&#8221; on tunnelmaltaan tiivis kokonaisuus, joka tarjoaa tuoreen n\u00e4k\u00f6kulman kamarijazzin ajatukseen. Luonnollisesti lis\u00e4\u00e4n ja kestoltaan kompaktin (36 minuuttia) albumin blogin kuuntelusuositusten listalla: \u201c<a href=\"https:\/\/docs.google.com\/document\/d\/164fOSEY53E2ICehK1jmBCqyv54Y2t8vmFQ5HsbQ3TiQ\/edit?usp=sharing\">Vuoden valinnat 2024<\/a>\u201d.\u00a0<\/p>\n\n\n\n<p><strong>Unionen<\/strong>: Unionen (We Jazz, 2024)<br><em>Per &#8221;Texas&#8221; Johansson, tenorisaksofoni, klarinetti, kontrabassoklarinetti, englannintorvi, huilu, St\u00e5le St\u00f8rlokken, piano, fender rhodes, syntetisaattori<br>Petter Eldh, basso, s\u00e4hk\u00f6basso, mpc, Gard Nilssen, rummut, ly\u00f6m\u00e4soittimet + vieraana yhdell\u00e4 raidalla Mattias St\u00e5hl, vibrafoni<\/em><\/p>\n\n\n\n<figure class=\"wp-block-image aligncenter size-medium\"><img data-recalc-dims=\"1\" loading=\"lazy\" decoding=\"async\" width=\"426\" height=\"426\" src=\"https:\/\/i0.wp.com\/www.valonkuvia.fi\/blogi\/wp-content\/uploads\/2024\/11\/WJLP79-Unionen-DIGI.jpg?resize=426%2C426&#038;ssl=1\" alt=\"\" class=\"wp-image-26311\" srcset=\"https:\/\/i0.wp.com\/www.valonkuvia.fi\/blogi\/wp-content\/uploads\/2024\/11\/WJLP79-Unionen-DIGI-scaled.jpg?resize=426%2C426&amp;ssl=1 426w, https:\/\/i0.wp.com\/www.valonkuvia.fi\/blogi\/wp-content\/uploads\/2024\/11\/WJLP79-Unionen-DIGI-scaled.jpg?resize=852%2C852&amp;ssl=1 852w, https:\/\/i0.wp.com\/www.valonkuvia.fi\/blogi\/wp-content\/uploads\/2024\/11\/WJLP79-Unionen-DIGI-scaled.jpg?resize=150%2C150&amp;ssl=1 150w, https:\/\/i0.wp.com\/www.valonkuvia.fi\/blogi\/wp-content\/uploads\/2024\/11\/WJLP79-Unionen-DIGI-scaled.jpg?resize=768%2C768&amp;ssl=1 768w, https:\/\/i0.wp.com\/www.valonkuvia.fi\/blogi\/wp-content\/uploads\/2024\/11\/WJLP79-Unionen-DIGI-scaled.jpg?resize=400%2C400&amp;ssl=1 400w, https:\/\/i0.wp.com\/www.valonkuvia.fi\/blogi\/wp-content\/uploads\/2024\/11\/WJLP79-Unionen-DIGI-scaled.jpg?resize=1536%2C1536&amp;ssl=1 1536w, https:\/\/i0.wp.com\/www.valonkuvia.fi\/blogi\/wp-content\/uploads\/2024\/11\/WJLP79-Unionen-DIGI-scaled.jpg?resize=2048%2C2048&amp;ssl=1 2048w, https:\/\/i0.wp.com\/www.valonkuvia.fi\/blogi\/wp-content\/uploads\/2024\/11\/WJLP79-Unionen-DIGI-scaled.jpg?resize=120%2C120&amp;ssl=1 120w\" sizes=\"auto, (max-width: 426px) 100vw, 426px\" \/><\/figure>\n\n\n\n<p><\/p>\n","protected":false},"excerpt":{"rendered":"<p>Kahden ruotsalaisen ja kahden norjalaisen muusikon yhteenliittym\u00e4 hakee nimens\u00e4 Ruotsin ja Norjan kuningaskuntien yhteisen unionin ajoilta 1814-1905. Kvartetti katsoo nimess\u00e4\u00e4n menneisyyteen, mutta musiikissaan se tekee kaikkea muuta hakemalla tuoreita soundeja ja v\u00e4lttelem\u00e4ll\u00e4 perinteiden painolasteja. Yhtyeen musiikissa on hahmotettavissa muitakin liittolaisuuksia kuin soittajien kansallisuuksiin perustuva ilmeinen yhteys. Unionen yhdist\u00e4\u00e4 akustisten soittimien ja s\u00e4hk\u00f6isi\u00e4 sointeja tavalla, joka [&hellip;]<\/p>\n","protected":false},"author":1,"featured_media":26310,"comment_status":"open","ping_status":"open","sticky":false,"template":"","format":"standard","meta":{"ngg_post_thumbnail":0,"_jetpack_memberships_contains_paid_content":false,"footnotes":"","jetpack_publicize_message":"","jetpack_publicize_feature_enabled":true,"jetpack_social_post_already_shared":true,"jetpack_social_options":{"image_generator_settings":{"template":"highway","default_image_id":0,"font":"","enabled":false},"version":2}},"categories":[3],"tags":[80,1065,13,1160,640,1161,14,148],"class_list":["post-26309","post","type-post","status-publish","format-standard","has-post-thumbnail","hentry","category-jazz","tag-eurooppalainen-jazz","tag-gard-nilssen","tag-jazzlevyt-2","tag-per-texas-johansson","tag-petter-eldh","tag-stale-storlokken","tag-ruotsalainen-jazz","tag-we-jazz"],"jetpack_publicize_connections":[],"jetpack_featured_media_url":"https:\/\/i0.wp.com\/www.valonkuvia.fi\/blogi\/wp-content\/uploads\/2024\/11\/Unionen-3-photo-Mats-A%CC%88leklint-scaled.jpg?fit=2560%2C1708&ssl=1","jetpack_likes_enabled":false,"jetpack_sharing_enabled":true,"_links":{"self":[{"href":"https:\/\/www.valonkuvia.fi\/blogi\/wp-json\/wp\/v2\/posts\/26309","targetHints":{"allow":["GET"]}}],"collection":[{"href":"https:\/\/www.valonkuvia.fi\/blogi\/wp-json\/wp\/v2\/posts"}],"about":[{"href":"https:\/\/www.valonkuvia.fi\/blogi\/wp-json\/wp\/v2\/types\/post"}],"author":[{"embeddable":true,"href":"https:\/\/www.valonkuvia.fi\/blogi\/wp-json\/wp\/v2\/users\/1"}],"replies":[{"embeddable":true,"href":"https:\/\/www.valonkuvia.fi\/blogi\/wp-json\/wp\/v2\/comments?post=26309"}],"version-history":[{"count":6,"href":"https:\/\/www.valonkuvia.fi\/blogi\/wp-json\/wp\/v2\/posts\/26309\/revisions"}],"predecessor-version":[{"id":26317,"href":"https:\/\/www.valonkuvia.fi\/blogi\/wp-json\/wp\/v2\/posts\/26309\/revisions\/26317"}],"wp:featuredmedia":[{"embeddable":true,"href":"https:\/\/www.valonkuvia.fi\/blogi\/wp-json\/wp\/v2\/media\/26310"}],"wp:attachment":[{"href":"https:\/\/www.valonkuvia.fi\/blogi\/wp-json\/wp\/v2\/media?parent=26309"}],"wp:term":[{"taxonomy":"category","embeddable":true,"href":"https:\/\/www.valonkuvia.fi\/blogi\/wp-json\/wp\/v2\/categories?post=26309"},{"taxonomy":"post_tag","embeddable":true,"href":"https:\/\/www.valonkuvia.fi\/blogi\/wp-json\/wp\/v2\/tags?post=26309"}],"curies":[{"name":"wp","href":"https:\/\/api.w.org\/{rel}","templated":true}]}}