{"id":26354,"date":"2024-12-12T23:24:10","date_gmt":"2024-12-12T21:24:10","guid":{"rendered":"https:\/\/www.valonkuvia.fi\/blogi\/?p=26354"},"modified":"2025-10-06T22:55:14","modified_gmt":"2025-10-06T19:55:14","slug":"elin-forkelid-songs-to-keep-your-company-on-a-dark-night","status":"publish","type":"post","link":"https:\/\/www.valonkuvia.fi\/blogi\/elin-forkelid-songs-to-keep-your-company-on-a-dark-night\/","title":{"rendered":"Elin Forkelid: Songs to Keep Your Company On A Dark Night (Sail Cabin Records, 2024)"},"content":{"rendered":"\n<figure data-wp-context=\"{&quot;imageId&quot;:&quot;69f2bce292f02&quot;}\" data-wp-interactive=\"core\/image\" data-wp-key=\"69f2bce292f02\" class=\"wp-block-image aligncenter size-full wp-lightbox-container\"><img data-recalc-dims=\"1\" loading=\"lazy\" decoding=\"async\" width=\"767\" height=\"767\" data-wp-class--hide=\"state.isContentHidden\" data-wp-class--show=\"state.isContentVisible\" data-wp-init=\"callbacks.setButtonStyles\" data-wp-on--click=\"actions.showLightbox\" data-wp-on--load=\"callbacks.setButtonStyles\" data-wp-on-window--resize=\"callbacks.setButtonStyles\" src=\"https:\/\/i0.wp.com\/www.valonkuvia.fi\/blogi\/wp-content\/uploads\/2024\/12\/elin_larsson_forkelid_by_peter_gannushkin-03.jpg?resize=767%2C767&#038;ssl=1\" alt=\"\" class=\"wp-image-26355\" srcset=\"https:\/\/i0.wp.com\/www.valonkuvia.fi\/blogi\/wp-content\/uploads\/2024\/12\/elin_larsson_forkelid_by_peter_gannushkin-03.jpg?w=767&amp;ssl=1 767w, https:\/\/i0.wp.com\/www.valonkuvia.fi\/blogi\/wp-content\/uploads\/2024\/12\/elin_larsson_forkelid_by_peter_gannushkin-03.jpg?resize=426%2C426&amp;ssl=1 426w, https:\/\/i0.wp.com\/www.valonkuvia.fi\/blogi\/wp-content\/uploads\/2024\/12\/elin_larsson_forkelid_by_peter_gannushkin-03.jpg?resize=150%2C150&amp;ssl=1 150w, https:\/\/i0.wp.com\/www.valonkuvia.fi\/blogi\/wp-content\/uploads\/2024\/12\/elin_larsson_forkelid_by_peter_gannushkin-03.jpg?resize=400%2C400&amp;ssl=1 400w, https:\/\/i0.wp.com\/www.valonkuvia.fi\/blogi\/wp-content\/uploads\/2024\/12\/elin_larsson_forkelid_by_peter_gannushkin-03.jpg?resize=120%2C120&amp;ssl=1 120w\" sizes=\"auto, (max-width: 767px) 100vw, 767px\" \/><button\n\t\t\tclass=\"lightbox-trigger\"\n\t\t\ttype=\"button\"\n\t\t\taria-haspopup=\"dialog\"\n\t\t\taria-label=\"Suurenna\"\n\t\t\tdata-wp-init=\"callbacks.initTriggerButton\"\n\t\t\tdata-wp-on--click=\"actions.showLightbox\"\n\t\t\tdata-wp-style--right=\"state.imageButtonRight\"\n\t\t\tdata-wp-style--top=\"state.imageButtonTop\"\n\t\t>\n\t\t\t<svg xmlns=\"http:\/\/www.w3.org\/2000\/svg\" width=\"12\" height=\"12\" fill=\"none\" viewBox=\"0 0 12 12\">\n\t\t\t\t<path fill=\"#fff\" d=\"M2 0a2 2 0 0 0-2 2v2h1.5V2a.5.5 0 0 1 .5-.5h2V0H2Zm2 10.5H2a.5.5 0 0 1-.5-.5V8H0v2a2 2 0 0 0 2 2h2v-1.5ZM8 12v-1.5h2a.5.5 0 0 0 .5-.5V8H12v2a2 2 0 0 1-2 2H8Zm2-12a2 2 0 0 1 2 2v2h-1.5V2a.5.5 0 0 0-.5-.5H8V0h2Z\" \/>\n\t\t\t<\/svg>\n\t\t<\/button><figcaption class=\"wp-element-caption\"><em>Elin Forkelid. Kuva: Peter Gannushkin<\/em><\/figcaption><\/figure>\n\n\n\n<p>Jostain kumman syyst\u00e4 en ole viel\u00e4 t\u00e4h\u00e4n menness\u00e4 esitellyt Valon kuvia -blogissa ruotsalaisen saksofonistin <strong>Elin Forkelidin<\/strong> musiikkia, joten nyt on jo korkea aika korjata t\u00e4m\u00e4 puute. Forkelid julkaisi ensimm\u00e4isen levyns\u00e4 jo vuonna 2009, tuolloin viel\u00e4 nimell\u00e4 Elin Larsson. Sen j\u00e4lkeen h\u00e4n on omien yhtyeidens\u00e4 lis\u00e4ksi soittanut rivij\u00e4senen\u00e4 esimerkiksi Anna H\u00f6gberg Attack -yhtyeess\u00e4 ja <strong>Mats Gustafssonin<\/strong> Fire!-orkesterissa. Lars Gullin -palkinto ja Ruotsin jazzliiton Jazzkannan-tunnustus todistavat arvostetusta asemasta aivan ruotsalaisen jazzin eturiviss\u00e4.<\/p>\n\n\n\n<p>Vuonna 2020 Forkelid perusti omaa musiikkiaan varten oman levymerkin nimelt\u00e4 <a href=\"https:\/\/sailcabinrecords.bandcamp.com\/\">Sail Cabin Records<\/a>, joka on t\u00e4h\u00e4n menness\u00e4 julkaissut nelj\u00e4 albumia. Vuonna 2020 ilmestyi arvostelumenestys &#8221;<em>Elin Forkelid Plays for Trane<\/em>&#8221;, jolla Forkelidin yhtye tulkitsee John Coltranen musiikkia.  Forkelidin yhdess\u00e4 kitaristi David Stacken\u00e4sin kanssa johtama Sol Sol -kvartetti on tehnyt kaksi albumia, &#8221;<em>What Year Is It?<\/em>&#8221; (2022) ja &#8221;<em>Almost All Things Considered<\/em>&#8221; 2024. <\/p>\n\n\n\n<p>Nelj\u00e4s Sail Cabin Recordsin albumi on nyt esittelyss\u00e4 oleva &#8221;<em>Songs to Keep Your Company On A Dark Night<\/em>&#8221; marraskuulta 2024. Forkelidin pitk\u00e4aikaisen yhteisty\u00f6kumppanin kitaristi <strong>David Stacken\u00e4sin<\/strong> lis\u00e4ksi levyll\u00e4 soittavat trumpetisti <strong>Tobias Wiklund<\/strong> ja basisti <strong>Mats Dimming<\/strong>. Levyll\u00e4 on seitsem\u00e4n kappaletta, viisi Forkelidin s\u00e4vellyst\u00e4 kyn\u00e4st\u00e4 ja kaksi lainakappaletta, <strong>Carla Bleyn<\/strong> &#8221;<em>Ida Lupino<\/em>&#8221; ja Fleetwood Macin ohjelmistosta napattu <strong>Stevie Nicksin<\/strong> laulu &#8221;<em>Landslide<\/em>&#8221;.<\/p>\n\n\n\n<p>Forkelid mainitsee levyns\u00e4 innoittajaksi trumpetisti <strong>Kenny Wheelerin<\/strong> hienon &#8221;<a href=\"https:\/\/www.valonkuvia.fi\/blogi\/vapaasti-leijuvaa-jazzia\/\" data-type=\"post\" data-id=\"8103\"><em>Angel Song<\/em><\/a>&#8221; -albumin (ECM, 1997). Niinp\u00e4 my\u00f6s Forkelidin levyll\u00e4 soittaa kvartetti, johon kuuluu saksofonisti, trumpetisti, kitaristi ja basisti, siis ei rumpalia tai ly\u00f6m\u00e4soittajaa. Kokoonpano (ja tieto sen esikuvasta) ohjaa kuulijan odotuksia vahvasti kamarimusiikin suuntaan. <\/p>\n\n\n\n<p>Albumi leijailee liikkeelle lempe\u00e4ll\u00e4 avausraidalla &#8221;<em>Music for Four<\/em>&#8221;, joka on nimens\u00e4 mukaisesti koko kvartetin yhteispelin tulos, kohokohtanaan tenorisaksofonin ja trumpetin saumaton duetto. My\u00f6s &#8221;<em>Revisiting<\/em>&#8221; maalaa samassa hengess\u00e4 kuulaan kirkkaita maisemia saksofonin ja trumpetin improvisoidessa kuin yhten\u00e4 instrumenttina.<\/p>\n\n\n\n<p>&#8221;<em>Ytterligheter<\/em>&#8221; ja &#8221;<em>Introducing<\/em>&#8221; tarjoavat pohjoismaisen viileyden vastapainoksi tarpeellisia kontrasteja. Edellinen svengaa rennosti ja ilottelee rehev\u00e4sti esimerkiksi Forkelidin rouhean baritonin v\u00e4riroiskeilla ja j\u00e4lkimm\u00e4inen hajoaa fanfaarimaisen teeman j\u00e4lkeen vapaasti improvisoiduiksi sirpaleiksi. Carla Bleyn klassikko p\u00e4\u00e4tt\u00e4\u00e4 tasapainoisen ja lempe\u00e4n lohdullisen albumin, joka selv\u00e4sti korostaa koko yhtyeen kommunikaatiota yksitt\u00e4isten soolosuoritusten sijasta.<\/p>\n\n\n\n<p><strong>Elin Forkelid<\/strong>: Songs to Keep Your Company On A Dark Night (Sail Cabin Records, 2024)<br><em>Elin Forkelid, saksofonit, Tobias Wiklund, trumpetti, kornetti, David Stacken\u00e4s, kitara, Mats Dimming, basso<\/em><\/p>\n\n\n\n<figure data-wp-context=\"{&quot;imageId&quot;:&quot;69f2bce2935e5&quot;}\" data-wp-interactive=\"core\/image\" data-wp-key=\"69f2bce2935e5\" class=\"wp-block-image aligncenter size-medium wp-lightbox-container\"><img data-recalc-dims=\"1\" loading=\"lazy\" decoding=\"async\" width=\"426\" height=\"426\" data-wp-class--hide=\"state.isContentHidden\" data-wp-class--show=\"state.isContentVisible\" data-wp-init=\"callbacks.setButtonStyles\" data-wp-on--click=\"actions.showLightbox\" data-wp-on--load=\"callbacks.setButtonStyles\" data-wp-on-window--resize=\"callbacks.setButtonStyles\" src=\"https:\/\/i0.wp.com\/www.valonkuvia.fi\/blogi\/wp-content\/uploads\/2024\/12\/Eforkelid_kansi.jpg?resize=426%2C426&#038;ssl=1\" alt=\"\" class=\"wp-image-26356\" srcset=\"https:\/\/i0.wp.com\/www.valonkuvia.fi\/blogi\/wp-content\/uploads\/2024\/12\/Eforkelid_kansi.jpg?resize=426%2C426&amp;ssl=1 426w, https:\/\/i0.wp.com\/www.valonkuvia.fi\/blogi\/wp-content\/uploads\/2024\/12\/Eforkelid_kansi.jpg?resize=852%2C852&amp;ssl=1 852w, https:\/\/i0.wp.com\/www.valonkuvia.fi\/blogi\/wp-content\/uploads\/2024\/12\/Eforkelid_kansi.jpg?resize=150%2C150&amp;ssl=1 150w, https:\/\/i0.wp.com\/www.valonkuvia.fi\/blogi\/wp-content\/uploads\/2024\/12\/Eforkelid_kansi.jpg?resize=768%2C769&amp;ssl=1 768w, https:\/\/i0.wp.com\/www.valonkuvia.fi\/blogi\/wp-content\/uploads\/2024\/12\/Eforkelid_kansi.jpg?resize=400%2C400&amp;ssl=1 400w, https:\/\/i0.wp.com\/www.valonkuvia.fi\/blogi\/wp-content\/uploads\/2024\/12\/Eforkelid_kansi.jpg?resize=120%2C120&amp;ssl=1 120w, https:\/\/i0.wp.com\/www.valonkuvia.fi\/blogi\/wp-content\/uploads\/2024\/12\/Eforkelid_kansi.jpg?w=1199&amp;ssl=1 1199w\" sizes=\"auto, (max-width: 426px) 100vw, 426px\" \/><button\n\t\t\tclass=\"lightbox-trigger\"\n\t\t\ttype=\"button\"\n\t\t\taria-haspopup=\"dialog\"\n\t\t\taria-label=\"Suurenna\"\n\t\t\tdata-wp-init=\"callbacks.initTriggerButton\"\n\t\t\tdata-wp-on--click=\"actions.showLightbox\"\n\t\t\tdata-wp-style--right=\"state.imageButtonRight\"\n\t\t\tdata-wp-style--top=\"state.imageButtonTop\"\n\t\t>\n\t\t\t<svg xmlns=\"http:\/\/www.w3.org\/2000\/svg\" width=\"12\" height=\"12\" fill=\"none\" viewBox=\"0 0 12 12\">\n\t\t\t\t<path fill=\"#fff\" d=\"M2 0a2 2 0 0 0-2 2v2h1.5V2a.5.5 0 0 1 .5-.5h2V0H2Zm2 10.5H2a.5.5 0 0 1-.5-.5V8H0v2a2 2 0 0 0 2 2h2v-1.5ZM8 12v-1.5h2a.5.5 0 0 0 .5-.5V8H12v2a2 2 0 0 1-2 2H8Zm2-12a2 2 0 0 1 2 2v2h-1.5V2a.5.5 0 0 0-.5-.5H8V0h2Z\" \/>\n\t\t\t<\/svg>\n\t\t<\/button><\/figure>\n\n\n\n<p class=\"has-text-align-center\">&#8221;<em>Songs to Keep Your Company On A Dark Night<\/em>&#8221; p\u00e4\u00e4see mukaan<br>blogin \u201d<a href=\"https:\/\/docs.google.com\/document\/d\/164fOSEY53E2ICehK1jmBCqyv54Y2t8vmFQ5HsbQ3TiQ\/edit?usp=sharing\">Vuoden valinnat 2024<\/a>\u201d -listalle.<\/p>\n","protected":false},"excerpt":{"rendered":"<p>Jostain kumman syyst\u00e4 en ole viel\u00e4 t\u00e4h\u00e4n menness\u00e4 esitellyt Valon kuvia -blogissa ruotsalaisen saksofonistin Elin Forkelidin musiikkia, joten nyt on jo korkea aika korjata t\u00e4m\u00e4 puute. Forkelid julkaisi ensimm\u00e4isen levyns\u00e4 jo vuonna 2009, tuolloin viel\u00e4 nimell\u00e4 Elin Larsson. Sen j\u00e4lkeen h\u00e4n on omien yhtyeidens\u00e4 lis\u00e4ksi soittanut rivij\u00e4senen\u00e4 esimerkiksi Anna H\u00f6gberg Attack -yhtyeess\u00e4 ja Mats Gustafssonin [&hellip;]<\/p>\n","protected":false},"author":1,"featured_media":26358,"comment_status":"open","ping_status":"open","sticky":false,"template":"","format":"standard","meta":{"ngg_post_thumbnail":0,"_jetpack_memberships_contains_paid_content":false,"footnotes":"","jetpack_publicize_message":"","jetpack_publicize_feature_enabled":true,"jetpack_social_post_already_shared":true,"jetpack_social_options":{"image_generator_settings":{"template":"highway","default_image_id":0,"font":"","enabled":false},"version":2}},"categories":[3],"tags":[934,1164,13,1166,23,14,1165],"class_list":["post-26354","post","type-post","status-publish","format-standard","has-post-thumbnail","hentry","category-jazz","tag-david-stackenas","tag-elin-forkelid","tag-jazzlevyt-2","tag-mats-dimming","tag-saksofoni","tag-ruotsalainen-jazz","tag-tobias-wiklund"],"jetpack_publicize_connections":[],"jetpack_featured_media_url":"https:\/\/i0.wp.com\/www.valonkuvia.fi\/blogi\/wp-content\/uploads\/2024\/12\/Eforkelid_artikkeli.jpg?fit=1199%2C675&ssl=1","jetpack_likes_enabled":false,"jetpack_sharing_enabled":true,"_links":{"self":[{"href":"https:\/\/www.valonkuvia.fi\/blogi\/wp-json\/wp\/v2\/posts\/26354","targetHints":{"allow":["GET"]}}],"collection":[{"href":"https:\/\/www.valonkuvia.fi\/blogi\/wp-json\/wp\/v2\/posts"}],"about":[{"href":"https:\/\/www.valonkuvia.fi\/blogi\/wp-json\/wp\/v2\/types\/post"}],"author":[{"embeddable":true,"href":"https:\/\/www.valonkuvia.fi\/blogi\/wp-json\/wp\/v2\/users\/1"}],"replies":[{"embeddable":true,"href":"https:\/\/www.valonkuvia.fi\/blogi\/wp-json\/wp\/v2\/comments?post=26354"}],"version-history":[{"count":7,"href":"https:\/\/www.valonkuvia.fi\/blogi\/wp-json\/wp\/v2\/posts\/26354\/revisions"}],"predecessor-version":[{"id":27474,"href":"https:\/\/www.valonkuvia.fi\/blogi\/wp-json\/wp\/v2\/posts\/26354\/revisions\/27474"}],"wp:featuredmedia":[{"embeddable":true,"href":"https:\/\/www.valonkuvia.fi\/blogi\/wp-json\/wp\/v2\/media\/26358"}],"wp:attachment":[{"href":"https:\/\/www.valonkuvia.fi\/blogi\/wp-json\/wp\/v2\/media?parent=26354"}],"wp:term":[{"taxonomy":"category","embeddable":true,"href":"https:\/\/www.valonkuvia.fi\/blogi\/wp-json\/wp\/v2\/categories?post=26354"},{"taxonomy":"post_tag","embeddable":true,"href":"https:\/\/www.valonkuvia.fi\/blogi\/wp-json\/wp\/v2\/tags?post=26354"}],"curies":[{"name":"wp","href":"https:\/\/api.w.org\/{rel}","templated":true}]}}