{"id":26605,"date":"2025-03-14T18:38:27","date_gmt":"2025-03-14T16:38:27","guid":{"rendered":"https:\/\/www.valonkuvia.fi\/blogi\/?p=26605"},"modified":"2025-03-14T22:03:10","modified_gmt":"2025-03-14T20:03:10","slug":"ilkka-arola-adventures-in-the-now","status":"publish","type":"post","link":"https:\/\/www.valonkuvia.fi\/blogi\/ilkka-arola-adventures-in-the-now\/","title":{"rendered":"Ilkka Arola Sound Tagine:\u00a0Adventures in the Now\u00a0(Flame Jazz Records, 2025)"},"content":{"rendered":"\n<figure class=\"wp-block-image size-full\"><img data-recalc-dims=\"1\" loading=\"lazy\" decoding=\"async\" width=\"768\" height=\"470\" src=\"https:\/\/i0.wp.com\/www.valonkuvia.fi\/blogi\/wp-content\/uploads\/2025\/03\/EV106757_7_768x470.jpg?resize=768%2C470&#038;ssl=1\" alt=\"\" class=\"wp-image-26607\" srcset=\"https:\/\/i0.wp.com\/www.valonkuvia.fi\/blogi\/wp-content\/uploads\/2025\/03\/EV106757_7_768x470.jpg?w=768&amp;ssl=1 768w, https:\/\/i0.wp.com\/www.valonkuvia.fi\/blogi\/wp-content\/uploads\/2025\/03\/EV106757_7_768x470.jpg?resize=426%2C261&amp;ssl=1 426w\" sizes=\"auto, (max-width: 768px) 100vw, 768px\" \/><figcaption class=\"wp-element-caption\">Ilkka Arola Sound Tagine. Kuva: Aleks Talve<\/figcaption><\/figure>\n\n\n\n<p>Ilkka Arola Sound Tagine on ehtinyt saada valmiiksi jo nelj\u00e4nnen albuminsa, \u201c<em>Adventures in the Now\u201d<\/em>.  (Blogissa  esill\u00e4 on ollut yhtyeen toinen albumi: \u201c<a href=\"https:\/\/www.valonkuvia.fi\/blogi\/ilkka-arola-sound-tagine-land-ahead\/\" data-type=\"post\" data-id=\"15273\"><em>Land Ahead<\/em>!<\/a>\u201d.) Edelt\u00e4jiens\u00e4 lailla uutuus liikkuu sellaisissa etnojazzin maisemissa, joissa ruotsalaisen <strong>Goran Kajfe\u0161<\/strong> ja h\u00e4nen Subtropic Arkestransa on my\u00f6s liikkunut.<\/p>\n\n\n\n<p>Kun levyn laittaa soimaan, ensimm\u00e4isen\u00e4 huomio kiinnittyy itsepintaisena jatkuvaan grooveen, joka kuljettaa musiikkia m\u00e4\u00e4r\u00e4tietoisesti eteenp\u00e4in. Pian kuulijaa saa kiinni yhtyeenjohtajan <strong>Ilkka Arolan<\/strong> trumpetista, joka vahvimpana soolo\u00e4\u00e4nen\u00e4 kaartuu hellitt\u00e4m\u00e4tt\u00f6m\u00e4n rytmimaton yll\u00e4. Viel\u00e4 tarkempi kuuntelu paljastaa koko yhtyeen huolellisesti kutoman kudoksen, johon kielisoittimet (kitara, bouzouki ja oud), ly\u00f6m\u00e4soittimet ja koskettimet punovat omat s\u00e4ikeens\u00e4. My\u00f6s hienovaraiset laulutaustat avartavat paikoin kuulokuvaa.<\/p>\n\n\n\n<p>Albumin kuusi kappaletta, kaikki Arolan s\u00e4vellyksi\u00e4, muodostavat hypnoottisen kokonaisuuden, josta voi poimia esille vaikkapa levyn avaavan \u201c<em>Ice Creamen<\/em>\u201d tarttuvan poljennon, Arolan uljaan trumpetin kappaleella \u201cWhispers\u201d\u00a0tai kitaristi <strong>Topi Korhosen<\/strong> s\u00e4hk\u00f6isen voiman \u201c<em>Surrenderilla<\/em>\u201d. Albumin viimeiset kymmenen minuuttia valtaa tummilla ja synkeill\u00e4 syntetisaattorin soundeilla alkava \u201c<em>Last 10 Minutes<\/em>\u201d.  Levykansitekstin mukaan p\u00e4\u00e4t\u00f6sraita kyselee, mit\u00e4 tekisit maapallon viimeisen kymmenen minuutin aikana. Kun <strong>Juice Leskinen<\/strong> kehottaa maailman loppuessa istuttamaan omenapuun, turvautuu Sound Tagine puolestaan vapauttavaan svengiin ja saattelee albumin surumielisen melodian voimin kuitenkin lohdulliseen p\u00e4\u00e4t\u00f6kseen.\u00a0<\/p>\n\n\n\n<figure class=\"wp-block-image size-large\"><img data-recalc-dims=\"1\" loading=\"lazy\" decoding=\"async\" width=\"852\" height=\"479\" src=\"https:\/\/i0.wp.com\/www.valonkuvia.fi\/blogi\/wp-content\/uploads\/2025\/03\/arola-2019.jpg?resize=852%2C479&#038;ssl=1\" alt=\"\" class=\"wp-image-26608\" srcset=\"https:\/\/i0.wp.com\/www.valonkuvia.fi\/blogi\/wp-content\/uploads\/2025\/03\/arola-2019.jpg?resize=852%2C479&amp;ssl=1 852w, https:\/\/i0.wp.com\/www.valonkuvia.fi\/blogi\/wp-content\/uploads\/2025\/03\/arola-2019.jpg?resize=426%2C240&amp;ssl=1 426w, https:\/\/i0.wp.com\/www.valonkuvia.fi\/blogi\/wp-content\/uploads\/2025\/03\/arola-2019.jpg?resize=768%2C432&amp;ssl=1 768w, https:\/\/i0.wp.com\/www.valonkuvia.fi\/blogi\/wp-content\/uploads\/2025\/03\/arola-2019.jpg?resize=1536%2C864&amp;ssl=1 1536w, https:\/\/i0.wp.com\/www.valonkuvia.fi\/blogi\/wp-content\/uploads\/2025\/03\/arola-2019.jpg?resize=2048%2C1152&amp;ssl=1 2048w\" sizes=\"auto, (max-width: 852px) 100vw, 852px\" \/><figcaption class=\"wp-element-caption\">Ilkka Arola, Turku Jazz 2019<\/figcaption><\/figure>\n\n\n\n<p><strong>Ilkka Arola Sound Tagine<\/strong>:&nbsp;Adventures in the Now&nbsp;(Flame Jazz Records, 2025)<br><em>Ilkka Arola, trumpetti, bouzouki, syntetisaattori, laulu, Topi Korhonen, s\u00e4hk\u00f6kitara, oud, laulu, Esko Grundstr\u00f6m, s\u00e4hk\u00f6basso, syntetisaattori, laulu, Juuso Hannukainen, akustiset ja s\u00e4hk\u00f6iset perkussiot, Okko Saastamoinen, rummut + Sofia Tarkkanen, laulu<\/em><\/p>\n\n\n\n<figure class=\"wp-block-image aligncenter size-medium\"><img data-recalc-dims=\"1\" loading=\"lazy\" decoding=\"async\" width=\"426\" height=\"426\" src=\"https:\/\/i0.wp.com\/www.valonkuvia.fi\/blogi\/wp-content\/uploads\/2025\/03\/IAST_digicover_1080px.png?resize=426%2C426&#038;ssl=1\" alt=\"\" class=\"wp-image-26606\" srcset=\"https:\/\/i0.wp.com\/www.valonkuvia.fi\/blogi\/wp-content\/uploads\/2025\/03\/IAST_digicover_1080px.png?resize=426%2C426&amp;ssl=1 426w, https:\/\/i0.wp.com\/www.valonkuvia.fi\/blogi\/wp-content\/uploads\/2025\/03\/IAST_digicover_1080px.png?resize=852%2C852&amp;ssl=1 852w, https:\/\/i0.wp.com\/www.valonkuvia.fi\/blogi\/wp-content\/uploads\/2025\/03\/IAST_digicover_1080px.png?resize=150%2C150&amp;ssl=1 150w, https:\/\/i0.wp.com\/www.valonkuvia.fi\/blogi\/wp-content\/uploads\/2025\/03\/IAST_digicover_1080px.png?resize=768%2C768&amp;ssl=1 768w, https:\/\/i0.wp.com\/www.valonkuvia.fi\/blogi\/wp-content\/uploads\/2025\/03\/IAST_digicover_1080px.png?resize=400%2C400&amp;ssl=1 400w, https:\/\/i0.wp.com\/www.valonkuvia.fi\/blogi\/wp-content\/uploads\/2025\/03\/IAST_digicover_1080px.png?resize=120%2C120&amp;ssl=1 120w, https:\/\/i0.wp.com\/www.valonkuvia.fi\/blogi\/wp-content\/uploads\/2025\/03\/IAST_digicover_1080px.png?w=1080&amp;ssl=1 1080w\" sizes=\"auto, (max-width: 426px) 100vw, 426px\" \/><\/figure>\n\n\n\n<p class=\"has-text-align-center\">\u201c<em>Adventures in the Now\u201d<\/em> saa oman paikkans vuoden kuuntelusuositusten listalta:<br><a href=\"https:\/\/docs.google.com\/document\/d\/1hZEPiO4wbOj4Oc203AEYFmAxcd6X39p4WXhWMgyDP2A\/edit?usp=sharing\">Vuoden valinnat 2025<\/a>.<\/p>\n","protected":false},"excerpt":{"rendered":"<p>Ilkka Arola Sound Tagine on ehtinyt saada valmiiksi jo nelj\u00e4nnen albuminsa, \u201cAdventures in the Now\u201d. (Blogissa esill\u00e4 on ollut yhtyeen toinen albumi: \u201cLand Ahead!\u201d.) Edelt\u00e4jiens\u00e4 lailla uutuus liikkuu sellaisissa etnojazzin maisemissa, joissa ruotsalaisen Goran Kajfe\u0161 ja h\u00e4nen Subtropic Arkestransa on my\u00f6s liikkunut. Kun levyn laittaa soimaan, ensimm\u00e4isen\u00e4 huomio kiinnittyy itsepintaisena jatkuvaan grooveen, joka kuljettaa musiikkia [&hellip;]<\/p>\n","protected":false},"author":1,"featured_media":26607,"comment_status":"open","ping_status":"open","sticky":false,"template":"","format":"standard","meta":{"ngg_post_thumbnail":0,"_jetpack_memberships_contains_paid_content":false,"footnotes":"","jetpack_publicize_message":"","jetpack_publicize_feature_enabled":true,"jetpack_social_post_already_shared":true,"jetpack_social_options":{"image_generator_settings":{"template":"highway","default_image_id":0,"font":"","enabled":false},"version":2}},"categories":[3],"tags":[699,698,13,18],"class_list":["post-26605","post","type-post","status-publish","format-standard","has-post-thumbnail","hentry","category-jazz","tag-flame-jazz-records","tag-ilkka-arola","tag-jazzlevyt-2","tag-suomalainen-jazz"],"jetpack_publicize_connections":[],"jetpack_featured_media_url":"https:\/\/i0.wp.com\/www.valonkuvia.fi\/blogi\/wp-content\/uploads\/2025\/03\/EV106757_7_768x470.jpg?fit=768%2C470&ssl=1","jetpack_likes_enabled":false,"jetpack_sharing_enabled":true,"_links":{"self":[{"href":"https:\/\/www.valonkuvia.fi\/blogi\/wp-json\/wp\/v2\/posts\/26605","targetHints":{"allow":["GET"]}}],"collection":[{"href":"https:\/\/www.valonkuvia.fi\/blogi\/wp-json\/wp\/v2\/posts"}],"about":[{"href":"https:\/\/www.valonkuvia.fi\/blogi\/wp-json\/wp\/v2\/types\/post"}],"author":[{"embeddable":true,"href":"https:\/\/www.valonkuvia.fi\/blogi\/wp-json\/wp\/v2\/users\/1"}],"replies":[{"embeddable":true,"href":"https:\/\/www.valonkuvia.fi\/blogi\/wp-json\/wp\/v2\/comments?post=26605"}],"version-history":[{"count":5,"href":"https:\/\/www.valonkuvia.fi\/blogi\/wp-json\/wp\/v2\/posts\/26605\/revisions"}],"predecessor-version":[{"id":26615,"href":"https:\/\/www.valonkuvia.fi\/blogi\/wp-json\/wp\/v2\/posts\/26605\/revisions\/26615"}],"wp:featuredmedia":[{"embeddable":true,"href":"https:\/\/www.valonkuvia.fi\/blogi\/wp-json\/wp\/v2\/media\/26607"}],"wp:attachment":[{"href":"https:\/\/www.valonkuvia.fi\/blogi\/wp-json\/wp\/v2\/media?parent=26605"}],"wp:term":[{"taxonomy":"category","embeddable":true,"href":"https:\/\/www.valonkuvia.fi\/blogi\/wp-json\/wp\/v2\/categories?post=26605"},{"taxonomy":"post_tag","embeddable":true,"href":"https:\/\/www.valonkuvia.fi\/blogi\/wp-json\/wp\/v2\/tags?post=26605"}],"curies":[{"name":"wp","href":"https:\/\/api.w.org\/{rel}","templated":true}]}}