{"id":26799,"date":"2025-05-04T19:36:24","date_gmt":"2025-05-04T16:36:24","guid":{"rendered":"https:\/\/www.valonkuvia.fi\/blogi\/?p=26799"},"modified":"2025-05-04T21:56:34","modified_gmt":"2025-05-04T18:56:34","slug":"toomas-keski-santti-unearth-fresh-sound-new-talent-2025","status":"publish","type":"post","link":"https:\/\/www.valonkuvia.fi\/blogi\/toomas-keski-santti-unearth-fresh-sound-new-talent-2025\/","title":{"rendered":"Toomas Keski-S\u00e4ntti: Unearth (Fresh Sound New Talent, 2025)"},"content":{"rendered":"\n<figure data-wp-context=\"{&quot;imageId&quot;:&quot;69f3581fe3180&quot;}\" data-wp-interactive=\"core\/image\" data-wp-key=\"69f3581fe3180\" class=\"wp-block-image size-large wp-lightbox-container\"><img data-recalc-dims=\"1\" loading=\"lazy\" decoding=\"async\" width=\"852\" height=\"568\" data-wp-class--hide=\"state.isContentHidden\" data-wp-class--show=\"state.isContentVisible\" data-wp-init=\"callbacks.setButtonStyles\" data-wp-on--click=\"actions.showLightbox\" data-wp-on--load=\"callbacks.setButtonStyles\" data-wp-on-window--resize=\"callbacks.setButtonStyles\" src=\"https:\/\/i0.wp.com\/www.valonkuvia.fi\/blogi\/wp-content\/uploads\/2025\/05\/keskisantti-turku2019.jpg?resize=852%2C568&#038;ssl=1\" alt=\"\" class=\"wp-image-26801\" srcset=\"https:\/\/i0.wp.com\/www.valonkuvia.fi\/blogi\/wp-content\/uploads\/2025\/05\/keskisantti-turku2019.jpg?resize=852%2C568&amp;ssl=1 852w, https:\/\/i0.wp.com\/www.valonkuvia.fi\/blogi\/wp-content\/uploads\/2025\/05\/keskisantti-turku2019.jpg?resize=426%2C284&amp;ssl=1 426w, https:\/\/i0.wp.com\/www.valonkuvia.fi\/blogi\/wp-content\/uploads\/2025\/05\/keskisantti-turku2019.jpg?resize=768%2C512&amp;ssl=1 768w, https:\/\/i0.wp.com\/www.valonkuvia.fi\/blogi\/wp-content\/uploads\/2025\/05\/keskisantti-turku2019.jpg?resize=1536%2C1024&amp;ssl=1 1536w, https:\/\/i0.wp.com\/www.valonkuvia.fi\/blogi\/wp-content\/uploads\/2025\/05\/keskisantti-turku2019.jpg?resize=2048%2C1366&amp;ssl=1 2048w\" sizes=\"auto, (max-width: 852px) 100vw, 852px\" \/><button\n\t\t\tclass=\"lightbox-trigger\"\n\t\t\ttype=\"button\"\n\t\t\taria-haspopup=\"dialog\"\n\t\t\taria-label=\"Suurenna\"\n\t\t\tdata-wp-init=\"callbacks.initTriggerButton\"\n\t\t\tdata-wp-on--click=\"actions.showLightbox\"\n\t\t\tdata-wp-style--right=\"state.imageButtonRight\"\n\t\t\tdata-wp-style--top=\"state.imageButtonTop\"\n\t\t>\n\t\t\t<svg xmlns=\"http:\/\/www.w3.org\/2000\/svg\" width=\"12\" height=\"12\" fill=\"none\" viewBox=\"0 0 12 12\">\n\t\t\t\t<path fill=\"#fff\" d=\"M2 0a2 2 0 0 0-2 2v2h1.5V2a.5.5 0 0 1 .5-.5h2V0H2Zm2 10.5H2a.5.5 0 0 1-.5-.5V8H0v2a2 2 0 0 0 2 2h2v-1.5ZM8 12v-1.5h2a.5.5 0 0 0 .5-.5V8H12v2a2 2 0 0 1-2 2H8Zm2-12a2 2 0 0 1 2 2v2h-1.5V2a.5.5 0 0 0-.5-.5H8V0h2Z\" \/>\n\t\t\t<\/svg>\n\t\t<\/button><figcaption class=\"wp-element-caption\">Toomas Keski-S\u00e4ntti OK:KO-yhtyeen riveiss\u00e4, Turku Jazz Festival 2019<\/figcaption><\/figure>\n\n\n\n<p>Pianisti <strong>Toomas Keski-S\u00e4ntti<\/strong> on ollut esill\u00e4 erityisesti OK:KO-kvartetin ja Selma Savolainen Horror Vacui -yhtyeen pianistina. Vuosina 2022-2023 Keski-S\u00e4ntti asui ja opiskeli New Yorkissa. Siell\u00e4 h\u00e4n osallistui jazzin p\u00e4\u00e4kaupungin jazzel\u00e4m\u00e4\u00e4n ja s\u00e4velsi uutta musiikkia debyyttilevy\u00e4\u00e4n varten. Syksyll\u00e4 2023 Keski-S\u00e4ntti kokosi tuntemistaan nuorista kollegoista kvartetin, joka yhden p\u00e4iv\u00e4n sessiossa \u00e4\u00e4nitti espanjalaisen Fresh Sound New Talent -levymerkin \u00e4skett\u00e4in julkaiseman &#8221;<em>Unearth<\/em>&#8221;-albumin.<\/p>\n\n\n\n<p>Vaikka kvartetti kohtasi t\u00e4ss\u00e4 kokoonpanossa ensimm\u00e4isen kerran vasta levytysstudiossa, soittaa taitava nelikko eritt\u00e4in t\u00e4ysipainoista ja toimivaa nykyjazzia. He kykenev\u00e4t punomaan alati muuttuvan ja jatkuvasti liikkuvan, sanalla sanoen svengaavan vuorovaikutuksen verkoston, jota mielenkiintoinen ja el\u00e4v\u00e4 jazz synty\u00e4kseen vaatii.<\/p>\n\n\n\n<p>Keski-S\u00e4ntti on kirjoittanut albumille kuusi p\u00e4tev\u00e4\u00e4 jazzs\u00e4vellyst\u00e4, hienostuneen kulmikkaita kappaleita, jotka eiv\u00e4t yhdell\u00e4 kuuntelulla tyhjene. Kiinnostavien s\u00e4vellysten ja toimivan yhteisty\u00f6n ohella esille kohoaa erityisesti yhtyeenjohtajan oma panos j\u00e4nnitt\u00e4vien ja merkityksen tunteella ladattujen improvisaatioiden luojana. Pienen\u00e4 tuotannollisena yksityiskohtana huomio kiinnittyy urkujen sointimattoon, joka parilla raidalla maukkaasti laventaa kvartetin muuten t\u00e4ysin akustista ilmett\u00e4. <\/p>\n\n\n\n<p>\u201c<em>Unearth<\/em>\u201d osaltaan todistaa, kuinka New York edelleen vet\u00e4\u00e4 nuoria jazzmuusikoita vahvasti puoleensa. Toomas Keski-S\u00e4ntti on espoolainen, basisti <strong>Sim\u00f3n Willson<\/strong> alunperin chilel\u00e4inen, rumpali <strong>Jonas Esser<\/strong> saksalainen ja yhtyeen ainoa amerikkalainen, trumpetisti <strong>Joey Curreri<\/strong> on h\u00e4nkin kotoisen mantereen toiselta reunalta Los Angelesista. Eri puolilta maailmaa l\u00e4ht\u00f6isin olevat muusikot l\u00f6yt\u00e4v\u00e4t kuitenkin jazzista itselleen yhteisen ilmaisun ja kielen. Uusista jazznimist\u00e4 kiinnostuneiden kannattaa k\u00e4ytt\u00e4\u00e4 hakukonetta ja hakeutua my\u00f6s kvartetin muiden muusikoiden musiikin \u00e4\u00e4relle. <\/p>\n\n\n\n<figure data-wp-context=\"{&quot;imageId&quot;:&quot;69f3581fe360c&quot;}\" data-wp-interactive=\"core\/image\" data-wp-key=\"69f3581fe360c\" class=\"wp-block-image size-large wp-lightbox-container\"><img data-recalc-dims=\"1\" loading=\"lazy\" decoding=\"async\" width=\"852\" height=\"568\" data-wp-class--hide=\"state.isContentHidden\" data-wp-class--show=\"state.isContentVisible\" data-wp-init=\"callbacks.setButtonStyles\" data-wp-on--click=\"actions.showLightbox\" data-wp-on--load=\"callbacks.setButtonStyles\" data-wp-on-window--resize=\"callbacks.setButtonStyles\" src=\"https:\/\/i0.wp.com\/www.valonkuvia.fi\/blogi\/wp-content\/uploads\/2025\/05\/keskisantti-raahe2023.jpg?resize=852%2C568&#038;ssl=1\" alt=\"\" class=\"wp-image-26803\" srcset=\"https:\/\/i0.wp.com\/www.valonkuvia.fi\/blogi\/wp-content\/uploads\/2025\/05\/keskisantti-raahe2023.jpg?resize=852%2C568&amp;ssl=1 852w, https:\/\/i0.wp.com\/www.valonkuvia.fi\/blogi\/wp-content\/uploads\/2025\/05\/keskisantti-raahe2023.jpg?resize=426%2C284&amp;ssl=1 426w, https:\/\/i0.wp.com\/www.valonkuvia.fi\/blogi\/wp-content\/uploads\/2025\/05\/keskisantti-raahe2023.jpg?resize=768%2C512&amp;ssl=1 768w, https:\/\/i0.wp.com\/www.valonkuvia.fi\/blogi\/wp-content\/uploads\/2025\/05\/keskisantti-raahe2023.jpg?resize=1536%2C1024&amp;ssl=1 1536w, https:\/\/i0.wp.com\/www.valonkuvia.fi\/blogi\/wp-content\/uploads\/2025\/05\/keskisantti-raahe2023.jpg?resize=2048%2C1366&amp;ssl=1 2048w\" sizes=\"auto, (max-width: 852px) 100vw, 852px\" \/><button\n\t\t\tclass=\"lightbox-trigger\"\n\t\t\ttype=\"button\"\n\t\t\taria-haspopup=\"dialog\"\n\t\t\taria-label=\"Suurenna\"\n\t\t\tdata-wp-init=\"callbacks.initTriggerButton\"\n\t\t\tdata-wp-on--click=\"actions.showLightbox\"\n\t\t\tdata-wp-style--right=\"state.imageButtonRight\"\n\t\t\tdata-wp-style--top=\"state.imageButtonTop\"\n\t\t>\n\t\t\t<svg xmlns=\"http:\/\/www.w3.org\/2000\/svg\" width=\"12\" height=\"12\" fill=\"none\" viewBox=\"0 0 12 12\">\n\t\t\t\t<path fill=\"#fff\" d=\"M2 0a2 2 0 0 0-2 2v2h1.5V2a.5.5 0 0 1 .5-.5h2V0H2Zm2 10.5H2a.5.5 0 0 1-.5-.5V8H0v2a2 2 0 0 0 2 2h2v-1.5ZM8 12v-1.5h2a.5.5 0 0 0 .5-.5V8H12v2a2 2 0 0 1-2 2H8Zm2-12a2 2 0 0 1 2 2v2h-1.5V2a.5.5 0 0 0-.5-.5H8V0h2Z\" \/>\n\t\t\t<\/svg>\n\t\t<\/button><figcaption class=\"wp-element-caption\">Selma Savolaisen Horror Vacui esiintyi kes\u00e4ll\u00e4 2023 Raahen Rantajatseilla keskell\u00e4 ukkoskuuroa, jota Toomas Keski-S\u00e4ntti t\u00e4ss\u00e4 flyygelin \u00e4\u00e4rell\u00e4 ihmettelee.<\/figcaption><\/figure>\n\n\n\n<p><strong>Toomas Keski-S\u00e4ntti<\/strong>: Unearth (Fresh Sound New Talent, 2025)<br><em>Toomas Keski-S\u00e4ntti, piano, Joey Curreri, trumpetti, Sim\u00f3n Willson, basso, Jonas Esser, rummut<\/em><\/p>\n\n\n\n<figure data-wp-context=\"{&quot;imageId&quot;:&quot;69f3581fe3951&quot;}\" data-wp-interactive=\"core\/image\" data-wp-key=\"69f3581fe3951\" class=\"wp-block-image aligncenter size-medium wp-lightbox-container\"><img data-recalc-dims=\"1\" loading=\"lazy\" decoding=\"async\" width=\"426\" height=\"426\" data-wp-class--hide=\"state.isContentHidden\" data-wp-class--show=\"state.isContentVisible\" data-wp-init=\"callbacks.setButtonStyles\" data-wp-on--click=\"actions.showLightbox\" data-wp-on--load=\"callbacks.setButtonStyles\" data-wp-on-window--resize=\"callbacks.setButtonStyles\" src=\"https:\/\/i0.wp.com\/www.valonkuvia.fi\/blogi\/wp-content\/uploads\/2025\/05\/unearth.jpg?resize=426%2C426&#038;ssl=1\" alt=\"\" class=\"wp-image-26800\" srcset=\"https:\/\/i0.wp.com\/www.valonkuvia.fi\/blogi\/wp-content\/uploads\/2025\/05\/unearth.jpg?resize=426%2C426&amp;ssl=1 426w, https:\/\/i0.wp.com\/www.valonkuvia.fi\/blogi\/wp-content\/uploads\/2025\/05\/unearth.jpg?resize=150%2C150&amp;ssl=1 150w, https:\/\/i0.wp.com\/www.valonkuvia.fi\/blogi\/wp-content\/uploads\/2025\/05\/unearth.jpg?resize=768%2C768&amp;ssl=1 768w, https:\/\/i0.wp.com\/www.valonkuvia.fi\/blogi\/wp-content\/uploads\/2025\/05\/unearth.jpg?resize=400%2C400&amp;ssl=1 400w, https:\/\/i0.wp.com\/www.valonkuvia.fi\/blogi\/wp-content\/uploads\/2025\/05\/unearth.jpg?resize=120%2C120&amp;ssl=1 120w, https:\/\/i0.wp.com\/www.valonkuvia.fi\/blogi\/wp-content\/uploads\/2025\/05\/unearth.jpg?w=800&amp;ssl=1 800w\" sizes=\"auto, (max-width: 426px) 100vw, 426px\" \/><button\n\t\t\tclass=\"lightbox-trigger\"\n\t\t\ttype=\"button\"\n\t\t\taria-haspopup=\"dialog\"\n\t\t\taria-label=\"Suurenna\"\n\t\t\tdata-wp-init=\"callbacks.initTriggerButton\"\n\t\t\tdata-wp-on--click=\"actions.showLightbox\"\n\t\t\tdata-wp-style--right=\"state.imageButtonRight\"\n\t\t\tdata-wp-style--top=\"state.imageButtonTop\"\n\t\t>\n\t\t\t<svg xmlns=\"http:\/\/www.w3.org\/2000\/svg\" width=\"12\" height=\"12\" fill=\"none\" viewBox=\"0 0 12 12\">\n\t\t\t\t<path fill=\"#fff\" d=\"M2 0a2 2 0 0 0-2 2v2h1.5V2a.5.5 0 0 1 .5-.5h2V0H2Zm2 10.5H2a.5.5 0 0 1-.5-.5V8H0v2a2 2 0 0 0 2 2h2v-1.5ZM8 12v-1.5h2a.5.5 0 0 0 .5-.5V8H12v2a2 2 0 0 1-2 2H8Zm2-12a2 2 0 0 1 2 2v2h-1.5V2a.5.5 0 0 0-.5-.5H8V0h2Z\" \/>\n\t\t\t<\/svg>\n\t\t<\/button><\/figure>\n\n\n\n<p class=\"has-text-align-center\">Toomas Keski-S\u00e4ntin erinomainen esikoislevy kuuluu Valon kuvia-blogin kuuntelusuositusten listalle: <a href=\"https:\/\/docs.google.com\/document\/d\/1hZEPiO4wbOj4Oc203AEYFmAxcd6X39p4WXhWMgyDP2A\/edit?usp=sharing\">Vuoden valinnat 2025<\/a>\u00a0<\/p>\n","protected":false},"excerpt":{"rendered":"<p>Pianisti Toomas Keski-S\u00e4ntti on ollut esill\u00e4 erityisesti OK:KO-kvartetin ja Selma Savolainen Horror Vacui -yhtyeen pianistina. Vuosina 2022-2023 Keski-S\u00e4ntti asui ja opiskeli New Yorkissa. Siell\u00e4 h\u00e4n osallistui jazzin p\u00e4\u00e4kaupungin jazzel\u00e4m\u00e4\u00e4n ja s\u00e4velsi uutta musiikkia debyyttilevy\u00e4\u00e4n varten. Syksyll\u00e4 2023 Keski-S\u00e4ntti kokosi tuntemistaan nuorista kollegoista kvartetin, joka yhden p\u00e4iv\u00e4n sessiossa \u00e4\u00e4nitti espanjalaisen Fresh Sound New Talent -levymerkin \u00e4skett\u00e4in [&hellip;]<\/p>\n","protected":false},"author":1,"featured_media":26803,"comment_status":"open","ping_status":"open","sticky":false,"template":"","format":"standard","meta":{"ngg_post_thumbnail":0,"_jetpack_memberships_contains_paid_content":false,"footnotes":"","jetpack_publicize_message":"","jetpack_publicize_feature_enabled":true,"jetpack_social_post_already_shared":true,"jetpack_social_options":{"image_generator_settings":{"template":"highway","default_image_id":0,"font":"","enabled":false},"version":2}},"categories":[3],"tags":[13,41,18,592],"class_list":["post-26799","post","type-post","status-publish","format-standard","has-post-thumbnail","hentry","category-jazz","tag-jazzlevyt-2","tag-piano","tag-suomalainen-jazz","tag-toomas-keski-santti"],"jetpack_publicize_connections":[],"jetpack_featured_media_url":"https:\/\/i0.wp.com\/www.valonkuvia.fi\/blogi\/wp-content\/uploads\/2025\/05\/keskisantti-raahe2023.jpg?fit=2500%2C1667&ssl=1","jetpack_likes_enabled":false,"jetpack_sharing_enabled":true,"_links":{"self":[{"href":"https:\/\/www.valonkuvia.fi\/blogi\/wp-json\/wp\/v2\/posts\/26799","targetHints":{"allow":["GET"]}}],"collection":[{"href":"https:\/\/www.valonkuvia.fi\/blogi\/wp-json\/wp\/v2\/posts"}],"about":[{"href":"https:\/\/www.valonkuvia.fi\/blogi\/wp-json\/wp\/v2\/types\/post"}],"author":[{"embeddable":true,"href":"https:\/\/www.valonkuvia.fi\/blogi\/wp-json\/wp\/v2\/users\/1"}],"replies":[{"embeddable":true,"href":"https:\/\/www.valonkuvia.fi\/blogi\/wp-json\/wp\/v2\/comments?post=26799"}],"version-history":[{"count":11,"href":"https:\/\/www.valonkuvia.fi\/blogi\/wp-json\/wp\/v2\/posts\/26799\/revisions"}],"predecessor-version":[{"id":26817,"href":"https:\/\/www.valonkuvia.fi\/blogi\/wp-json\/wp\/v2\/posts\/26799\/revisions\/26817"}],"wp:featuredmedia":[{"embeddable":true,"href":"https:\/\/www.valonkuvia.fi\/blogi\/wp-json\/wp\/v2\/media\/26803"}],"wp:attachment":[{"href":"https:\/\/www.valonkuvia.fi\/blogi\/wp-json\/wp\/v2\/media?parent=26799"}],"wp:term":[{"taxonomy":"category","embeddable":true,"href":"https:\/\/www.valonkuvia.fi\/blogi\/wp-json\/wp\/v2\/categories?post=26799"},{"taxonomy":"post_tag","embeddable":true,"href":"https:\/\/www.valonkuvia.fi\/blogi\/wp-json\/wp\/v2\/tags?post=26799"}],"curies":[{"name":"wp","href":"https:\/\/api.w.org\/{rel}","templated":true}]}}