{"id":27050,"date":"2025-07-06T16:48:38","date_gmt":"2025-07-06T13:48:38","guid":{"rendered":"https:\/\/www.valonkuvia.fi\/blogi\/?p=27050"},"modified":"2025-07-06T22:20:47","modified_gmt":"2025-07-06T19:20:47","slug":"cosmic-ear-traces","status":"publish","type":"post","link":"https:\/\/www.valonkuvia.fi\/blogi\/cosmic-ear-traces\/","title":{"rendered":"Cosmic Ear: Traces (We Jazz, 2025)"},"content":{"rendered":"\n<figure data-wp-context=\"{&quot;imageId&quot;:&quot;69f2f3be2a843&quot;}\" data-wp-interactive=\"core\/image\" data-wp-key=\"69f2f3be2a843\" class=\"wp-block-image size-large wp-lightbox-container\"><img data-recalc-dims=\"1\" loading=\"lazy\" decoding=\"async\" width=\"852\" height=\"852\" data-wp-class--hide=\"state.isContentHidden\" data-wp-class--show=\"state.isContentVisible\" data-wp-init=\"callbacks.setButtonStyles\" data-wp-on--click=\"actions.showLightbox\" data-wp-on--load=\"callbacks.setButtonStyles\" data-wp-on-window--resize=\"callbacks.setButtonStyles\" src=\"https:\/\/i0.wp.com\/www.valonkuvia.fi\/blogi\/wp-content\/uploads\/2025\/06\/unnamed.jpg?resize=852%2C852&#038;ssl=1\" alt=\"\" class=\"wp-image-27053\" srcset=\"https:\/\/i0.wp.com\/www.valonkuvia.fi\/blogi\/wp-content\/uploads\/2025\/06\/unnamed.jpg?resize=852%2C852&amp;ssl=1 852w, https:\/\/i0.wp.com\/www.valonkuvia.fi\/blogi\/wp-content\/uploads\/2025\/06\/unnamed.jpg?resize=426%2C426&amp;ssl=1 426w, https:\/\/i0.wp.com\/www.valonkuvia.fi\/blogi\/wp-content\/uploads\/2025\/06\/unnamed.jpg?resize=150%2C150&amp;ssl=1 150w, https:\/\/i0.wp.com\/www.valonkuvia.fi\/blogi\/wp-content\/uploads\/2025\/06\/unnamed.jpg?resize=768%2C768&amp;ssl=1 768w, https:\/\/i0.wp.com\/www.valonkuvia.fi\/blogi\/wp-content\/uploads\/2025\/06\/unnamed.jpg?resize=400%2C400&amp;ssl=1 400w, https:\/\/i0.wp.com\/www.valonkuvia.fi\/blogi\/wp-content\/uploads\/2025\/06\/unnamed.jpg?resize=120%2C120&amp;ssl=1 120w, https:\/\/i0.wp.com\/www.valonkuvia.fi\/blogi\/wp-content\/uploads\/2025\/06\/unnamed.jpg?w=1200&amp;ssl=1 1200w\" sizes=\"auto, (max-width: 852px) 100vw, 852px\" \/><button\n\t\t\tclass=\"lightbox-trigger\"\n\t\t\ttype=\"button\"\n\t\t\taria-haspopup=\"dialog\"\n\t\t\taria-label=\"Suurenna\"\n\t\t\tdata-wp-init=\"callbacks.initTriggerButton\"\n\t\t\tdata-wp-on--click=\"actions.showLightbox\"\n\t\t\tdata-wp-style--right=\"state.imageButtonRight\"\n\t\t\tdata-wp-style--top=\"state.imageButtonTop\"\n\t\t>\n\t\t\t<svg xmlns=\"http:\/\/www.w3.org\/2000\/svg\" width=\"12\" height=\"12\" fill=\"none\" viewBox=\"0 0 12 12\">\n\t\t\t\t<path fill=\"#fff\" d=\"M2 0a2 2 0 0 0-2 2v2h1.5V2a.5.5 0 0 1 .5-.5h2V0H2Zm2 10.5H2a.5.5 0 0 1-.5-.5V8H0v2a2 2 0 0 0 2 2h2v-1.5ZM8 12v-1.5h2a.5.5 0 0 0 .5-.5V8H12v2a2 2 0 0 1-2 2H8Zm2-12a2 2 0 0 1 2 2v2h-1.5V2a.5.5 0 0 0-.5-.5H8V0h2Z\" \/>\n\t\t\t<\/svg>\n\t\t<\/button><figcaption class=\"wp-element-caption\">Cosmic Ear. Kuva: Johan Bergmark<\/figcaption><\/figure>\n\n\n\n<p>Kuten monet muutkin jazzin eri tyyleihin viittaavat k\u00e4sitetteet, tahtoo my\u00f6s &#8221;<em>spiritual jazz<\/em>&#8221; paeta sanojen tavoittamattomiin. Yleens\u00e4 spirituaalisella jazzilla kuitenkin viitataan 1960-luvulla <strong>John Coltranen<\/strong> jalanj\u00e4ljiss\u00e4 syntyneeseen musiikkiin, johon liittyv\u00e4t usein pitk\u00e4t meditatiiviset improvisaatiot ja kappaleiden nimien viittaukset henkiseen todellisuuteen tai kosmisiin mittasuhteisiin. Spirituaalisen jazzin soittajat hakevat monesti vaikutteita eri puolilta maailmaa ja k\u00e4ytt\u00e4v\u00e4t vakiintuneiden jazzsoittimien rinnalla afrikkalaisia tai aasialaisia instrumentteja.<\/p>\n\n\n\n<p>Tyylin uranuurtajia olivat esimerkiksi Coltranen puoliso <strong>Alice Coltrane<\/strong>, <strong>Pharoah Sanders<\/strong> ja <strong>Don Cherry<\/strong>, jonka jalanj\u00e4ljill\u00e4 ruotsalaisen Cosmic Ear -yhtyeen debyyttialbumi &#8221;<em>Traces<\/em>&#8221; nyt liikkuu. Vaikka kyse on debyyttialbumista, ovat kaikki yhtyeen j\u00e4senet pitk\u00e4n linjan muusikoita, oman uransa jo aikoja sitten luoneita veteraaneja, kuten levyn soittajien nimilistaa tutkimalla helposti huomaa. <\/p>\n\n\n\n<p>Don Cherry nousi 1950- ja 1960 -lukujen vaihteessa jazzmaailman tietoisuuteen <strong>Ornette Colemanin<\/strong> klassisen kvartetin j\u00e4senen\u00e4. My\u00f6hemmin 1960-luvun lopulla ja 1970-luvulla Cherry asui v\u00e4lill\u00e4 pitki\u00e4 aikoja Ruotsissa. Tuolloin Cosmic Ear -yhtyeen vanhin j\u00e4sen, bassoklarinetisti <strong>Christer Both\u00e9n<\/strong> (s.1941) ty\u00f6skenteli Cherryn kanssa samoissa yhtyeiss\u00e4 ja afrikkalaiseen musiikkiin ja instrumentteihin perehtynyt Both\u00e9n opetti Cherrylle malilaisen kielisoittimen donso n\u2019gonin soittamista. <\/p>\n\n\n\n<p>Both\u00e9nista on siis suora linkki Don Cherryyn, mutta onhan &#8221;<em>Traces<\/em>&#8221;-levyll\u00e4 muitakin yhteyksi\u00e4 Cherryyn ja h\u00e4nen musiikkiinsa. Esimerkiksi kappaleiden nimiss\u00e4 on viittauksia Cherryn &#8221;<em>Brown Rice<\/em>&#8221; -albumiin sek\u00e4 kuuluisaan Codona-trioon, jossa Cherry soitti yhdess\u00e4 <strong>Nana Vasconselosin<\/strong> ja <strong>Colin Walcottin<\/strong> kanssa. Lis\u00e4ksi The Thing -trion kanssa Cherryn s\u00e4vellyksi\u00e4 levytt\u00e4nyt saksofonisti <strong>Mats Gustafsson<\/strong> pit\u00e4\u00e4 Cherry\u00e4 suurena innoittajanaan. <\/p>\n\n\n\n<p>Alussa esille nostetut spirituaalisen jazzin tuntomerkit sopivat mainiosti my\u00f6s Cosmic Earin itsepintaisesti jatkuvaan grooveen, afrikkalaisten instrumenttien sointeihin ja levollisen hartaaseen tunnelmaan. Levyn kuusi kappaletta ovat kuin katkelmia jostain ikuisesti jatkuvista rytmeist\u00e4, jotka varovasti hiipiv\u00e4t kuulijan havaittavaksi ja lopulta katoavat takaisin sinne, mist\u00e4 tulivatkin.<\/p>\n\n\n\n<p>Jazzille luonteenomainen jako solistin ja s\u00e4est\u00e4jien rooleihin on pitk\u00e4lti h\u00e4ivytetty, vaikka varsinkin kukin puhaltaja v\u00e4lill\u00e4 nousee kuuluvammin eturiviin. N\u00e4in sijansa saavat Both\u00e9nin klarinettien tummat soinnit, <strong>Goran Kajfe\u0161in<\/strong> trumpetin Davis-muistumat ja lopulta Gustafssonin saksofonin energiapurkaukset, jotka tuovat mieleen <strong>Albert Aylerin<\/strong>, joka oli hengenmies h\u00e4nkin. Taiten k\u00e4ytetyt s\u00e4hk\u00f6isten soittimien efektit rikastavat ja laventavat yhtyeen soundia. Cherryn j\u00e4lki\u00e4 seuratessaan Cosmic Earin itsepintaisena jatkuva groove liikkuu samassa maailmassa kuin Don Cherryn etnojazzin svengi.<\/p>\n\n\n\n<p><strong>Cosmic Ear<\/strong>: Traces (We Jazz, 2025)<br><em>Christer Both\u00e9n, donso n\u2019goni, bassoklarinetti, kontrabassoklarinetti, piano, Mats Gustafsson, tenorisaksofoni, huilut, klarinetti, urut, huuliharppu, live-elektroniikka, Goran Kajfe\u0161, trumpetti, taskutrumpetti, syntetisaattori, ly\u00f6m\u00e4soittimet, Juan Romero, ly\u00f6m\u00e4soittimet, Kansan Zetterberg; bass, donso n\u2019goni + Marianne N\u00b4Lemwo, karignan<\/em><\/p>\n\n\n\n<figure data-wp-context=\"{&quot;imageId&quot;:&quot;69f2f3be2ae37&quot;}\" data-wp-interactive=\"core\/image\" data-wp-key=\"69f2f3be2ae37\" class=\"wp-block-image aligncenter size-medium wp-lightbox-container\"><img data-recalc-dims=\"1\" loading=\"lazy\" decoding=\"async\" width=\"426\" height=\"426\" data-wp-class--hide=\"state.isContentHidden\" data-wp-class--show=\"state.isContentVisible\" data-wp-init=\"callbacks.setButtonStyles\" data-wp-on--click=\"actions.showLightbox\" data-wp-on--load=\"callbacks.setButtonStyles\" data-wp-on-window--resize=\"callbacks.setButtonStyles\" src=\"https:\/\/i0.wp.com\/www.valonkuvia.fi\/blogi\/wp-content\/uploads\/2025\/06\/cover.jpg?resize=426%2C426&#038;ssl=1\" alt=\"\" class=\"wp-image-27051\" srcset=\"https:\/\/i0.wp.com\/www.valonkuvia.fi\/blogi\/wp-content\/uploads\/2025\/06\/cover.jpg?resize=426%2C426&amp;ssl=1 426w, https:\/\/i0.wp.com\/www.valonkuvia.fi\/blogi\/wp-content\/uploads\/2025\/06\/cover.jpg?resize=852%2C852&amp;ssl=1 852w, https:\/\/i0.wp.com\/www.valonkuvia.fi\/blogi\/wp-content\/uploads\/2025\/06\/cover.jpg?resize=150%2C150&amp;ssl=1 150w, https:\/\/i0.wp.com\/www.valonkuvia.fi\/blogi\/wp-content\/uploads\/2025\/06\/cover.jpg?resize=768%2C768&amp;ssl=1 768w, https:\/\/i0.wp.com\/www.valonkuvia.fi\/blogi\/wp-content\/uploads\/2025\/06\/cover.jpg?resize=400%2C400&amp;ssl=1 400w, https:\/\/i0.wp.com\/www.valonkuvia.fi\/blogi\/wp-content\/uploads\/2025\/06\/cover.jpg?resize=120%2C120&amp;ssl=1 120w, https:\/\/i0.wp.com\/www.valonkuvia.fi\/blogi\/wp-content\/uploads\/2025\/06\/cover.jpg?w=1400&amp;ssl=1 1400w\" sizes=\"auto, (max-width: 426px) 100vw, 426px\" \/><button\n\t\t\tclass=\"lightbox-trigger\"\n\t\t\ttype=\"button\"\n\t\t\taria-haspopup=\"dialog\"\n\t\t\taria-label=\"Suurenna\"\n\t\t\tdata-wp-init=\"callbacks.initTriggerButton\"\n\t\t\tdata-wp-on--click=\"actions.showLightbox\"\n\t\t\tdata-wp-style--right=\"state.imageButtonRight\"\n\t\t\tdata-wp-style--top=\"state.imageButtonTop\"\n\t\t>\n\t\t\t<svg xmlns=\"http:\/\/www.w3.org\/2000\/svg\" width=\"12\" height=\"12\" fill=\"none\" viewBox=\"0 0 12 12\">\n\t\t\t\t<path fill=\"#fff\" d=\"M2 0a2 2 0 0 0-2 2v2h1.5V2a.5.5 0 0 1 .5-.5h2V0H2Zm2 10.5H2a.5.5 0 0 1-.5-.5V8H0v2a2 2 0 0 0 2 2h2v-1.5ZM8 12v-1.5h2a.5.5 0 0 0 .5-.5V8H12v2a2 2 0 0 1-2 2H8Zm2-12a2 2 0 0 1 2 2v2h-1.5V2a.5.5 0 0 0-.5-.5H8V0h2Z\" \/>\n\t\t\t<\/svg>\n\t\t<\/button><\/figure>\n\n\n\n<p class=\"has-text-align-center\">&#8221;<em>Traces<\/em>&#8221; p\u00e4\u00e4see Valon kuvia-blogin kuuntelusuositusten listalle:<br> <a href=\"https:\/\/docs.google.com\/document\/d\/1hZEPiO4wbOj4Oc203AEYFmAxcd6X39p4WXhWMgyDP2A\/edit?usp=sharing\">Vuoden valinnat 2025<\/a>.<\/p>\n\n\n\n<h4 class=\"wp-block-heading\"><strong>Bimhuis Tv: Mats Gustafsson &amp; Goran Kajfes\u2019 Cosmic Ear<\/strong><\/h4>\n\n\n\n<p>Tuore tallenne Bimhuis-konserttitalolta Amsterdamissa esitt\u00e4\u00e4 Cosmic Earin koko puolitoista tuntia kest\u00e4neen keikan kes\u00e4kuulta 2025.<\/p>\n\n\n\n<p><center><iframe loading=\"lazy\" width=\"560\" height=\"315\" src=\"https:\/\/www.youtube.com\/embed\/Ikb3dQXHue8?si=wOFyvn-bASIK1uP9\" title=\"YouTube video player\" frameborder=\"0\" allow=\"accelerometer; autoplay; clipboard-write; encrypted-media; gyroscope; picture-in-picture; web-share\" referrerpolicy=\"strict-origin-when-cross-origin\" allowfullscreen=\"\"><\/iframe><\/center><\/p>\n","protected":false},"excerpt":{"rendered":"<p>Kuten monet muutkin jazzin eri tyyleihin viittaavat k\u00e4sitetteet, tahtoo my\u00f6s &#8221;spiritual jazz&#8221; paeta sanojen tavoittamattomiin. Yleens\u00e4 spirituaalisella jazzilla kuitenkin viitataan 1960-luvulla John Coltranen jalanj\u00e4ljiss\u00e4 syntyneeseen musiikkiin, johon liittyv\u00e4t usein pitk\u00e4t meditatiiviset improvisaatiot ja kappaleiden nimien viittaukset henkiseen todellisuuteen tai kosmisiin mittasuhteisiin. Spirituaalisen jazzin soittajat hakevat monesti vaikutteita eri puolilta maailmaa ja k\u00e4ytt\u00e4v\u00e4t vakiintuneiden jazzsoittimien rinnalla [&hellip;]<\/p>\n","protected":false},"author":1,"featured_media":27053,"comment_status":"open","ping_status":"open","sticky":false,"template":"","format":"standard","meta":{"ngg_post_thumbnail":0,"_jetpack_memberships_contains_paid_content":false,"footnotes":"","jetpack_publicize_message":"","jetpack_publicize_feature_enabled":true,"jetpack_social_post_already_shared":true,"jetpack_social_options":{"image_generator_settings":{"template":"highway","default_image_id":0,"font":"","enabled":false},"version":2}},"categories":[3],"tags":[1186,1120,13,1188,1187,382,14,59,148],"class_list":["post-27050","post","type-post","status-publish","format-standard","has-post-thumbnail","hentry","category-jazz","tag-christer-bothen","tag-goran-kajfes","tag-jazzlevyt-2","tag-juan-romero","tag-kansan-zetterberg","tag-mats-gustafsson","tag-ruotsalainen-jazz","tag-video","tag-we-jazz"],"jetpack_publicize_connections":[],"jetpack_featured_media_url":"https:\/\/i0.wp.com\/www.valonkuvia.fi\/blogi\/wp-content\/uploads\/2025\/06\/unnamed.jpg?fit=1200%2C1200&ssl=1","jetpack_likes_enabled":false,"jetpack_sharing_enabled":true,"_links":{"self":[{"href":"https:\/\/www.valonkuvia.fi\/blogi\/wp-json\/wp\/v2\/posts\/27050","targetHints":{"allow":["GET"]}}],"collection":[{"href":"https:\/\/www.valonkuvia.fi\/blogi\/wp-json\/wp\/v2\/posts"}],"about":[{"href":"https:\/\/www.valonkuvia.fi\/blogi\/wp-json\/wp\/v2\/types\/post"}],"author":[{"embeddable":true,"href":"https:\/\/www.valonkuvia.fi\/blogi\/wp-json\/wp\/v2\/users\/1"}],"replies":[{"embeddable":true,"href":"https:\/\/www.valonkuvia.fi\/blogi\/wp-json\/wp\/v2\/comments?post=27050"}],"version-history":[{"count":14,"href":"https:\/\/www.valonkuvia.fi\/blogi\/wp-json\/wp\/v2\/posts\/27050\/revisions"}],"predecessor-version":[{"id":27152,"href":"https:\/\/www.valonkuvia.fi\/blogi\/wp-json\/wp\/v2\/posts\/27050\/revisions\/27152"}],"wp:featuredmedia":[{"embeddable":true,"href":"https:\/\/www.valonkuvia.fi\/blogi\/wp-json\/wp\/v2\/media\/27053"}],"wp:attachment":[{"href":"https:\/\/www.valonkuvia.fi\/blogi\/wp-json\/wp\/v2\/media?parent=27050"}],"wp:term":[{"taxonomy":"category","embeddable":true,"href":"https:\/\/www.valonkuvia.fi\/blogi\/wp-json\/wp\/v2\/categories?post=27050"},{"taxonomy":"post_tag","embeddable":true,"href":"https:\/\/www.valonkuvia.fi\/blogi\/wp-json\/wp\/v2\/tags?post=27050"}],"curies":[{"name":"wp","href":"https:\/\/api.w.org\/{rel}","templated":true}]}}