{"id":27464,"date":"2025-10-06T23:01:57","date_gmt":"2025-10-06T20:01:57","guid":{"rendered":"https:\/\/www.valonkuvia.fi\/blogi\/?p=27464"},"modified":"2025-10-07T10:51:00","modified_gmt":"2025-10-07T07:51:00","slug":"sol-sol-oscillations","status":"publish","type":"post","link":"https:\/\/www.valonkuvia.fi\/blogi\/sol-sol-oscillations\/","title":{"rendered":"Sol Sol: Oscillations (Sail Cabin Records, 2025)"},"content":{"rendered":"\n<figure data-wp-context=\"{&quot;imageId&quot;:&quot;69f3d3770e2fe&quot;}\" data-wp-interactive=\"core\/image\" data-wp-key=\"69f3d3770e2fe\" class=\"wp-block-image size-large wp-lightbox-container\"><img data-recalc-dims=\"1\" loading=\"lazy\" decoding=\"async\" width=\"852\" height=\"603\" data-wp-class--hide=\"state.isContentHidden\" data-wp-class--show=\"state.isContentVisible\" data-wp-init=\"callbacks.setButtonStyles\" data-wp-on--click=\"actions.showLightbox\" data-wp-on--load=\"callbacks.setButtonStyles\" data-wp-on-window--resize=\"callbacks.setButtonStyles\" src=\"https:\/\/i0.wp.com\/www.valonkuvia.fi\/blogi\/wp-content\/uploads\/2025\/10\/sol-sol-band.jpg?resize=852%2C603&#038;ssl=1\" alt=\"\" class=\"wp-image-27466\" srcset=\"https:\/\/i0.wp.com\/www.valonkuvia.fi\/blogi\/wp-content\/uploads\/2025\/10\/sol-sol-band.jpg?resize=852%2C603&amp;ssl=1 852w, https:\/\/i0.wp.com\/www.valonkuvia.fi\/blogi\/wp-content\/uploads\/2025\/10\/sol-sol-band.jpg?resize=426%2C301&amp;ssl=1 426w, https:\/\/i0.wp.com\/www.valonkuvia.fi\/blogi\/wp-content\/uploads\/2025\/10\/sol-sol-band.jpg?resize=768%2C543&amp;ssl=1 768w, https:\/\/i0.wp.com\/www.valonkuvia.fi\/blogi\/wp-content\/uploads\/2025\/10\/sol-sol-band.jpg?resize=1536%2C1087&amp;ssl=1 1536w, https:\/\/i0.wp.com\/www.valonkuvia.fi\/blogi\/wp-content\/uploads\/2025\/10\/sol-sol-band.jpg?w=2048&amp;ssl=1 2048w\" sizes=\"auto, (max-width: 852px) 100vw, 852px\" \/><button\n\t\t\tclass=\"lightbox-trigger\"\n\t\t\ttype=\"button\"\n\t\t\taria-haspopup=\"dialog\"\n\t\t\taria-label=\"Suurenna\"\n\t\t\tdata-wp-init=\"callbacks.initTriggerButton\"\n\t\t\tdata-wp-on--click=\"actions.showLightbox\"\n\t\t\tdata-wp-style--right=\"state.imageButtonRight\"\n\t\t\tdata-wp-style--top=\"state.imageButtonTop\"\n\t\t>\n\t\t\t<svg xmlns=\"http:\/\/www.w3.org\/2000\/svg\" width=\"12\" height=\"12\" fill=\"none\" viewBox=\"0 0 12 12\">\n\t\t\t\t<path fill=\"#fff\" d=\"M2 0a2 2 0 0 0-2 2v2h1.5V2a.5.5 0 0 1 .5-.5h2V0H2Zm2 10.5H2a.5.5 0 0 1-.5-.5V8H0v2a2 2 0 0 0 2 2h2v-1.5ZM8 12v-1.5h2a.5.5 0 0 0 .5-.5V8H12v2a2 2 0 0 1-2 2H8Zm2-12a2 2 0 0 1 2 2v2h-1.5V2a.5.5 0 0 0-.5-.5H8V0h2Z\" \/>\n\t\t\t<\/svg>\n\t\t<\/button><figcaption class=\"wp-element-caption\">Sol Sol. Kuva: Per Kristiansen<\/figcaption><\/figure>\n\n\n\n<p>&#8221;<em>Oscillations<\/em>&#8221; on kitaristi <strong>David Stacken\u00e4sin<\/strong> ja saksofonisti <strong>Elin Forkelidin<\/strong> johtaman Sol Sol -kvartetin nelj\u00e4s albumi. Vuonna 2019 ilmestyneen esikoislevyn j\u00e4lkeen tasaiseen tahtiin levytt\u00e4nyt kvartetti astuu nelj\u00e4nnell\u00e4 albumillaan jossain m\u00e4\u00e4rin uuteen vaiheeseen, kun <strong>Nils Agnas<\/strong> liittyy yhtyeeseen kolmella ensimm\u00e4isell\u00e4 levyll\u00e4 soittaneen rumpali <strong>Anna Lundin<\/strong> tilalle. <\/p>\n\n\n\n<p>Stacken\u00e4s ja Forkelid vastaavat suurimmasta osasta uudenkin albumin musiikista. Stacken\u00e4s on kirjoittanut viisi s\u00e4vellyst\u00e4 ja Forkelid puolestaan kaksi. Loput kolme ovat improvisaatiota, jotka ovat syntyneet koko yhtyeen voimin. <\/p>\n\n\n\n<p>Kahdesta johtohahmostaan huolimatta Sol Sol on luonteeltaan hyvin kollektiivinen jazzyhtye. Se pyrkii v\u00e4ltt\u00e4m\u00e4\u00e4n perinteiselle jazzk\u00e4sitykselle tunnusomaista erottelua, jossa kukin solisti improvisoi vuorollaan omat soolonsa l\u00e4hinn\u00e4 komppiryhm\u00e4n s\u00e4estyksell\u00e4. Sol Sol on kehitellyt levylle erilaisia tapoja t\u00e4m\u00e4n totunnaisen asetelman murtamiseksi tai ainakin virkist\u00e4miseksi.<\/p>\n\n\n\n<p>Levyn avausraita, koko yhtyeen improvisaatio, &#8221;<em>Prelude<\/em>&#8221; (albumi siis alkaa v\u00e4lisoitolla!) on v\u00e4kev\u00e4 Coltrane-henkinen vy\u00f6rytys, johon koko kvartetti osaa ottaa t\u00e4ysill\u00e4 voimilla osaa ilman varsinaisia soolo-osuuksia. Toinen raita &#8221;<em>Masnou<\/em>&#8221; (Stacken\u00e4s) perustuu kappaleen koko kahden ja puolen minuutin ajan toistuvalle teemalle, joka muodostaa ik\u00e4\u00e4n kuin kehykset Nils Agnasin rumpuimprovisaatiolle. Kolmanneksi esimerkiksi nostan kepe\u00e4sti tanssahtelevan kompin varassa liikkuvan kappaleen &#8221;<em>Open Letter to Lord Badminton<\/em>&#8221; (Stacken\u00e4s), jossa Forkelidin ja Stacken\u00e4sin improvisaatiot kietoutuvat yhteen j\u00e4nnitt\u00e4v\u00e4ksi vuoropuheluksi. <\/p>\n\n\n\n<p>Toki levylt\u00e4 l\u00f6ytyy my\u00f6s pari sellaista kappaletta, jossa improvisaatioita l\u00e4hestyt\u00e4\u00e4n solisti-komppi -n\u00e4k\u00f6kulmasta ja s\u00e4estys j\u00e4\u00e4 suosiolla taemmaksi. N\u00e4in k\u00e4y molemmilla Forkelidin s\u00e4vellyksill\u00e4. &#8221;<em>Archimboldolla<\/em>&#8221; s\u00e4velt\u00e4j\u00e4n hapuileva ja pohdiskeleva alttosaksofoni leijailee soolossaan muun yhtyeen hienovaraisella tuella. Toisaalta intensiivisesti svengaavalla &#8221;<em>Indian Summerilla<\/em>&#8221; Forkelid muotoilee sopraanosaksofonilla pitk\u00e4n ja m\u00e4\u00e4r\u00e4tietoisen soolon, joka on er\u00e4s koko albumin kohokohdista. Vaikka tenorisaksofoni on albumilla Elin Forkelidin p\u00e4\u00e4instrumentti, h\u00e4n osoittaa siis taitonsa ja oman \u00e4\u00e4nens\u00e4 my\u00f6s muilla saksofoneilla. <\/p>\n\n\n\n<p>David Stacken\u00e4sin kitara on koko ajan mielenkiintoista kuultavaa, sill\u00e4 kitara operoi laajalla skaalalla rosoisista ja arvaamattomista roiskeista kuulaisiin pohjoisen soundeihin. Serkukset <strong>Maurtitz Agnas<\/strong> ja Nils Agnas rakentavat yhtyeelle joustavasti svengaavan ja tummasointisen rytmisen perustan. N\u00e4in &#8221;<em>Oscillations<\/em>&#8221; piirt\u00e4\u00e4 kuvan vahvojen musiikillisten persoonallisuuksien muodostamasta vahvasta yhtyeest\u00e4, joka olisi ep\u00e4ilem\u00e4tt\u00e4 el\u00e4mys my\u00f6s konsertissa koettuna.<\/p>\n\n\n\n<p><strong>Sol Sol<\/strong>: Oscillations (Sail Cabin Records, 2025)<br \/><em>Elin Forkelid, saksofonit, David Stacken\u00e4s, kitara, Mauritz Agnas, basso, Nils Agnas, rummut<\/em><\/p>\n\n\n\n<figure data-wp-context=\"{&quot;imageId&quot;:&quot;69f3d3770ebcb&quot;}\" data-wp-interactive=\"core\/image\" data-wp-key=\"69f3d3770ebcb\" class=\"wp-block-image aligncenter size-medium wp-lightbox-container\"><img data-recalc-dims=\"1\" loading=\"lazy\" decoding=\"async\" width=\"426\" height=\"426\" data-wp-class--hide=\"state.isContentHidden\" data-wp-class--show=\"state.isContentVisible\" data-wp-init=\"callbacks.setButtonStyles\" data-wp-on--click=\"actions.showLightbox\" data-wp-on--load=\"callbacks.setButtonStyles\" data-wp-on-window--resize=\"callbacks.setButtonStyles\" src=\"https:\/\/i0.wp.com\/www.valonkuvia.fi\/blogi\/wp-content\/uploads\/2025\/10\/sol-sol-cover.jpg?resize=426%2C426&#038;ssl=1\" alt=\"\" class=\"wp-image-27467\" srcset=\"https:\/\/i0.wp.com\/www.valonkuvia.fi\/blogi\/wp-content\/uploads\/2025\/10\/sol-sol-cover.jpg?resize=426%2C426&amp;ssl=1 426w, https:\/\/i0.wp.com\/www.valonkuvia.fi\/blogi\/wp-content\/uploads\/2025\/10\/sol-sol-cover.jpg?resize=852%2C852&amp;ssl=1 852w, https:\/\/i0.wp.com\/www.valonkuvia.fi\/blogi\/wp-content\/uploads\/2025\/10\/sol-sol-cover.jpg?resize=150%2C150&amp;ssl=1 150w, https:\/\/i0.wp.com\/www.valonkuvia.fi\/blogi\/wp-content\/uploads\/2025\/10\/sol-sol-cover.jpg?resize=768%2C768&amp;ssl=1 768w, https:\/\/i0.wp.com\/www.valonkuvia.fi\/blogi\/wp-content\/uploads\/2025\/10\/sol-sol-cover.jpg?resize=400%2C400&amp;ssl=1 400w, https:\/\/i0.wp.com\/www.valonkuvia.fi\/blogi\/wp-content\/uploads\/2025\/10\/sol-sol-cover.jpg?resize=120%2C120&amp;ssl=1 120w, https:\/\/i0.wp.com\/www.valonkuvia.fi\/blogi\/wp-content\/uploads\/2025\/10\/sol-sol-cover.jpg?w=1200&amp;ssl=1 1200w\" sizes=\"auto, (max-width: 426px) 100vw, 426px\" \/><button\n\t\t\tclass=\"lightbox-trigger\"\n\t\t\ttype=\"button\"\n\t\t\taria-haspopup=\"dialog\"\n\t\t\taria-label=\"Suurenna\"\n\t\t\tdata-wp-init=\"callbacks.initTriggerButton\"\n\t\t\tdata-wp-on--click=\"actions.showLightbox\"\n\t\t\tdata-wp-style--right=\"state.imageButtonRight\"\n\t\t\tdata-wp-style--top=\"state.imageButtonTop\"\n\t\t>\n\t\t\t<svg xmlns=\"http:\/\/www.w3.org\/2000\/svg\" width=\"12\" height=\"12\" fill=\"none\" viewBox=\"0 0 12 12\">\n\t\t\t\t<path fill=\"#fff\" d=\"M2 0a2 2 0 0 0-2 2v2h1.5V2a.5.5 0 0 1 .5-.5h2V0H2Zm2 10.5H2a.5.5 0 0 1-.5-.5V8H0v2a2 2 0 0 0 2 2h2v-1.5ZM8 12v-1.5h2a.5.5 0 0 0 .5-.5V8H12v2a2 2 0 0 1-2 2H8Zm2-12a2 2 0 0 1 2 2v2h-1.5V2a.5.5 0 0 0-.5-.5H8V0h2Z\" \/>\n\t\t\t<\/svg>\n\t\t<\/button><\/figure>\n\n\n\n<p class=\"has-text-align-center\">Erinomainen &#8221;<em>Oscillations<\/em>&#8221; p\u00e4\u00e4see tietenkin Valon kuvia -blogin kuuntelusuositusten listalle:&nbsp;<a href=\"https:\/\/docs.google.com\/document\/d\/1hZEPiO4wbOj4Oc203AEYFmAxcd6X39p4WXhWMgyDP2A\/edit?usp=sharing\">Vuoden valinnat 2025<\/a>.<\/p>\n\n\n\n<h4 class=\"wp-block-heading\">Sol Sol -albumit<\/h4>\n\n\n\n<ul class=\"wp-block-list\">\n<li>Unaccustomed Soil (Signal and Sound Records, 2019)<\/li>\n\n\n\n<li>What Year Is It?&nbsp;(Sail Cabin Records, 2022)<\/li>\n\n\n\n<li>Almost All Things Considered (Sail Cabin Records, 2024)<\/li>\n\n\n\n<li>Sol Sol: Oscillations (Sail Cabin Records, 2025)<\/li>\n<\/ul>\n","protected":false},"excerpt":{"rendered":"<p>&#8221;Oscillations&#8221; on kitaristi David Stacken\u00e4sin ja saksofonisti Elin Forkelidin johtaman Sol Sol -kvartetin nelj\u00e4s albumi. Vuonna 2019 ilmestyneen esikoislevyn j\u00e4lkeen tasaiseen tahtiin levytt\u00e4nyt kvartetti astuu nelj\u00e4nnell\u00e4 albumillaan jossain m\u00e4\u00e4rin uuteen vaiheeseen, kun Nils Agnas liittyy yhtyeeseen kolmella ensimm\u00e4isell\u00e4 levyll\u00e4 soittaneen rumpali Anna Lundin tilalle. Stacken\u00e4s ja Forkelid vastaavat suurimmasta osasta uudenkin albumin musiikista. Stacken\u00e4s on [&hellip;]<\/p>\n","protected":false},"author":1,"featured_media":27466,"comment_status":"open","ping_status":"open","sticky":false,"template":"","format":"standard","meta":{"ngg_post_thumbnail":0,"_jetpack_memberships_contains_paid_content":false,"footnotes":"","jetpack_publicize_message":"","jetpack_publicize_feature_enabled":true,"jetpack_social_post_already_shared":true,"jetpack_social_options":{"image_generator_settings":{"template":"highway","default_image_id":0,"font":"","enabled":false},"version":2}},"categories":[3],"tags":[934,1164,13,1146,1199,14],"class_list":["post-27464","post","type-post","status-publish","format-standard","has-post-thumbnail","hentry","category-jazz","tag-david-stackenas","tag-elin-forkelid","tag-jazzlevyt-2","tag-mauritz-agnas","tag-nils-agnas","tag-ruotsalainen-jazz"],"jetpack_publicize_connections":[],"jetpack_featured_media_url":"https:\/\/i0.wp.com\/www.valonkuvia.fi\/blogi\/wp-content\/uploads\/2025\/10\/sol-sol-band.jpg?fit=2048%2C1449&ssl=1","jetpack_likes_enabled":false,"jetpack_sharing_enabled":true,"_links":{"self":[{"href":"https:\/\/www.valonkuvia.fi\/blogi\/wp-json\/wp\/v2\/posts\/27464","targetHints":{"allow":["GET"]}}],"collection":[{"href":"https:\/\/www.valonkuvia.fi\/blogi\/wp-json\/wp\/v2\/posts"}],"about":[{"href":"https:\/\/www.valonkuvia.fi\/blogi\/wp-json\/wp\/v2\/types\/post"}],"author":[{"embeddable":true,"href":"https:\/\/www.valonkuvia.fi\/blogi\/wp-json\/wp\/v2\/users\/1"}],"replies":[{"embeddable":true,"href":"https:\/\/www.valonkuvia.fi\/blogi\/wp-json\/wp\/v2\/comments?post=27464"}],"version-history":[{"count":8,"href":"https:\/\/www.valonkuvia.fi\/blogi\/wp-json\/wp\/v2\/posts\/27464\/revisions"}],"predecessor-version":[{"id":27476,"href":"https:\/\/www.valonkuvia.fi\/blogi\/wp-json\/wp\/v2\/posts\/27464\/revisions\/27476"}],"wp:featuredmedia":[{"embeddable":true,"href":"https:\/\/www.valonkuvia.fi\/blogi\/wp-json\/wp\/v2\/media\/27466"}],"wp:attachment":[{"href":"https:\/\/www.valonkuvia.fi\/blogi\/wp-json\/wp\/v2\/media?parent=27464"}],"wp:term":[{"taxonomy":"category","embeddable":true,"href":"https:\/\/www.valonkuvia.fi\/blogi\/wp-json\/wp\/v2\/categories?post=27464"},{"taxonomy":"post_tag","embeddable":true,"href":"https:\/\/www.valonkuvia.fi\/blogi\/wp-json\/wp\/v2\/tags?post=27464"}],"curies":[{"name":"wp","href":"https:\/\/api.w.org\/{rel}","templated":true}]}}