{"id":27936,"date":"2026-02-02T16:04:16","date_gmt":"2026-02-02T14:04:16","guid":{"rendered":"https:\/\/www.valonkuvia.fi\/blogi\/?p=27936"},"modified":"2026-02-03T09:59:14","modified_gmt":"2026-02-03T07:59:14","slug":"quartet-ajaton-fin","status":"publish","type":"post","link":"https:\/\/www.valonkuvia.fi\/blogi\/quartet-ajaton-fin\/","title":{"rendered":"Quartet Ajaton: Fin (Mia Simanainen, 2026)"},"content":{"rendered":"\n<figure data-wp-context=\"{&quot;imageId&quot;:&quot;69f5a326922cb&quot;}\" data-wp-interactive=\"core\/image\" data-wp-key=\"69f5a326922cb\" class=\"wp-block-image size-large wp-lightbox-container\"><img data-recalc-dims=\"1\" loading=\"lazy\" decoding=\"async\" width=\"852\" height=\"568\" data-wp-class--hide=\"state.isContentHidden\" data-wp-class--show=\"state.isContentVisible\" data-wp-init=\"callbacks.setButtonStyles\" data-wp-on--click=\"actions.showLightbox\" data-wp-on--load=\"callbacks.setButtonStyles\" data-wp-on-window--resize=\"callbacks.setButtonStyles\" src=\"https:\/\/i0.wp.com\/www.valonkuvia.fi\/blogi\/wp-content\/uploads\/2026\/01\/QuartetAjaton_lores2-1024x683-1.jpg?resize=852%2C568&#038;ssl=1\" alt=\"\" class=\"wp-image-27938\" srcset=\"https:\/\/i0.wp.com\/www.valonkuvia.fi\/blogi\/wp-content\/uploads\/2026\/01\/QuartetAjaton_lores2-1024x683-1.jpg?resize=852%2C568&amp;ssl=1 852w, https:\/\/i0.wp.com\/www.valonkuvia.fi\/blogi\/wp-content\/uploads\/2026\/01\/QuartetAjaton_lores2-1024x683-1.jpg?resize=426%2C284&amp;ssl=1 426w, https:\/\/i0.wp.com\/www.valonkuvia.fi\/blogi\/wp-content\/uploads\/2026\/01\/QuartetAjaton_lores2-1024x683-1.jpg?resize=768%2C512&amp;ssl=1 768w, https:\/\/i0.wp.com\/www.valonkuvia.fi\/blogi\/wp-content\/uploads\/2026\/01\/QuartetAjaton_lores2-1024x683-1.jpg?w=1024&amp;ssl=1 1024w\" sizes=\"auto, (max-width: 852px) 100vw, 852px\" \/><button\n\t\t\tclass=\"lightbox-trigger\"\n\t\t\ttype=\"button\"\n\t\t\taria-haspopup=\"dialog\"\n\t\t\taria-label=\"Suurenna\"\n\t\t\tdata-wp-init=\"callbacks.initTriggerButton\"\n\t\t\tdata-wp-on--click=\"actions.showLightbox\"\n\t\t\tdata-wp-style--right=\"state.imageButtonRight\"\n\t\t\tdata-wp-style--top=\"state.imageButtonTop\"\n\t\t>\n\t\t\t<svg xmlns=\"http:\/\/www.w3.org\/2000\/svg\" width=\"12\" height=\"12\" fill=\"none\" viewBox=\"0 0 12 12\">\n\t\t\t\t<path fill=\"#fff\" d=\"M2 0a2 2 0 0 0-2 2v2h1.5V2a.5.5 0 0 1 .5-.5h2V0H2Zm2 10.5H2a.5.5 0 0 1-.5-.5V8H0v2a2 2 0 0 0 2 2h2v-1.5ZM8 12v-1.5h2a.5.5 0 0 0 .5-.5V8H12v2a2 2 0 0 1-2 2H8Zm2-12a2 2 0 0 1 2 2v2h-1.5V2a.5.5 0 0 0-.5-.5H8V0h2Z\" \/>\n\t\t\t<\/svg>\n\t\t<\/button><figcaption class=\"wp-element-caption\">Quartet Ajaton. Kuva: Heidi Strengell<\/figcaption><\/figure>\n\n\n\n<p>Kielitoimiston sanakirjan mukaan sana &#8221;<em>ajaton<\/em>&#8221; tarkoittaa samaa kuin &#8221;<em>muodista tms. ajallisista vaihteluista riippumaton<\/em>&#8221;. M\u00e4\u00e4ritelm\u00e4 kuvaa osuvasti Quartet Ajatonta, jonka omaper\u00e4inen kokoonpano tuottaa aivan ainutlaatuisen yhtyesoundin. Siin\u00e4 kohtaavat t\u00e4ysin sulassa sovussa ikiaikainen laulu, klassinen sello, argentiinalainen  bandone\u00f3n sek\u00e4 analoginen moog-syntetisaattori. <\/p>\n\n\n\n<p>Toistakymment\u00e4 vuotta toiminut Quartet Ajaton julkaisee musiikkia harvakseltaan. Debyyttilevy &#8221;<a href=\"https:\/\/www.valonkuvia.fi\/blogi\/quartet_ajaton_elixir\/\" data-type=\"post\" data-id=\"10869\">Elixir<\/a>&#8221; ilmestyi vuonna 2016 (Eclipse Music) ja toinen albumi &#8221;<em><a href=\"https:\/\/www.valonkuvia.fi\/blogi\/quartet-ajaton-early-music\/\" data-type=\"post\" data-id=\"17056\">Early Music in the Latest Way<\/a><\/em>&#8221; (Alba Records) vuonna 2020. Tammikuussa 2026 ilmestyneelle kolmannelle albumilleen yhtye on koonnut moni-ilmeisen valikoiman kotimaista musiikkia. Kansans\u00e4velm\u00e4t, klassikot, (<strong>Jean Sibelius<\/strong>, <strong>Armas J\u00e4rnefelt<\/strong>, <strong>Unto Mononen<\/strong>) sek\u00e4 <strong>Mia Simanaisen<\/strong> ja <strong>Kari Ikosen<\/strong> s\u00e4velt\u00e4m\u00e4t uudet kappaleet mahtuvat vaivatta samalle albumille, sill\u00e4 yhtyeen omaper\u00e4inen sointi sitoo kaikki ainekset yhdeksi kokonaisuudeksi..<\/p>\n\n\n\n<p>Quartet Ajaton liikkuu vallattomasti omassa musiikillisessa maailmassaan, jolle on vaikeaa (ja luultavasti tarpeetontakin) antaa yksiselitteist\u00e4 nimilappua. Yhtyeen l\u00e4mmin soundi viittaa vahvasti kamarimusiikkiin ja improvisoidut soolot viev\u00e4t kohti eurooppalaista nykyjazzia. Samalla kun bandone\u00f3n vihjaa tangon suuntaan, yhdistyy villisti ulvova ja m\u00f6yry\u00e4v\u00e4 moog progerockin soundeihin. Ajaton ja rajaton kvartetti luo t\u00e4st\u00e4 kaikesta l\u00e4mmint\u00e4 ja  pintatrendeist\u00e4 riisuttua aitoa musiikkia.<\/p>\n\n\n\n<p><strong>Quartet Ajaton<\/strong>: Fin (Mia Simanainen, 2026)<br><em>Mia Simanainen, laulu, Henrik Sand\u00e5s, bandone\u00f3n, Kari Ikonen, Moog-syntetisaattori, Aino Juutilainen, cello<\/em><\/p>\n\n\n\n<figure data-wp-context=\"{&quot;imageId&quot;:&quot;69f5a326927e8&quot;}\" data-wp-interactive=\"core\/image\" data-wp-key=\"69f5a326927e8\" class=\"wp-block-image aligncenter size-medium wp-lightbox-container\"><img data-recalc-dims=\"1\" loading=\"lazy\" decoding=\"async\" width=\"426\" height=\"426\" data-wp-class--hide=\"state.isContentHidden\" data-wp-class--show=\"state.isContentVisible\" data-wp-init=\"callbacks.setButtonStyles\" data-wp-on--click=\"actions.showLightbox\" data-wp-on--load=\"callbacks.setButtonStyles\" data-wp-on-window--resize=\"callbacks.setButtonStyles\" src=\"https:\/\/i0.wp.com\/www.valonkuvia.fi\/blogi\/wp-content\/uploads\/2026\/01\/fin.jpg?resize=426%2C426&#038;ssl=1\" alt=\"\" class=\"wp-image-27940\" srcset=\"https:\/\/i0.wp.com\/www.valonkuvia.fi\/blogi\/wp-content\/uploads\/2026\/01\/fin.jpg?resize=426%2C426&amp;ssl=1 426w, https:\/\/i0.wp.com\/www.valonkuvia.fi\/blogi\/wp-content\/uploads\/2026\/01\/fin.jpg?resize=852%2C852&amp;ssl=1 852w, https:\/\/i0.wp.com\/www.valonkuvia.fi\/blogi\/wp-content\/uploads\/2026\/01\/fin.jpg?resize=150%2C150&amp;ssl=1 150w, https:\/\/i0.wp.com\/www.valonkuvia.fi\/blogi\/wp-content\/uploads\/2026\/01\/fin.jpg?resize=768%2C768&amp;ssl=1 768w, https:\/\/i0.wp.com\/www.valonkuvia.fi\/blogi\/wp-content\/uploads\/2026\/01\/fin.jpg?resize=400%2C400&amp;ssl=1 400w, https:\/\/i0.wp.com\/www.valonkuvia.fi\/blogi\/wp-content\/uploads\/2026\/01\/fin.jpg?resize=120%2C120&amp;ssl=1 120w, https:\/\/i0.wp.com\/www.valonkuvia.fi\/blogi\/wp-content\/uploads\/2026\/01\/fin.jpg?w=1437&amp;ssl=1 1437w\" sizes=\"auto, (max-width: 426px) 100vw, 426px\" \/><button\n\t\t\tclass=\"lightbox-trigger\"\n\t\t\ttype=\"button\"\n\t\t\taria-haspopup=\"dialog\"\n\t\t\taria-label=\"Suurenna\"\n\t\t\tdata-wp-init=\"callbacks.initTriggerButton\"\n\t\t\tdata-wp-on--click=\"actions.showLightbox\"\n\t\t\tdata-wp-style--right=\"state.imageButtonRight\"\n\t\t\tdata-wp-style--top=\"state.imageButtonTop\"\n\t\t>\n\t\t\t<svg xmlns=\"http:\/\/www.w3.org\/2000\/svg\" width=\"12\" height=\"12\" fill=\"none\" viewBox=\"0 0 12 12\">\n\t\t\t\t<path fill=\"#fff\" d=\"M2 0a2 2 0 0 0-2 2v2h1.5V2a.5.5 0 0 1 .5-.5h2V0H2Zm2 10.5H2a.5.5 0 0 1-.5-.5V8H0v2a2 2 0 0 0 2 2h2v-1.5ZM8 12v-1.5h2a.5.5 0 0 0 .5-.5V8H12v2a2 2 0 0 1-2 2H8Zm2-12a2 2 0 0 1 2 2v2h-1.5V2a.5.5 0 0 0-.5-.5H8V0h2Z\" \/>\n\t\t\t<\/svg>\n\t\t<\/button><\/figure>\n\n\n\n<p class=\"has-text-align-center\">&#8221;<em>Fin<\/em>&#8221; kuuluu luonnollisesti Valon kuvia -blogin <br>vuoden 2026 kuuntelusuositusten listalle:<br><a href=\"https:\/\/docs.google.com\/document\/d\/13GhfLHWUYBgKXY_oVZcox2EyV-5JJ0O57jHYfzrs-4c\/edit?usp=sharing\">Vuoden valinnat 2026<\/a>.<\/p>\n","protected":false},"excerpt":{"rendered":"<p>Kielitoimiston sanakirjan mukaan sana &#8221;ajaton&#8221; tarkoittaa samaa kuin &#8221;muodista tms. ajallisista vaihteluista riippumaton&#8221;. M\u00e4\u00e4ritelm\u00e4 kuvaa osuvasti Quartet Ajatonta, jonka omaper\u00e4inen kokoonpano tuottaa aivan ainutlaatuisen yhtyesoundin. Siin\u00e4 kohtaavat t\u00e4ysin sulassa sovussa ikiaikainen laulu, klassinen sello, argentiinalainen bandone\u00f3n sek\u00e4 analoginen moog-syntetisaattori. Toistakymment\u00e4 vuotta toiminut Quartet Ajaton julkaisee musiikkia harvakseltaan. Debyyttilevy &#8221;Elixir&#8221; ilmestyi vuonna 2016 (Eclipse Music) ja [&hellip;]<\/p>\n","protected":false},"author":1,"featured_media":27938,"comment_status":"open","ping_status":"open","sticky":false,"template":"","format":"standard","meta":{"ngg_post_thumbnail":0,"_jetpack_memberships_contains_paid_content":false,"footnotes":"","jetpack_publicize_message":"","jetpack_publicize_feature_enabled":true,"jetpack_social_post_already_shared":true,"jetpack_social_options":{"image_generator_settings":{"template":"highway","default_image_id":0,"font":"","enabled":false},"version":2}},"categories":[3],"tags":[761,1227,13,192,437,798,18],"class_list":["post-27936","post","type-post","status-publish","format-standard","has-post-thumbnail","hentry","category-jazz","tag-aino-juutilainen","tag-henrik-sandas","tag-jazzlevyt-2","tag-kari-ikonen","tag-mia-simanainen","tag-quartet-ajaton","tag-suomalainen-jazz"],"jetpack_publicize_connections":[],"jetpack_featured_media_url":"https:\/\/i0.wp.com\/www.valonkuvia.fi\/blogi\/wp-content\/uploads\/2026\/01\/QuartetAjaton_lores2-1024x683-1.jpg?fit=1024%2C683&ssl=1","jetpack_likes_enabled":false,"jetpack_sharing_enabled":true,"_links":{"self":[{"href":"https:\/\/www.valonkuvia.fi\/blogi\/wp-json\/wp\/v2\/posts\/27936","targetHints":{"allow":["GET"]}}],"collection":[{"href":"https:\/\/www.valonkuvia.fi\/blogi\/wp-json\/wp\/v2\/posts"}],"about":[{"href":"https:\/\/www.valonkuvia.fi\/blogi\/wp-json\/wp\/v2\/types\/post"}],"author":[{"embeddable":true,"href":"https:\/\/www.valonkuvia.fi\/blogi\/wp-json\/wp\/v2\/users\/1"}],"replies":[{"embeddable":true,"href":"https:\/\/www.valonkuvia.fi\/blogi\/wp-json\/wp\/v2\/comments?post=27936"}],"version-history":[{"count":10,"href":"https:\/\/www.valonkuvia.fi\/blogi\/wp-json\/wp\/v2\/posts\/27936\/revisions"}],"predecessor-version":[{"id":27949,"href":"https:\/\/www.valonkuvia.fi\/blogi\/wp-json\/wp\/v2\/posts\/27936\/revisions\/27949"}],"wp:featuredmedia":[{"embeddable":true,"href":"https:\/\/www.valonkuvia.fi\/blogi\/wp-json\/wp\/v2\/media\/27938"}],"wp:attachment":[{"href":"https:\/\/www.valonkuvia.fi\/blogi\/wp-json\/wp\/v2\/media?parent=27936"}],"wp:term":[{"taxonomy":"category","embeddable":true,"href":"https:\/\/www.valonkuvia.fi\/blogi\/wp-json\/wp\/v2\/categories?post=27936"},{"taxonomy":"post_tag","embeddable":true,"href":"https:\/\/www.valonkuvia.fi\/blogi\/wp-json\/wp\/v2\/tags?post=27936"}],"curies":[{"name":"wp","href":"https:\/\/api.w.org\/{rel}","templated":true}]}}