{"id":28033,"date":"2026-03-12T13:45:00","date_gmt":"2026-03-12T11:45:00","guid":{"rendered":"https:\/\/www.valonkuvia.fi\/blogi\/?p=28033"},"modified":"2026-03-12T13:45:03","modified_gmt":"2026-03-12T11:45:03","slug":"tamminen-uusitalo-i-wonder","status":"publish","type":"post","link":"https:\/\/www.valonkuvia.fi\/blogi\/tamminen-uusitalo-i-wonder\/","title":{"rendered":"Thilia Tamminen &amp; Tuomo Uusitalo: I Wonder (omakustanne, 2026)"},"content":{"rendered":"\n<figure data-wp-context=\"{&quot;imageId&quot;:&quot;69f4cdaf5a442&quot;}\" data-wp-interactive=\"core\/image\" data-wp-key=\"69f4cdaf5a442\" class=\"wp-block-image aligncenter size-large wp-lightbox-container\"><img data-recalc-dims=\"1\" loading=\"lazy\" decoding=\"async\" width=\"852\" height=\"479\" data-wp-class--hide=\"state.isContentHidden\" data-wp-class--show=\"state.isContentVisible\" data-wp-init=\"callbacks.setButtonStyles\" data-wp-on--click=\"actions.showLightbox\" data-wp-on--load=\"callbacks.setButtonStyles\" data-wp-on-window--resize=\"callbacks.setButtonStyles\" src=\"https:\/\/i0.wp.com\/www.valonkuvia.fi\/blogi\/wp-content\/uploads\/2026\/03\/tamminen-uusitalo1.png?resize=852%2C479&#038;ssl=1\" alt=\"\" class=\"wp-image-28035\" srcset=\"https:\/\/i0.wp.com\/www.valonkuvia.fi\/blogi\/wp-content\/uploads\/2026\/03\/tamminen-uusitalo1.png?resize=852%2C479&amp;ssl=1 852w, https:\/\/i0.wp.com\/www.valonkuvia.fi\/blogi\/wp-content\/uploads\/2026\/03\/tamminen-uusitalo1.png?resize=426%2C240&amp;ssl=1 426w, https:\/\/i0.wp.com\/www.valonkuvia.fi\/blogi\/wp-content\/uploads\/2026\/03\/tamminen-uusitalo1.png?resize=768%2C432&amp;ssl=1 768w, https:\/\/i0.wp.com\/www.valonkuvia.fi\/blogi\/wp-content\/uploads\/2026\/03\/tamminen-uusitalo1.png?w=1500&amp;ssl=1 1500w\" sizes=\"auto, (max-width: 852px) 100vw, 852px\" \/><button\n\t\t\tclass=\"lightbox-trigger\"\n\t\t\ttype=\"button\"\n\t\t\taria-haspopup=\"dialog\"\n\t\t\taria-label=\"Suurenna\"\n\t\t\tdata-wp-init=\"callbacks.initTriggerButton\"\n\t\t\tdata-wp-on--click=\"actions.showLightbox\"\n\t\t\tdata-wp-style--right=\"state.imageButtonRight\"\n\t\t\tdata-wp-style--top=\"state.imageButtonTop\"\n\t\t>\n\t\t\t<svg xmlns=\"http:\/\/www.w3.org\/2000\/svg\" width=\"12\" height=\"12\" fill=\"none\" viewBox=\"0 0 12 12\">\n\t\t\t\t<path fill=\"#fff\" d=\"M2 0a2 2 0 0 0-2 2v2h1.5V2a.5.5 0 0 1 .5-.5h2V0H2Zm2 10.5H2a.5.5 0 0 1-.5-.5V8H0v2a2 2 0 0 0 2 2h2v-1.5ZM8 12v-1.5h2a.5.5 0 0 0 .5-.5V8H12v2a2 2 0 0 1-2 2H8Zm2-12a2 2 0 0 1 2 2v2h-1.5V2a.5.5 0 0 0-.5-.5H8V0h2Z\" \/>\n\t\t\t<\/svg>\n\t\t<\/button><figcaption class=\"wp-element-caption\">Thilia Tamminen &amp; Tuomo Uusitalo. Kuva: Tuomo Uusitalo<\/figcaption><\/figure>\n\n\n\n<p>Pianisti <strong>Tuomo Uusitalo<\/strong> on ollut t\u00e4ss\u00e4 blogissa esill\u00e4 sek\u00e4 <a href=\"https:\/\/www.valonkuvia.fi\/blogi\/tuomo-uusitalo-songs-from-suspended-times\/\" data-type=\"link\" data-id=\"https:\/\/www.valonkuvia.fi\/blogi\/tuomo-uusitalo-songs-from-suspended-times\/\">soololevyns\u00e4<\/a> ett\u00e4 <a href=\"https:\/\/www.valonkuvia.fi\/blogi\/?s=tuomo+uusitalo+trio\">Tuomo Uusitalo Trion<\/a> ja sen hienojen albumien ansiosta. Nyt Uusitalo laventaa taiteilijakuvaansa julkaisemalla laululevyn yhdess\u00e4 laulaja <strong>Thilia Tammisen<\/strong> kanssa. Tamminen on itselleni aivan uusi nimi, joka on esiintynyt yli kymmenen vuoden ajan p\u00e4\u00e4kaupunkiseudulla erilaisissa yhtyeiss\u00e4 ja teatteriproduktioissa sek\u00e4 toiminut laulunopettajana.<\/p>\n\n\n\n<p>Kaksikon ensimm\u00e4inen albumi &#8221;<em>I Wonder<\/em>&#8221; koostuu Tammisen ja Uusitalon s\u00e4vellyksist\u00e4 ja sanoituksista. Laulajan ja pianistin lis\u00e4ksi levyll\u00e4 soittaa Uusitalon triosta tuttu basisti <strong>Juuso Rinta<\/strong> ja kahdella raidalla tenorisaksofoninsa kanssa vieraileva <strong>Jussi Kannaste<\/strong>.<\/p>\n\n\n\n<p>&#8221;<em>I Wonder<\/em>&#8221; on p\u00e4\u00e4osin hiljaisen rauhallisissa iltatunnelmissa viihtyv\u00e4 albumi, jossa jazzlaulu ja laulelmaan p\u00e4in kallistuva ilmaisu kohtaavaat. Sek\u00e4 Kannasteen saksofonin maustama letke\u00e4sti svengaava avausraita &#8221;<em>The Child\u00b4s Moon<\/em>&#8221; ett\u00e4 levyn nimikappale &#8221;<em>I Wonder<\/em>&#8221; tuovat v\u00e4ist\u00e4m\u00e4tt\u00e4 mieleen sellaisen amerikkalaisen jazzin ymp\u00e4rist\u00f6n, jossa Uusitalo niin luontevasti my\u00f6s trionsa kanssa liikkuu. Samaan tyylilajiin sujahtavat vaivatta my\u00f6s herkk\u00e4 balladi &#8221;<em>One Day<\/em>&#8221; ja instrumentaalikappale &#8221;<em>Will You Grow Old with Me<\/em>&#8221;, jolla Kannaste niin ilmeikk\u00e4\u00e4n v\u00e4h\u00e4eleisesti sooloilee.<\/p>\n\n\n\n<p>Ruotsiksi laulettu &#8221;<em>Alice<\/em>&#8221; ja h\u00e4myinen &#8221;<em>Y\u00f6n valssi<\/em>&#8221; laajentavat n\u00e4k\u00f6kulmaa pohjoismaisen jazzin suuntaan ja kauniiksi lopuksi Uusitalon soolokappale &#8221;<em>Hyv\u00e4sti<\/em>&#8221; hiljentyy virsim\u00e4isen mietelauseen \u00e4\u00e4relle. &#8221;<em>I Wonder<\/em>&#8221; on kestoltaan lyhyehk\u00f6 (vain noin puoli tuntia), mutta kenties juuri siksi niin tiivis ja turhista koristeluista riisuttu, l\u00e4mmin albumi.<\/p>\n\n\n\n<p><strong>Thilia Tamminen &amp; Tuomo Uusitalo<\/strong>: I Wonder (omakustanne, 2026)<br><em>Thilia Tamminen laulu, Tuomo Uusitalo, piano, Juuso Rinta, basso + Jussi Kannaste, tenorisaksofoni<\/em><\/p>\n\n\n\n<figure data-wp-context=\"{&quot;imageId&quot;:&quot;69f4cdaf5a8f2&quot;}\" data-wp-interactive=\"core\/image\" data-wp-key=\"69f4cdaf5a8f2\" class=\"wp-block-image aligncenter size-medium is-resized wp-lightbox-container\"><img data-recalc-dims=\"1\" loading=\"lazy\" decoding=\"async\" width=\"426\" height=\"426\" data-wp-class--hide=\"state.isContentHidden\" data-wp-class--show=\"state.isContentVisible\" data-wp-init=\"callbacks.setButtonStyles\" data-wp-on--click=\"actions.showLightbox\" data-wp-on--load=\"callbacks.setButtonStyles\" data-wp-on-window--resize=\"callbacks.setButtonStyles\" src=\"https:\/\/i0.wp.com\/www.valonkuvia.fi\/blogi\/wp-content\/uploads\/2026\/03\/tamminen-uusitalo-1.jpg?resize=426%2C426&#038;ssl=1\" alt=\"\" class=\"wp-image-28038\" style=\"aspect-ratio:0.92253236987859;width:400px;height:auto\" srcset=\"https:\/\/i0.wp.com\/www.valonkuvia.fi\/blogi\/wp-content\/uploads\/2026\/03\/tamminen-uusitalo-1.jpg?resize=426%2C426&amp;ssl=1 426w, https:\/\/i0.wp.com\/www.valonkuvia.fi\/blogi\/wp-content\/uploads\/2026\/03\/tamminen-uusitalo-1.jpg?resize=852%2C852&amp;ssl=1 852w, https:\/\/i0.wp.com\/www.valonkuvia.fi\/blogi\/wp-content\/uploads\/2026\/03\/tamminen-uusitalo-1.jpg?resize=150%2C150&amp;ssl=1 150w, https:\/\/i0.wp.com\/www.valonkuvia.fi\/blogi\/wp-content\/uploads\/2026\/03\/tamminen-uusitalo-1.jpg?resize=768%2C768&amp;ssl=1 768w, https:\/\/i0.wp.com\/www.valonkuvia.fi\/blogi\/wp-content\/uploads\/2026\/03\/tamminen-uusitalo-1.jpg?resize=400%2C400&amp;ssl=1 400w, https:\/\/i0.wp.com\/www.valonkuvia.fi\/blogi\/wp-content\/uploads\/2026\/03\/tamminen-uusitalo-1.jpg?resize=120%2C120&amp;ssl=1 120w, https:\/\/i0.wp.com\/www.valonkuvia.fi\/blogi\/wp-content\/uploads\/2026\/03\/tamminen-uusitalo-1.jpg?w=1500&amp;ssl=1 1500w\" sizes=\"auto, (max-width: 426px) 100vw, 426px\" \/><button\n\t\t\tclass=\"lightbox-trigger\"\n\t\t\ttype=\"button\"\n\t\t\taria-haspopup=\"dialog\"\n\t\t\taria-label=\"Suurenna\"\n\t\t\tdata-wp-init=\"callbacks.initTriggerButton\"\n\t\t\tdata-wp-on--click=\"actions.showLightbox\"\n\t\t\tdata-wp-style--right=\"state.imageButtonRight\"\n\t\t\tdata-wp-style--top=\"state.imageButtonTop\"\n\t\t>\n\t\t\t<svg xmlns=\"http:\/\/www.w3.org\/2000\/svg\" width=\"12\" height=\"12\" fill=\"none\" viewBox=\"0 0 12 12\">\n\t\t\t\t<path fill=\"#fff\" d=\"M2 0a2 2 0 0 0-2 2v2h1.5V2a.5.5 0 0 1 .5-.5h2V0H2Zm2 10.5H2a.5.5 0 0 1-.5-.5V8H0v2a2 2 0 0 0 2 2h2v-1.5ZM8 12v-1.5h2a.5.5 0 0 0 .5-.5V8H12v2a2 2 0 0 1-2 2H8Zm2-12a2 2 0 0 1 2 2v2h-1.5V2a.5.5 0 0 0-.5-.5H8V0h2Z\" \/>\n\t\t\t<\/svg>\n\t\t<\/button><\/figure>\n\n\n\n<p class=\"has-text-align-center\">Lis\u00e4sin &#8221;<em>I Wonder<\/em>&#8221; -levyn luonnollisesti Valon kuvia -blogin vuoden 2026 <br>kuuntelusuositusten listalle:\u00a0<a href=\"https:\/\/docs.google.com\/document\/d\/13GhfLHWUYBgKXY_oVZcox2EyV-5JJ0O57jHYfzrs-4c\/edit?usp=sharing\">Vuoden valinnat 2026<\/a>.<\/p>\n\n\n\n<p><\/p>\n","protected":false},"excerpt":{"rendered":"<p>Pianisti Tuomo Uusitalo on ollut t\u00e4ss\u00e4 blogissa esill\u00e4 sek\u00e4 soololevyns\u00e4 ett\u00e4 Tuomo Uusitalo Trion ja sen hienojen albumien ansiosta. Nyt Uusitalo laventaa taiteilijakuvaansa julkaisemalla laululevyn yhdess\u00e4 laulaja Thilia Tammisen kanssa. Tamminen on itselleni aivan uusi nimi, joka on esiintynyt yli kymmenen vuoden ajan p\u00e4\u00e4kaupunkiseudulla erilaisissa yhtyeiss\u00e4 ja teatteriproduktioissa sek\u00e4 toiminut laulunopettajana. Kaksikon ensimm\u00e4inen albumi &#8221;I [&hellip;]<\/p>\n","protected":false},"author":1,"featured_media":28035,"comment_status":"open","ping_status":"open","sticky":false,"template":"","format":"standard","meta":{"ngg_post_thumbnail":0,"_jetpack_memberships_contains_paid_content":false,"footnotes":"","jetpack_publicize_message":"","jetpack_publicize_feature_enabled":true,"jetpack_social_post_already_shared":true,"jetpack_social_options":{"image_generator_settings":{"template":"highway","default_image_id":0,"font":"","enabled":false},"version":2}},"categories":[3],"tags":[50,13,145,1111,41,18,1237,1061],"class_list":["post-28033","post","type-post","status-publish","format-standard","has-post-thumbnail","hentry","category-jazz","tag-basso","tag-jazzlevyt-2","tag-jussi-kannaste","tag-juuso-rinta","tag-piano","tag-suomalainen-jazz","tag-thilia-tamminen","tag-tuomo-uusitalo"],"jetpack_publicize_connections":[],"jetpack_featured_media_url":"https:\/\/i0.wp.com\/www.valonkuvia.fi\/blogi\/wp-content\/uploads\/2026\/03\/tamminen-uusitalo1.png?fit=1500%2C844&ssl=1","jetpack_likes_enabled":false,"jetpack_sharing_enabled":true,"_links":{"self":[{"href":"https:\/\/www.valonkuvia.fi\/blogi\/wp-json\/wp\/v2\/posts\/28033","targetHints":{"allow":["GET"]}}],"collection":[{"href":"https:\/\/www.valonkuvia.fi\/blogi\/wp-json\/wp\/v2\/posts"}],"about":[{"href":"https:\/\/www.valonkuvia.fi\/blogi\/wp-json\/wp\/v2\/types\/post"}],"author":[{"embeddable":true,"href":"https:\/\/www.valonkuvia.fi\/blogi\/wp-json\/wp\/v2\/users\/1"}],"replies":[{"embeddable":true,"href":"https:\/\/www.valonkuvia.fi\/blogi\/wp-json\/wp\/v2\/comments?post=28033"}],"version-history":[{"count":9,"href":"https:\/\/www.valonkuvia.fi\/blogi\/wp-json\/wp\/v2\/posts\/28033\/revisions"}],"predecessor-version":[{"id":28045,"href":"https:\/\/www.valonkuvia.fi\/blogi\/wp-json\/wp\/v2\/posts\/28033\/revisions\/28045"}],"wp:featuredmedia":[{"embeddable":true,"href":"https:\/\/www.valonkuvia.fi\/blogi\/wp-json\/wp\/v2\/media\/28035"}],"wp:attachment":[{"href":"https:\/\/www.valonkuvia.fi\/blogi\/wp-json\/wp\/v2\/media?parent=28033"}],"wp:term":[{"taxonomy":"category","embeddable":true,"href":"https:\/\/www.valonkuvia.fi\/blogi\/wp-json\/wp\/v2\/categories?post=28033"},{"taxonomy":"post_tag","embeddable":true,"href":"https:\/\/www.valonkuvia.fi\/blogi\/wp-json\/wp\/v2\/tags?post=28033"}],"curies":[{"name":"wp","href":"https:\/\/api.w.org\/{rel}","templated":true}]}}