{"id":28046,"date":"2026-03-18T23:14:01","date_gmt":"2026-03-18T21:14:01","guid":{"rendered":"https:\/\/www.valonkuvia.fi\/blogi\/?p=28046"},"modified":"2026-03-18T23:14:32","modified_gmt":"2026-03-18T21:14:32","slug":"crispell-jormin-memento","status":"publish","type":"post","link":"https:\/\/www.valonkuvia.fi\/blogi\/crispell-jormin-memento\/","title":{"rendered":"Marilyn Crispell, Anders Jormin: Memento (ECM, 2026)"},"content":{"rendered":"\n<figure data-wp-context=\"{&quot;imageId&quot;:&quot;69f284ccc7feb&quot;}\" data-wp-interactive=\"core\/image\" data-wp-key=\"69f284ccc7feb\" class=\"wp-block-image aligncenter size-large wp-lightbox-container\"><img data-recalc-dims=\"1\" loading=\"lazy\" decoding=\"async\" width=\"852\" height=\"568\" data-wp-class--hide=\"state.isContentHidden\" data-wp-class--show=\"state.isContentVisible\" data-wp-init=\"callbacks.setButtonStyles\" data-wp-on--click=\"actions.showLightbox\" data-wp-on--load=\"callbacks.setButtonStyles\" data-wp-on-window--resize=\"callbacks.setButtonStyles\" src=\"https:\/\/i0.wp.com\/www.valonkuvia.fi\/blogi\/wp-content\/uploads\/2026\/03\/crispell-caterina-di-pelli.webp?resize=852%2C568&#038;ssl=1\" alt=\"\" class=\"wp-image-28054\" srcset=\"https:\/\/i0.wp.com\/www.valonkuvia.fi\/blogi\/wp-content\/uploads\/2026\/03\/crispell-caterina-di-pelli.webp?resize=852%2C568&amp;ssl=1 852w, https:\/\/i0.wp.com\/www.valonkuvia.fi\/blogi\/wp-content\/uploads\/2026\/03\/crispell-caterina-di-pelli.webp?resize=426%2C284&amp;ssl=1 426w, https:\/\/i0.wp.com\/www.valonkuvia.fi\/blogi\/wp-content\/uploads\/2026\/03\/crispell-caterina-di-pelli.webp?resize=768%2C512&amp;ssl=1 768w, https:\/\/i0.wp.com\/www.valonkuvia.fi\/blogi\/wp-content\/uploads\/2026\/03\/crispell-caterina-di-pelli.webp?resize=1536%2C1024&amp;ssl=1 1536w, https:\/\/i0.wp.com\/www.valonkuvia.fi\/blogi\/wp-content\/uploads\/2026\/03\/crispell-caterina-di-pelli.webp?w=2000&amp;ssl=1 2000w\" sizes=\"auto, (max-width: 852px) 100vw, 852px\" \/><button\n\t\t\tclass=\"lightbox-trigger\"\n\t\t\ttype=\"button\"\n\t\t\taria-haspopup=\"dialog\"\n\t\t\taria-label=\"Suurenna\"\n\t\t\tdata-wp-init=\"callbacks.initTriggerButton\"\n\t\t\tdata-wp-on--click=\"actions.showLightbox\"\n\t\t\tdata-wp-style--right=\"state.imageButtonRight\"\n\t\t\tdata-wp-style--top=\"state.imageButtonTop\"\n\t\t>\n\t\t\t<svg xmlns=\"http:\/\/www.w3.org\/2000\/svg\" width=\"12\" height=\"12\" fill=\"none\" viewBox=\"0 0 12 12\">\n\t\t\t\t<path fill=\"#fff\" d=\"M2 0a2 2 0 0 0-2 2v2h1.5V2a.5.5 0 0 1 .5-.5h2V0H2Zm2 10.5H2a.5.5 0 0 1-.5-.5V8H0v2a2 2 0 0 0 2 2h2v-1.5ZM8 12v-1.5h2a.5.5 0 0 0 .5-.5V8H12v2a2 2 0 0 1-2 2H8Zm2-12a2 2 0 0 1 2 2v2h-1.5V2a.5.5 0 0 0-.5-.5H8V0h2Z\" \/>\n\t\t\t<\/svg>\n\t\t<\/button><figcaption class=\"wp-element-caption\">Kuva: Caterina di Perri<\/figcaption><\/figure>\n\n\n\n<p>Vaikka pianisti <strong>Marilyn Crispellin<\/strong> ja basisti <strong>Anders Jorminin<\/strong> yhteys ulottuu yli kolmenkymmenen vuoden taakse, on &#8221;<em>Memento<\/em>&#8221; heid\u00e4n ensimm\u00e4inen duoalbuminsa. Taustalla on toki yhteisi\u00e4 levytyksi\u00e4, sill\u00e4 Crispell on soittanut Jorminin kanssa ainakin konsertissa \u00e4\u00e4nitetyll\u00e4 triolevyll\u00e4 &#8221;<em><a href=\"https:\/\/en.wikipedia.org\/wiki\/In_Winds,_In_Light\">Spring Tour<\/a><\/em>&#8221; (Alice Musik, 1995) ja Jorminin kirkkomusiikkilevyll\u00e4 &#8221;<a href=\"https:\/\/en.wikipedia.org\/wiki\/In_Winds,_In_Light\"><em>In Winds, In Light<\/em>&#8221;<\/a> (ECM, 2004).<\/p>\n\n\n\n<p>Crispellin ja Jorminin v\u00e4linen musiikillinen yhteys on kuitenkin huomattavasti syvempi kuin pari yhteist\u00e4 levytyst\u00e4. Aikoinaan naispuoliseksi <strong>Cecil Tayloriksi<\/strong> tituleerattu Crispell kuuli Jorminin soittoa 1990-luvun alussa Tukholmassa. Crispell kertoo: \u201c<em>When I heard Anders playing, it touched a chord in me that resonated strongly\u201d<\/em>.\u00a0 Kohtaaminen vaikutti pysyv\u00e4sti Crispellin tyyliin ja n\u00e4kemykseen, sill\u00e4 Jormin ja muuta pohjoismaiset improvisoijat opettivat, ett\u00e4 musiikillista vapautta ei mitata pelk\u00e4st\u00e4\u00e4n energian ja intensiteetin mittareilla. Crispell k\u00e4\u00e4ntyi kohti aiempaa lyyrisemp\u00e4\u00e4 ilmaisua, josta vuonna 1997 ilmestynyt albumi &#8221;<em><a href=\"https:\/\/www.valonkuvia.fi\/blogi\/crispell-peacock-motian-nothing-ever-was-anyway\/\">Nothing Ever Was, Anyway<\/a><\/em>&#8221; on pys\u00e4ytt\u00e4v\u00e4n hieno esimerkki.<\/p>\n\n\n\n<figure data-wp-context=\"{&quot;imageId&quot;:&quot;69f284ccc84cf&quot;}\" data-wp-interactive=\"core\/image\" data-wp-key=\"69f284ccc84cf\" class=\"wp-block-image size-full wp-lightbox-container\"><img data-recalc-dims=\"1\" loading=\"lazy\" decoding=\"async\" width=\"2500\" height=\"2500\" data-wp-class--hide=\"state.isContentHidden\" data-wp-class--show=\"state.isContentVisible\" data-wp-init=\"callbacks.setButtonStyles\" data-wp-on--click=\"actions.showLightbox\" data-wp-on--load=\"callbacks.setButtonStyles\" data-wp-on-window--resize=\"callbacks.setButtonStyles\" src=\"https:\/\/i0.wp.com\/www.valonkuvia.fi\/blogi\/wp-content\/uploads\/2026\/03\/nayttely_104.jpg?resize=2500%2C2500&#038;ssl=1\" alt=\"\" class=\"wp-image-28055\" srcset=\"https:\/\/i0.wp.com\/www.valonkuvia.fi\/blogi\/wp-content\/uploads\/2026\/03\/nayttely_104.jpg?w=2500&amp;ssl=1 2500w, https:\/\/i0.wp.com\/www.valonkuvia.fi\/blogi\/wp-content\/uploads\/2026\/03\/nayttely_104.jpg?resize=426%2C426&amp;ssl=1 426w, https:\/\/i0.wp.com\/www.valonkuvia.fi\/blogi\/wp-content\/uploads\/2026\/03\/nayttely_104.jpg?resize=852%2C852&amp;ssl=1 852w, https:\/\/i0.wp.com\/www.valonkuvia.fi\/blogi\/wp-content\/uploads\/2026\/03\/nayttely_104.jpg?resize=150%2C150&amp;ssl=1 150w, https:\/\/i0.wp.com\/www.valonkuvia.fi\/blogi\/wp-content\/uploads\/2026\/03\/nayttely_104.jpg?resize=768%2C768&amp;ssl=1 768w, https:\/\/i0.wp.com\/www.valonkuvia.fi\/blogi\/wp-content\/uploads\/2026\/03\/nayttely_104.jpg?resize=400%2C400&amp;ssl=1 400w, https:\/\/i0.wp.com\/www.valonkuvia.fi\/blogi\/wp-content\/uploads\/2026\/03\/nayttely_104.jpg?resize=1536%2C1536&amp;ssl=1 1536w, https:\/\/i0.wp.com\/www.valonkuvia.fi\/blogi\/wp-content\/uploads\/2026\/03\/nayttely_104.jpg?resize=2048%2C2048&amp;ssl=1 2048w, https:\/\/i0.wp.com\/www.valonkuvia.fi\/blogi\/wp-content\/uploads\/2026\/03\/nayttely_104.jpg?resize=120%2C120&amp;ssl=1 120w\" sizes=\"auto, (max-width: 1000px) 100vw, 1000px\" \/><button\n\t\t\tclass=\"lightbox-trigger\"\n\t\t\ttype=\"button\"\n\t\t\taria-haspopup=\"dialog\"\n\t\t\taria-label=\"Suurenna\"\n\t\t\tdata-wp-init=\"callbacks.initTriggerButton\"\n\t\t\tdata-wp-on--click=\"actions.showLightbox\"\n\t\t\tdata-wp-style--right=\"state.imageButtonRight\"\n\t\t\tdata-wp-style--top=\"state.imageButtonTop\"\n\t\t>\n\t\t\t<svg xmlns=\"http:\/\/www.w3.org\/2000\/svg\" width=\"12\" height=\"12\" fill=\"none\" viewBox=\"0 0 12 12\">\n\t\t\t\t<path fill=\"#fff\" d=\"M2 0a2 2 0 0 0-2 2v2h1.5V2a.5.5 0 0 1 .5-.5h2V0H2Zm2 10.5H2a.5.5 0 0 1-.5-.5V8H0v2a2 2 0 0 0 2 2h2v-1.5ZM8 12v-1.5h2a.5.5 0 0 0 .5-.5V8H12v2a2 2 0 0 1-2 2H8Zm2-12a2 2 0 0 1 2 2v2h-1.5V2a.5.5 0 0 0-.5-.5H8V0h2Z\" \/>\n\t\t\t<\/svg>\n\t\t<\/button><figcaption class=\"wp-element-caption\">Anders Jormin, Luulaja 2007<\/figcaption><\/figure>\n\n\n\n<p>Hein\u00e4kuussa 2025 \u00e4\u00e4nitetty &#8221;<em>Memento<\/em>&#8221; jakaantuu periaatteessa kahteen osaan, sill\u00e4 se alkaa nelj\u00e4ll\u00e4 improvisaatiolla ja loput albumista t\u00e4yttyy kummankin muusikon s\u00e4vellyksist\u00e4. Alun improvisaatiot ovat kuitenkin yht\u00e4 vakaasti harkittua pohdiskelua kuin s\u00e4vellyksetkin, ett\u00e4 k\u00e4yt\u00e4nn\u00f6ss\u00e4 albumi kuulostaa yhten\u00e4iselt\u00e4, saman hiljaisen lyyrisyyden t\u00e4ytt\u00e4m\u00e4lt\u00e4 kokonaisuudelta.<\/p>\n\n\n\n<p>Kuten albumin nimi &#8221;<em>Memento<\/em>&#8221; jo viittaa, on duon surumielisess\u00e4 musiikissa kyse muistamisesta ja menetyksist\u00e4. Vaikka musiikin tausta-ajatukset ovat kovin vakavia, niist\u00e4 syntyy l\u00e4mmint\u00e4 ja valoisaa musiikkia, joka henkii akustisten soittimien \u00e4\u00e4nten l\u00e4mp\u00f6\u00e4 ja ajatusten huikaisevaa avaruutta. <\/p>\n\n\n\n<p><strong>Marilyn Crispell, Anders Jormin<\/strong>: Memento (ECM, 2026)<br><em>Marilyn Crispell, piano, Anders Jormin, basso<\/em><\/p>\n\n\n\n<figure data-wp-context=\"{&quot;imageId&quot;:&quot;69f284ccc88d4&quot;}\" data-wp-interactive=\"core\/image\" data-wp-key=\"69f284ccc88d4\" class=\"wp-block-image aligncenter size-medium wp-lightbox-container\"><img data-recalc-dims=\"1\" loading=\"lazy\" decoding=\"async\" width=\"426\" height=\"426\" data-wp-class--hide=\"state.isContentHidden\" data-wp-class--show=\"state.isContentVisible\" data-wp-init=\"callbacks.setButtonStyles\" data-wp-on--click=\"actions.showLightbox\" data-wp-on--load=\"callbacks.setButtonStyles\" data-wp-on-window--resize=\"callbacks.setButtonStyles\" src=\"https:\/\/i0.wp.com\/www.valonkuvia.fi\/blogi\/wp-content\/uploads\/2026\/03\/crispell-jormin-memento-kansi.webp?resize=426%2C426&#038;ssl=1\" alt=\"\" class=\"wp-image-28048\" srcset=\"https:\/\/i0.wp.com\/www.valonkuvia.fi\/blogi\/wp-content\/uploads\/2026\/03\/crispell-jormin-memento-kansi.webp?resize=426%2C426&amp;ssl=1 426w, https:\/\/i0.wp.com\/www.valonkuvia.fi\/blogi\/wp-content\/uploads\/2026\/03\/crispell-jormin-memento-kansi.webp?resize=852%2C852&amp;ssl=1 852w, https:\/\/i0.wp.com\/www.valonkuvia.fi\/blogi\/wp-content\/uploads\/2026\/03\/crispell-jormin-memento-kansi.webp?resize=150%2C150&amp;ssl=1 150w, https:\/\/i0.wp.com\/www.valonkuvia.fi\/blogi\/wp-content\/uploads\/2026\/03\/crispell-jormin-memento-kansi.webp?resize=768%2C768&amp;ssl=1 768w, https:\/\/i0.wp.com\/www.valonkuvia.fi\/blogi\/wp-content\/uploads\/2026\/03\/crispell-jormin-memento-kansi.webp?resize=400%2C400&amp;ssl=1 400w, https:\/\/i0.wp.com\/www.valonkuvia.fi\/blogi\/wp-content\/uploads\/2026\/03\/crispell-jormin-memento-kansi.webp?resize=120%2C120&amp;ssl=1 120w, https:\/\/i0.wp.com\/www.valonkuvia.fi\/blogi\/wp-content\/uploads\/2026\/03\/crispell-jormin-memento-kansi.webp?w=1000&amp;ssl=1 1000w\" sizes=\"auto, (max-width: 426px) 100vw, 426px\" \/><button\n\t\t\tclass=\"lightbox-trigger\"\n\t\t\ttype=\"button\"\n\t\t\taria-haspopup=\"dialog\"\n\t\t\taria-label=\"Suurenna\"\n\t\t\tdata-wp-init=\"callbacks.initTriggerButton\"\n\t\t\tdata-wp-on--click=\"actions.showLightbox\"\n\t\t\tdata-wp-style--right=\"state.imageButtonRight\"\n\t\t\tdata-wp-style--top=\"state.imageButtonTop\"\n\t\t>\n\t\t\t<svg xmlns=\"http:\/\/www.w3.org\/2000\/svg\" width=\"12\" height=\"12\" fill=\"none\" viewBox=\"0 0 12 12\">\n\t\t\t\t<path fill=\"#fff\" d=\"M2 0a2 2 0 0 0-2 2v2h1.5V2a.5.5 0 0 1 .5-.5h2V0H2Zm2 10.5H2a.5.5 0 0 1-.5-.5V8H0v2a2 2 0 0 0 2 2h2v-1.5ZM8 12v-1.5h2a.5.5 0 0 0 .5-.5V8H12v2a2 2 0 0 1-2 2H8Zm2-12a2 2 0 0 1 2 2v2h-1.5V2a.5.5 0 0 0-.5-.5H8V0h2Z\" \/>\n\t\t\t<\/svg>\n\t\t<\/button><\/figure>\n","protected":false},"excerpt":{"rendered":"<p>Vaikka pianisti Marilyn Crispellin ja basisti Anders Jorminin yhteys ulottuu yli kolmenkymmenen vuoden taakse, on &#8221;Memento&#8221; heid\u00e4n ensimm\u00e4inen duoalbuminsa. Taustalla on toki yhteisi\u00e4 levytyksi\u00e4, sill\u00e4 Crispell on soittanut Jorminin kanssa ainakin konsertissa \u00e4\u00e4nitetyll\u00e4 triolevyll\u00e4 &#8221;Spring Tour&#8221; (Alice Musik, 1995) ja Jorminin kirkkomusiikkilevyll\u00e4 &#8221;In Winds, In Light&#8221; (ECM, 2004). Crispellin ja Jorminin v\u00e4linen musiikillinen yhteys on [&hellip;]<\/p>\n","protected":false},"author":1,"featured_media":28054,"comment_status":"open","ping_status":"open","sticky":false,"template":"","format":"standard","meta":{"ngg_post_thumbnail":0,"_jetpack_memberships_contains_paid_content":false,"footnotes":"","jetpack_publicize_message":"","jetpack_publicize_feature_enabled":true,"jetpack_social_post_already_shared":true,"jetpack_social_options":{"image_generator_settings":{"template":"highway","default_image_id":0,"font":"","enabled":false},"version":2}},"categories":[3],"tags":[278,50,97,80,13,656],"class_list":["post-28046","post","type-post","status-publish","format-standard","has-post-thumbnail","hentry","category-jazz","tag-anders-jormin","tag-basso","tag-ecm","tag-eurooppalainen-jazz","tag-jazzlevyt-2","tag-marilyn-crispell"],"jetpack_publicize_connections":[],"jetpack_featured_media_url":"https:\/\/i0.wp.com\/www.valonkuvia.fi\/blogi\/wp-content\/uploads\/2026\/03\/crispell-caterina-di-pelli.webp?fit=2000%2C1333&ssl=1","jetpack_likes_enabled":false,"jetpack_sharing_enabled":true,"_links":{"self":[{"href":"https:\/\/www.valonkuvia.fi\/blogi\/wp-json\/wp\/v2\/posts\/28046","targetHints":{"allow":["GET"]}}],"collection":[{"href":"https:\/\/www.valonkuvia.fi\/blogi\/wp-json\/wp\/v2\/posts"}],"about":[{"href":"https:\/\/www.valonkuvia.fi\/blogi\/wp-json\/wp\/v2\/types\/post"}],"author":[{"embeddable":true,"href":"https:\/\/www.valonkuvia.fi\/blogi\/wp-json\/wp\/v2\/users\/1"}],"replies":[{"embeddable":true,"href":"https:\/\/www.valonkuvia.fi\/blogi\/wp-json\/wp\/v2\/comments?post=28046"}],"version-history":[{"count":5,"href":"https:\/\/www.valonkuvia.fi\/blogi\/wp-json\/wp\/v2\/posts\/28046\/revisions"}],"predecessor-version":[{"id":28056,"href":"https:\/\/www.valonkuvia.fi\/blogi\/wp-json\/wp\/v2\/posts\/28046\/revisions\/28056"}],"wp:featuredmedia":[{"embeddable":true,"href":"https:\/\/www.valonkuvia.fi\/blogi\/wp-json\/wp\/v2\/media\/28054"}],"wp:attachment":[{"href":"https:\/\/www.valonkuvia.fi\/blogi\/wp-json\/wp\/v2\/media?parent=28046"}],"wp:term":[{"taxonomy":"category","embeddable":true,"href":"https:\/\/www.valonkuvia.fi\/blogi\/wp-json\/wp\/v2\/categories?post=28046"},{"taxonomy":"post_tag","embeddable":true,"href":"https:\/\/www.valonkuvia.fi\/blogi\/wp-json\/wp\/v2\/tags?post=28046"}],"curies":[{"name":"wp","href":"https:\/\/api.w.org\/{rel}","templated":true}]}}