{"id":3619,"date":"2012-08-25T15:41:38","date_gmt":"2012-08-25T12:41:38","guid":{"rendered":"http:\/\/www.valonkuvia.fi\/blogi\/?p=3619"},"modified":"2023-03-30T11:36:59","modified_gmt":"2023-03-30T08:36:59","slug":"vinyylin-viehatys-the-don-pullen-quintet-the-sixth-sense","status":"publish","type":"post","link":"https:\/\/www.valonkuvia.fi\/blogi\/vinyylin-viehatys-the-don-pullen-quintet-the-sixth-sense\/","title":{"rendered":"Vinyylin vieh\u00e4tys &#8211; The Don Pullen Quintet: The Sixth Sense"},"content":{"rendered":"\n<figure class=\"wp-block-image is-style-default\"><a href=\"https:\/\/i0.wp.com\/www.valonkuvia.fi\/blogi\/wp-content\/uploads\/2012\/08\/don_pullen_sixth_sense.jpg\"><img data-recalc-dims=\"1\" loading=\"lazy\" decoding=\"async\" width=\"600\" height=\"400\" src=\"https:\/\/i0.wp.com\/www.valonkuvia.fi\/blogi\/wp-content\/uploads\/2012\/08\/don_pullen_sixth_sense.jpg?resize=600%2C400\" alt=\"\" class=\"wp-image-3623\" srcset=\"https:\/\/i0.wp.com\/www.valonkuvia.fi\/blogi\/wp-content\/uploads\/2012\/08\/don_pullen_sixth_sense.jpg?w=600&amp;ssl=1 600w, https:\/\/i0.wp.com\/www.valonkuvia.fi\/blogi\/wp-content\/uploads\/2012\/08\/don_pullen_sixth_sense.jpg?resize=300%2C200&amp;ssl=1 300w\" sizes=\"auto, (max-width: 600px) 100vw, 600px\" \/><\/a><figcaption class=\"wp-element-caption\"><em>The Don Pullen Quintet:  The Sixth Sense<\/em><\/figcaption><\/figure>\n\n\n\n<p>Amerikkalainen <strong>Don Pullen<\/strong> (1941 &#8211; 1995) oli voimakasotteinen pianisti, jonka musiikkia saattaa kuunnella vaikkapa <strong>Charles Minguksen<\/strong> levyilt\u00e4 <em>Changes One<\/em> ja <em>Changes Two<\/em>. H\u00e4n johti my\u00f6s George Adams-Don Pullen Quartetia yhdess\u00e4 saksofonisti <strong>George Adamsin<\/strong> kanssa ja ehti tehd\u00e4 my\u00f6s mittavan soolouran ennen kuin kuoli imusolmukesy\u00f6p\u00e4\u00e4n vain 54-vuotiaana.<\/p>\n\n\n\n<p>Levyhyllyss\u00e4ni on edell\u00e4 mainittujen Mingus-levyjen lis\u00e4ksi vain yksi Don Pullenin levy, vuonna 1985 Black Saint-levymerkill\u00e4 ilmestynyt kvintettilevytys <em>The Sixth Sense<\/em>. Levykansitekstiss\u00e4 Don Pullen kertoo, ett\u00e4 levyn nimi viittaa intuitioon, siis kuudenteen aistiin. Levyll\u00e4 soittavat yhtyeenjohtajan lis\u00e4ksi trumpetisti <strong>Olu Dara<\/strong>, alttosaksofonisti <strong>Don Harrison<\/strong>, basisti <strong>Fred Hopkins<\/strong> ja rumpali <strong>Bobby Battle<\/strong>.<\/p>\n\n\n\n<p>Levy on kummasti kaksijakoinen. A-puolella on kaksi hard bopin perinteest\u00e4 nousevaa vahvaa esityst\u00e4, nimikappale ja <em>In The Beginning<\/em>. B-puoli sen sijaan j\u00e4\u00e4 vaisummaksi. Vain puolen avausraita <em>Tales From The Bright Side<\/em> on A-puolen tasalla. Pullenin ja Harrisonin duetto <em>Gratitude<\/em> on vaisuhko balladi ja levyn p\u00e4\u00e4t\u00f6s <em>All Is Well<\/em> vain vajaan kahden minuutin mittainen katkelma. Ik\u00e4\u00e4n kuin levyn tekij\u00f6ilt\u00e4 olisi loppunut materiaali kesken.<\/p>\n\n\n\n<p>Mutta kolme hienoa esityst\u00e4kin (yhteens\u00e4 noin 20 minuuttia musiikkia) on jo enemm\u00e4n kuin monella yli tunnin mittaisella levyll\u00e4. Kvintetti toimii upeasti yhtyeen\u00e4 ja maustaa hard bopiaan v\u00e4lill\u00e4 free jazzin puolelta lainatuilla tehokeinoilla. Trumpetisti Olu Dara loistaa ja my\u00f6s yhtyeenjohtajan pianoty\u00f6skentely niin solistina kuin yhtyemuusikkona on omaper\u00e4ist\u00e4 ja voimallista; v\u00e4lill\u00e4 ik\u00e4\u00e4n kuin <strong>Cecil Taylor<\/strong> soittasi svengijazzia. <\/p>\n\n\n\n<p>Levyyn liittyy mukava muisto. Olin pit\u00e4nyt Tornion kirjaston musiikkiosastolla pienen jazzin historiaa esittelev\u00e4n luentosarjan ja sain Pullenin levyn lahjaksi viimeisen luennon p\u00e4\u00e4tteeksi. T\u00e4m\u00e4 tapahtui 9.12.1987, mik\u00e4 ilmenee levyn kanteen kirjoittamastani p\u00e4iv\u00e4yksest\u00e4.<\/p>\n","protected":false},"excerpt":{"rendered":"<p>Amerikkalainen Don Pullen (1941 &#8211; 1995) oli voimakasotteinen pianisti, jonka musiikkia saattaa kuunnella vaikkapa Charles Minguksen levyilt\u00e4 Changes One ja Changes Two. H\u00e4n johti my\u00f6s George Adams-Don Pullen Quartetia yhdess\u00e4 saksofonisti George Adamsin kanssa ja ehti tehd\u00e4 my\u00f6s mittavan soolouran ennen kuin kuoli imusolmukesy\u00f6p\u00e4\u00e4n vain 54-vuotiaana. Levyhyllyss\u00e4ni on edell\u00e4 mainittujen Mingus-levyjen lis\u00e4ksi vain yksi Don [&hellip;]<\/p>\n","protected":false},"author":1,"featured_media":3623,"comment_status":"open","ping_status":"open","sticky":false,"template":"","format":"standard","meta":{"ngg_post_thumbnail":0,"_jetpack_memberships_contains_paid_content":false,"footnotes":"","jetpack_publicize_message":"","jetpack_publicize_feature_enabled":true,"jetpack_social_post_already_shared":false,"jetpack_social_options":{"image_generator_settings":{"template":"highway","default_image_id":0,"font":"","enabled":false},"version":2}},"categories":[3],"tags":[20,450,1037,1038,13,41,115,108],"class_list":["post-3619","post","type-post","status-publish","format-standard","has-post-thumbnail","hentry","category-jazz","tag-amerikkalainen-jazz","tag-black-saint","tag-don-pullen","tag-fred-hopkins","tag-jazzlevyt-2","tag-piano","tag-vinyyli-2","tag-vinyyli"],"jetpack_publicize_connections":[],"jetpack_featured_media_url":"https:\/\/i0.wp.com\/www.valonkuvia.fi\/blogi\/wp-content\/uploads\/2012\/08\/don_pullen_sixth_sense.jpg?fit=600%2C400&ssl=1","jetpack_likes_enabled":false,"jetpack_sharing_enabled":true,"_links":{"self":[{"href":"https:\/\/www.valonkuvia.fi\/blogi\/wp-json\/wp\/v2\/posts\/3619","targetHints":{"allow":["GET"]}}],"collection":[{"href":"https:\/\/www.valonkuvia.fi\/blogi\/wp-json\/wp\/v2\/posts"}],"about":[{"href":"https:\/\/www.valonkuvia.fi\/blogi\/wp-json\/wp\/v2\/types\/post"}],"author":[{"embeddable":true,"href":"https:\/\/www.valonkuvia.fi\/blogi\/wp-json\/wp\/v2\/users\/1"}],"replies":[{"embeddable":true,"href":"https:\/\/www.valonkuvia.fi\/blogi\/wp-json\/wp\/v2\/comments?post=3619"}],"version-history":[{"count":46,"href":"https:\/\/www.valonkuvia.fi\/blogi\/wp-json\/wp\/v2\/posts\/3619\/revisions"}],"predecessor-version":[{"id":22369,"href":"https:\/\/www.valonkuvia.fi\/blogi\/wp-json\/wp\/v2\/posts\/3619\/revisions\/22369"}],"wp:featuredmedia":[{"embeddable":true,"href":"https:\/\/www.valonkuvia.fi\/blogi\/wp-json\/wp\/v2\/media\/3623"}],"wp:attachment":[{"href":"https:\/\/www.valonkuvia.fi\/blogi\/wp-json\/wp\/v2\/media?parent=3619"}],"wp:term":[{"taxonomy":"category","embeddable":true,"href":"https:\/\/www.valonkuvia.fi\/blogi\/wp-json\/wp\/v2\/categories?post=3619"},{"taxonomy":"post_tag","embeddable":true,"href":"https:\/\/www.valonkuvia.fi\/blogi\/wp-json\/wp\/v2\/tags?post=3619"}],"curies":[{"name":"wp","href":"https:\/\/api.w.org\/{rel}","templated":true}]}}