{"id":4345,"date":"2012-10-11T20:23:46","date_gmt":"2012-10-11T17:23:46","guid":{"rendered":"http:\/\/www.valonkuvia.fi\/blogi\/?p=4345"},"modified":"2023-04-02T22:37:45","modified_gmt":"2023-04-02T19:37:45","slug":"syksyn-kotimaisia-bachista-svengiin","status":"publish","type":"post","link":"https:\/\/www.valonkuvia.fi\/blogi\/syksyn-kotimaisia-bachista-svengiin\/","title":{"rendered":"Syksyn kotimaisia &#8211; Bachista svengiin"},"content":{"rendered":"\n<figure class=\"wp-block-image aligncenter is-style-default\"><a href=\"https:\/\/i0.wp.com\/www.valonkuvia.fi\/blogi\/wp-content\/uploads\/2012\/10\/syksyn_satoa.jpg\"><img data-recalc-dims=\"1\" loading=\"lazy\" decoding=\"async\" width=\"600\" height=\"337\" src=\"https:\/\/i0.wp.com\/www.valonkuvia.fi\/blogi\/wp-content\/uploads\/2012\/10\/syksyn_satoa.jpg?resize=600%2C337\" alt=\"\" class=\"wp-image-4361\" title=\"syksyn_satoa\" srcset=\"https:\/\/i0.wp.com\/www.valonkuvia.fi\/blogi\/wp-content\/uploads\/2012\/10\/syksyn_satoa.jpg?w=600&amp;ssl=1 600w, https:\/\/i0.wp.com\/www.valonkuvia.fi\/blogi\/wp-content\/uploads\/2012\/10\/syksyn_satoa.jpg?resize=300%2C168&amp;ssl=1 300w\" sizes=\"auto, (max-width: 600px) 100vw, 600px\" \/><\/a><\/figure>\n\n\n\n<p>Kotimaisen jazzin syksyn levysato on runsas ja tyylillisesti monelle taholle avautuva. Suomijazz ei olekaan yhdest\u00e4 puusta veistetty\u00e4 melankoliaa, vaan moni-ilmeist\u00e4 ja avaraa. Kansainv\u00e4lisyyskin on luonteva osa jazzin suomalaisuutta, mink\u00e4 monet nyt esittelyss\u00e4 olevista levyist\u00e4 osoittavat.<\/p>\n\n\n\n<p><strong>Roy Assaf \u2013 Jaska Lukkarinen NYConnection: Party of Four (Jaskaa, 2012)<\/strong><\/p>\n\n\n\n<p>Rumpali Jaska Lukkarisen ja israelilaisen pianistin Roy Assafin projekti on oiva esimerkki kansainv\u00e4lisyydest\u00e4, sill\u00e4 levyll\u00e4 soittavan kvartetin muut j\u00e4senet tulevat USA:sta ja Bulgariasta. Jazzin kieli ylitt\u00e4\u00e4 rajat, kun Assafin ja Lukkarisen s\u00e4vellykset kuulostavat hyvin amerikkalaiselta. Joukon tunnetuin nimi on Joel Frahm, jonka saksofoni soi niin varmasti kuin se vain voi huippujazzmuusikon k\u00e4siss\u00e4 soida.<\/p>\n\n\n\n<p><strong>Timo Lassy: In With Lassy (Schema Records, 2012)<\/strong><\/p>\n\n\n\n<p>Harvoin kuulee niin mainiota levyn alkua kuin saksofonisti Timo Lassyn uuden, italialaisen yhteisty\u00f6n kautta julkaistun levyn avaus Teddy The Sweeper. Teppo M\u00e4kysen s\u00e4h\u00e4k\u00e4st\u00e4 vispil\u00f6iden sutinasta ja saksofonin m\u00f6r\u00e4hdyksist\u00e4 kasvaa mehev\u00e4 vauhtipala. Tapansa mukaan Lassy pysyttelee svengijazzin genress\u00e4 ja toteuttaa svengins\u00e4 taidokkaasti. Onnistunut \u00e4\u00e4nitys tallentaa el\u00e4v\u00e4sti yhtyeen soundin, jota Georgios Kontrafourisin wurlitzer-piano mukavasti kevent\u00e4\u00e4.<\/p>\n\n\n\n<p><strong>Sid Hille Contemporary\/Jazz Collective: The Zen Collective (SatnaMusic, 2012)<\/strong><\/p>\n\n\n\n<p>Pianisti ja s\u00e4velt\u00e4j\u00e4 Sid Hille on sen sijaan aina mieluusti haastanut tyylilajien rajoja. Nimens\u00e4 mukaisesti Hillen uutuus mietiskelee minimalistisesti ja kokoonpanokin (piano, kitara, bassoklarinetti ja jousikvartetti) on harvinainen. Sid Hille sanoo: \u201dHaluan s\u00e4vellysteni kuulostavan improvisaatioilta ja improvisaatioiden s\u00e4vellyksilt\u00e4\u201d. Rajat unohtuvatkin Teemu Viinikaisen kitaran hiljaisten tehojen ja kuulaiden jousisointien v\u00e4reilev\u00e4\u00e4n pintaan.<\/p>\n\n\n\n<p><strong>Muscle Kings of Mexico: Fear No Man! (Kissankusi Records, 2012)<\/strong><\/p>\n\n\n\n<p>Muscle Kings of Mexico on kaksi kolmasosaa tamperelaisesta free jazziin erikoistuneesta Black Motor-triosta. Saksofonisti Sami Sippolan ja basisti Ville Rauhalan rosoisen rujossa soitossa el\u00e4\u00e4 1960-luvun free jazzin kehitt\u00e4j\u00e4n Albert Aylerin henki. Levy t\u00e4yttyy intensiivisill\u00e4, ankaran hartailla improvisaatioilla.<\/p>\n\n\n\n<p><strong>Jussi Fredriksson: Jazz Wars I &amp; II (Fredriksson Music, 2012)<\/strong><\/p>\n\n\n\n<p>Pianisti Jussi Fredrikssonilla on jazzille harvinainen ohjelmallinen l\u00e4hestymistapa, kun kumpikin levyn neliosaisista teoksista pyrki kertomaan tarinan. Ensimm\u00e4inen lienee osiensa nimien perusteella (Home-Journey-Battle-Return) klassinen poikien seikkailu ja toinen henkisempi taisto matkalla ep\u00e4ilyksist\u00e4 sis\u00e4iseen rauhaan. Jos ei muusta, niin levy kertoo ainakin jazzin kielen ja keinojen vankasta osaamisesta. Se tuskin on yll\u00e4tys, kun yhtyeess\u00e4 soittaa Marzi Nymanin, Jukkis Uotilan ja Joonatan Raution kaltaisia taitajia.<\/p>\n\n\n\n<p><strong>Iiro Rantala: My History of Jazz (ACT, 2012)<\/strong><\/p>\n\n\n\n<p>Iiro Rantalan TV:st\u00e4 tuttu hahmo leikkii ylti\u00f6p\u00e4isesti musiikin tyyleill\u00e4. Uudella levyll\u00e4\u00e4n h\u00e4n aloittaa oman jazzinsa historian versiolla Bachin Goldberg-muunnelmien avausosasta ja sy\u00f6ksyy heti hilpe\u00e4\u00e4n ragtimeen. Sama meno jatkuu l\u00e4pi levyn ja kansainv\u00e4linen kvartetti tulkitsee antaumuksella Bach-improvisaatioita, Rantalan s\u00e4vellyksi\u00e4 ja valikoiman standardeja Caravanista Kurt Weilliin. L\u00e4mp\u00f6isin olo j\u00e4\u00e4 kuitenkin Lars Gullinin kauniista balladista Danny\u00b4s Dream. My\u00f6s upeat pianosoundit ilahduttavat.<\/p>\n\n\n\n<p><em>Julkaistu Pohjolan Sanomissa 11.10.2012<\/em><\/p>\n\n\n\n<figure class=\"wp-block-gallery has-nested-images columns-3 is-cropped wp-block-gallery-2 is-layout-flex wp-block-gallery-is-layout-flex\">\n<figure class=\"wp-block-image size-large is-style-default\"><img data-recalc-dims=\"1\" loading=\"lazy\" decoding=\"async\" width=\"449\" height=\"400\" data-id=\"4351\" src=\"https:\/\/i0.wp.com\/www.valonkuvia.fi\/blogi\/wp-content\/uploads\/2012\/10\/sid_hille.jpg?resize=449%2C400&#038;ssl=1\" alt=\"\" class=\"wp-image-4351\" srcset=\"https:\/\/i0.wp.com\/www.valonkuvia.fi\/blogi\/wp-content\/uploads\/2012\/10\/sid_hille.jpg?resize=449%2C400&amp;ssl=1 449w, https:\/\/i0.wp.com\/www.valonkuvia.fi\/blogi\/wp-content\/uploads\/2012\/10\/sid_hille.jpg?resize=300%2C266&amp;ssl=1 300w, https:\/\/i0.wp.com\/www.valonkuvia.fi\/blogi\/wp-content\/uploads\/2012\/10\/sid_hille.jpg?w=825&amp;ssl=1 825w\" sizes=\"auto, (max-width: 449px) 100vw, 449px\" \/><figcaption class=\"wp-element-caption\">Sid Hille Contemporary\/Jazz Collective: The Zen Collective<\/figcaption><\/figure>\n\n\n\n<figure class=\"wp-block-image size-large is-style-default\"><img data-recalc-dims=\"1\" loading=\"lazy\" decoding=\"async\" width=\"401\" height=\"400\" data-id=\"4350\" src=\"https:\/\/i0.wp.com\/www.valonkuvia.fi\/blogi\/wp-content\/uploads\/2012\/10\/nyconnection.jpg?resize=401%2C400&#038;ssl=1\" alt=\"\" class=\"wp-image-4350\" srcset=\"https:\/\/i0.wp.com\/www.valonkuvia.fi\/blogi\/wp-content\/uploads\/2012\/10\/nyconnection.jpg?resize=401%2C400&amp;ssl=1 401w, https:\/\/i0.wp.com\/www.valonkuvia.fi\/blogi\/wp-content\/uploads\/2012\/10\/nyconnection.jpg?resize=150%2C150&amp;ssl=1 150w, https:\/\/i0.wp.com\/www.valonkuvia.fi\/blogi\/wp-content\/uploads\/2012\/10\/nyconnection.jpg?resize=300%2C300&amp;ssl=1 300w, https:\/\/i0.wp.com\/www.valonkuvia.fi\/blogi\/wp-content\/uploads\/2012\/10\/nyconnection.jpg?resize=100%2C100&amp;ssl=1 100w, https:\/\/i0.wp.com\/www.valonkuvia.fi\/blogi\/wp-content\/uploads\/2012\/10\/nyconnection.jpg?w=732&amp;ssl=1 732w\" sizes=\"auto, (max-width: 401px) 100vw, 401px\" \/><\/figure>\n\n\n\n<figure class=\"wp-block-image size-large is-style-default\"><img data-recalc-dims=\"1\" loading=\"lazy\" decoding=\"async\" width=\"398\" height=\"400\" data-id=\"4349\" src=\"https:\/\/i0.wp.com\/www.valonkuvia.fi\/blogi\/wp-content\/uploads\/2012\/10\/muscle_kings.jpg?resize=398%2C400&#038;ssl=1\" alt=\"Muscle Kings of Mexico: Fear No Man!\" class=\"wp-image-4349\" srcset=\"https:\/\/i0.wp.com\/www.valonkuvia.fi\/blogi\/wp-content\/uploads\/2012\/10\/muscle_kings.jpg?resize=398%2C400&amp;ssl=1 398w, https:\/\/i0.wp.com\/www.valonkuvia.fi\/blogi\/wp-content\/uploads\/2012\/10\/muscle_kings.jpg?resize=150%2C150&amp;ssl=1 150w, https:\/\/i0.wp.com\/www.valonkuvia.fi\/blogi\/wp-content\/uploads\/2012\/10\/muscle_kings.jpg?resize=298%2C300&amp;ssl=1 298w, https:\/\/i0.wp.com\/www.valonkuvia.fi\/blogi\/wp-content\/uploads\/2012\/10\/muscle_kings.jpg?resize=100%2C100&amp;ssl=1 100w, https:\/\/i0.wp.com\/www.valonkuvia.fi\/blogi\/wp-content\/uploads\/2012\/10\/muscle_kings.jpg?w=709&amp;ssl=1 709w\" sizes=\"auto, (max-width: 398px) 100vw, 398px\" \/><\/figure>\n\n\n\n<figure class=\"wp-block-image size-large is-style-default\"><img data-recalc-dims=\"1\" loading=\"lazy\" decoding=\"async\" width=\"449\" height=\"400\" data-id=\"4348\" src=\"https:\/\/i0.wp.com\/www.valonkuvia.fi\/blogi\/wp-content\/uploads\/2012\/10\/lassy.jpg?resize=449%2C400&#038;ssl=1\" alt=\"Timo Lassy: In With Lassy\" class=\"wp-image-4348\" srcset=\"https:\/\/i0.wp.com\/www.valonkuvia.fi\/blogi\/wp-content\/uploads\/2012\/10\/lassy.jpg?resize=449%2C400&amp;ssl=1 449w, https:\/\/i0.wp.com\/www.valonkuvia.fi\/blogi\/wp-content\/uploads\/2012\/10\/lassy.jpg?resize=300%2C266&amp;ssl=1 300w, https:\/\/i0.wp.com\/www.valonkuvia.fi\/blogi\/wp-content\/uploads\/2012\/10\/lassy.jpg?w=768&amp;ssl=1 768w\" sizes=\"auto, (max-width: 449px) 100vw, 449px\" \/><\/figure>\n\n\n\n<figure class=\"wp-block-image size-large is-style-default\"><img data-recalc-dims=\"1\" loading=\"lazy\" decoding=\"async\" width=\"444\" height=\"400\" data-id=\"4347\" src=\"https:\/\/i0.wp.com\/www.valonkuvia.fi\/blogi\/wp-content\/uploads\/2012\/10\/JussiFredriksson.jpg?resize=444%2C400&#038;ssl=1\" alt=\"Jussi Fredriksson: Jazz Wars I &amp; II\" class=\"wp-image-4347\" srcset=\"https:\/\/i0.wp.com\/www.valonkuvia.fi\/blogi\/wp-content\/uploads\/2012\/10\/JussiFredriksson.jpg?resize=444%2C400&amp;ssl=1 444w, https:\/\/i0.wp.com\/www.valonkuvia.fi\/blogi\/wp-content\/uploads\/2012\/10\/JussiFredriksson.jpg?resize=300%2C269&amp;ssl=1 300w, https:\/\/i0.wp.com\/www.valonkuvia.fi\/blogi\/wp-content\/uploads\/2012\/10\/JussiFredriksson.jpg?w=768&amp;ssl=1 768w\" sizes=\"auto, (max-width: 444px) 100vw, 444px\" \/><\/figure>\n\n\n\n<figure class=\"wp-block-image size-large is-style-default\"><img data-recalc-dims=\"1\" loading=\"lazy\" decoding=\"async\" width=\"440\" height=\"400\" data-id=\"4346\" src=\"https:\/\/i0.wp.com\/www.valonkuvia.fi\/blogi\/wp-content\/uploads\/2012\/10\/iiro_rantala.jpg?resize=440%2C400&#038;ssl=1\" alt=\"Iiro Rantala: My History of Jazz\" class=\"wp-image-4346\" srcset=\"https:\/\/i0.wp.com\/www.valonkuvia.fi\/blogi\/wp-content\/uploads\/2012\/10\/iiro_rantala.jpg?resize=440%2C400&amp;ssl=1 440w, https:\/\/i0.wp.com\/www.valonkuvia.fi\/blogi\/wp-content\/uploads\/2012\/10\/iiro_rantala.jpg?resize=300%2C272&amp;ssl=1 300w, https:\/\/i0.wp.com\/www.valonkuvia.fi\/blogi\/wp-content\/uploads\/2012\/10\/iiro_rantala.jpg?w=1680&amp;ssl=1 1680w\" sizes=\"auto, (max-width: 440px) 100vw, 440px\" \/><\/figure>\n<\/figure>\n","protected":false},"excerpt":{"rendered":"<p>Kotimaisen jazzin syksyn levysato on runsas ja tyylillisesti monelle taholle avautuva. Suomijazz ei olekaan yhdest\u00e4 puusta veistetty\u00e4 melankoliaa, vaan moni-ilmeist\u00e4 ja avaraa. Kansainv\u00e4lisyyskin on luonteva osa jazzin suomalaisuutta, mink\u00e4 monet nyt esittelyss\u00e4 olevista levyist\u00e4 osoittavat. Roy Assaf \u2013 Jaska Lukkarinen NYConnection: Party of Four (Jaskaa, 2012) Rumpali Jaska Lukkarisen ja israelilaisen pianistin Roy Assafin projekti [&hellip;]<\/p>\n","protected":false},"author":1,"featured_media":4348,"comment_status":"open","ping_status":"open","sticky":false,"template":"","format":"standard","meta":{"ngg_post_thumbnail":0,"_jetpack_memberships_contains_paid_content":false,"footnotes":"","jetpack_publicize_message":"","jetpack_publicize_feature_enabled":true,"jetpack_social_post_already_shared":false,"jetpack_social_options":{"image_generator_settings":{"template":"highway","default_image_id":0,"font":"","enabled":false},"version":2}},"categories":[3],"tags":[87,13,123,66,776,835,122,774,18,73,120],"class_list":["post-4345","post","type-post","status-publish","format-standard","has-post-thumbnail","hentry","category-jazz","tag-jaska-lukkarinen","tag-jazzlevyt-2","tag-jussi-fredriksson","tag-pohjolan-sanomat","tag-sami-sippola","tag-satnamusic","tag-sid-hille","tag-simo-laihonen","tag-suomalainen-jazz","tag-teemu-viinikainen","tag-timo-lassy"],"jetpack_publicize_connections":[],"jetpack_featured_media_url":"https:\/\/i0.wp.com\/www.valonkuvia.fi\/blogi\/wp-content\/uploads\/2012\/10\/lassy.jpg?fit=768%2C683&ssl=1","jetpack_likes_enabled":false,"jetpack_sharing_enabled":true,"_links":{"self":[{"href":"https:\/\/www.valonkuvia.fi\/blogi\/wp-json\/wp\/v2\/posts\/4345","targetHints":{"allow":["GET"]}}],"collection":[{"href":"https:\/\/www.valonkuvia.fi\/blogi\/wp-json\/wp\/v2\/posts"}],"about":[{"href":"https:\/\/www.valonkuvia.fi\/blogi\/wp-json\/wp\/v2\/types\/post"}],"author":[{"embeddable":true,"href":"https:\/\/www.valonkuvia.fi\/blogi\/wp-json\/wp\/v2\/users\/1"}],"replies":[{"embeddable":true,"href":"https:\/\/www.valonkuvia.fi\/blogi\/wp-json\/wp\/v2\/comments?post=4345"}],"version-history":[{"count":17,"href":"https:\/\/www.valonkuvia.fi\/blogi\/wp-json\/wp\/v2\/posts\/4345\/revisions"}],"predecessor-version":[{"id":22380,"href":"https:\/\/www.valonkuvia.fi\/blogi\/wp-json\/wp\/v2\/posts\/4345\/revisions\/22380"}],"wp:featuredmedia":[{"embeddable":true,"href":"https:\/\/www.valonkuvia.fi\/blogi\/wp-json\/wp\/v2\/media\/4348"}],"wp:attachment":[{"href":"https:\/\/www.valonkuvia.fi\/blogi\/wp-json\/wp\/v2\/media?parent=4345"}],"wp:term":[{"taxonomy":"category","embeddable":true,"href":"https:\/\/www.valonkuvia.fi\/blogi\/wp-json\/wp\/v2\/categories?post=4345"},{"taxonomy":"post_tag","embeddable":true,"href":"https:\/\/www.valonkuvia.fi\/blogi\/wp-json\/wp\/v2\/tags?post=4345"}],"curies":[{"name":"wp","href":"https:\/\/api.w.org\/{rel}","templated":true}]}}