{"id":4443,"date":"2012-10-30T22:02:51","date_gmt":"2012-10-30T20:02:51","guid":{"rendered":"http:\/\/www.valonkuvia.fi\/blogi\/?p=4443"},"modified":"2023-03-30T15:27:23","modified_gmt":"2023-03-30T12:27:23","slug":"karjalasta-kajahti-jazz-jazzpaivat-joensuussa","status":"publish","type":"post","link":"https:\/\/www.valonkuvia.fi\/blogi\/karjalasta-kajahti-jazz-jazzpaivat-joensuussa\/","title":{"rendered":"Karjalasta kajahti jazz &#8211; Jazzp\u00e4iv\u00e4t Joensuussa"},"content":{"rendered":"\n<figure class=\"wp-block-image aligncenter is-style-default\"><a href=\"https:\/\/i0.wp.com\/www.valonkuvia.fi\/blogi\/wp-content\/uploads\/2012\/10\/yrjo_ja_varjo_yrjo.jpg\"><img data-recalc-dims=\"1\" loading=\"lazy\" decoding=\"async\" width=\"600\" height=\"400\" src=\"https:\/\/i0.wp.com\/www.valonkuvia.fi\/blogi\/wp-content\/uploads\/2012\/10\/yrjo_ja_varjo_yrjo-600x400.jpg?resize=600%2C400\" alt=\"\" class=\"wp-image-4448\" srcset=\"https:\/\/i0.wp.com\/www.valonkuvia.fi\/blogi\/wp-content\/uploads\/2012\/10\/yrjo_ja_varjo_yrjo.jpg?resize=600%2C400&amp;ssl=1 600w, https:\/\/i0.wp.com\/www.valonkuvia.fi\/blogi\/wp-content\/uploads\/2012\/10\/yrjo_ja_varjo_yrjo.jpg?resize=300%2C200&amp;ssl=1 300w, https:\/\/i0.wp.com\/www.valonkuvia.fi\/blogi\/wp-content\/uploads\/2012\/10\/yrjo_ja_varjo_yrjo.jpg?w=900&amp;ssl=1 900w\" sizes=\"auto, (max-width: 600px) 100vw, 600px\" \/><\/a><figcaption class=\"wp-element-caption\"><em>Yrj\u00f6-palkinto 2012: Markus Ketola<br>Varjo-Yrj\u00f6: Digelius Music &amp; Emu Lehtinen<\/em><\/figcaption><\/figure>\n\n\n\n<p>Jazzkerho-76 j\u00e4rjesti viime viikonloppuna (25.-27.10. 2012) Joensuussa parhaat valtakunnalliset jazzp\u00e4iv\u00e4t ikin\u00e4. Ainakin ne olivat parhaat, miss\u00e4 olen ollut mukana ja aika monissa ole ollut viimeisen kahdenkymmenen vuoden aikana.<\/p>\n\n\n\n<p>T\u00e4ll\u00e4 kertaa tapahtuman kaikki palaset olivat kohdallaan. Konsertit j\u00e4rjestettiin Karjalantalolla, jossa nyky\u00e4\u00e4n pit\u00e4\u00e4 majaansa Joensuun Popmuusikkojen Kerubi-klubi. Kerubin yl\u00e4kerran konserttitilassa j\u00e4rjestettiin p\u00e4\u00e4konsertit ja kellarissa my\u00f6h\u00e4isillan klubit. Molemmat tilat on j\u00e4rjestetty musiikin ehdoilla toimiviksi ja varustettu asianmukaisella \u00e4\u00e4ni- ja valotekniikalla.<\/p>\n\n\n\n<p>Mukavat tilat t\u00e4yttyiv\u00e4t molempina iltoina yleis\u00f6ll\u00e4, joka oli tullut kuuntelemaan musiikkia. Jazzkerho-76 on onnistunut siin\u00e4, miss\u00e4 monet muut jazztilaisuuksien j\u00e4rjest\u00e4j\u00e4t haparoivat. Joensuussa on asiantuntemusta ja uskallusta luottaa musiikin voimaan. Jazzkerho-76:n aktivistit tuottavat kuultavaksi sellaista musiikkia, jota he itse pit\u00e4v\u00e4t arvossa, eiv\u00e4tk\u00e4 tee taiteellisia kompromisseja yleis\u00f6\u00e4 aliarvioimalla.<\/p>\n\n\n\n<p>Ilmeisen avarakatseinen joensuulaisyleis\u00f6 on oppinut luottamaan yhdistyksen valintoihin ja tulee uskollisesti kuuntelemaan musiikkia. N\u00e4in my\u00f6s Jazzp\u00e4iv\u00e4t olivat taloudellisesti turvallisella pohjalla. Meill\u00e4 muilla jazzin parissa toimivilla on Joensuusta paljon opittavaa.<\/p>\n\n\n\n<figure class=\"wp-block-image aligncenter is-style-default\"><a href=\"https:\/\/i0.wp.com\/www.valonkuvia.fi\/blogi\/wp-content\/uploads\/2012\/10\/01.jpg\"><img data-recalc-dims=\"1\" loading=\"lazy\" decoding=\"async\" width=\"600\" height=\"400\" src=\"https:\/\/i0.wp.com\/www.valonkuvia.fi\/blogi\/wp-content\/uploads\/2012\/10\/01-600x400.jpg?resize=600%2C400\" alt=\"\" class=\"wp-image-4451\" srcset=\"https:\/\/i0.wp.com\/www.valonkuvia.fi\/blogi\/wp-content\/uploads\/2012\/10\/01.jpg?resize=600%2C400&amp;ssl=1 600w, https:\/\/i0.wp.com\/www.valonkuvia.fi\/blogi\/wp-content\/uploads\/2012\/10\/01.jpg?resize=300%2C200&amp;ssl=1 300w, https:\/\/i0.wp.com\/www.valonkuvia.fi\/blogi\/wp-content\/uploads\/2012\/10\/01.jpg?w=900&amp;ssl=1 900w\" sizes=\"auto, (max-width: 600px) 100vw, 600px\" \/><\/a><figcaption class=\"wp-element-caption\"><em>Fran\u00e7ois Corneloup Trio: Fran\u00e7ois Corneloup (barotonisaksofoni), H\u00e9l\u00e8ne Labarri\u00e8re (basso), Simon Goubert (rummut)<\/em><\/figcaption><\/figure>\n\n\n\n<p>Ohjelmisto on tietenkin jazztapahtuman t\u00e4rkein asia. Joensuussa sekin puoli tapahtumasta oli kohdallaan. Perjantai-illan konsertin aloitti ranskalaisen saumatta yhteen soinut Fran\u00e7ois Corneloup Trio. Yhtyeen dynaaminen esitys oli v\u00e4kivahvaa, l\u00e4mminhenkist\u00e4 improvisointia. Rumpali Simon Goubert nousi esille, h\u00e4n tuntui pystyv\u00e4n ihan mihin tahansa.<\/p>\n\n\n\n<p>Teppo M\u00e4kynen haki uusille s\u00e4vellyksilleen innoitusta kirjallisuudesta, eritoten novelleista. Kuulas Serenity Ensemble soittikin tarinoita, kehitteli kaaria ja j\u00e4tti my\u00f6s osan kysymyksist\u00e4\u00e4n vastaamatta, kuten hyv\u00e4t novellit usein j\u00e4tt\u00e4v\u00e4t. Ranskalaistrion voimajazzin j\u00e4lkeen M\u00e4kysen avoimet kertomukset hiljensiv\u00e4t ja rauhoittivat.<\/p>\n\n\n\n<p>Ilta p\u00e4\u00e4ttyi kellariklubilla Raoul Bj\u00f6rkenheimin tuoreen Ecstasy-kvartetin esiintymiseen. Ecstasy osoittautui aiemmin kuulemiini Bj\u00f6rkenheimin yhtyeisiin verrattuna jazzillisemmaksi; v\u00e4hemm\u00e4n tulivuoren purkauksia, enemm\u00e4n svengi\u00e4. B\u00e4ndi oli hyv\u00e4, saksofonisti Pauli Lyytinen j\u00e4nnitt\u00e4v\u00e4, basisti Jori Huhtalo vahva ja rumpali Markku Ounaskari tutusti dynaaminen.<\/p>\n\n\n\n<figure class=\"wp-block-image is-style-default\"><a href=\"https:\/\/i0.wp.com\/www.valonkuvia.fi\/blogi\/wp-content\/uploads\/2012\/10\/05.jpg\"><img data-recalc-dims=\"1\" loading=\"lazy\" decoding=\"async\" width=\"600\" height=\"400\" src=\"https:\/\/i0.wp.com\/www.valonkuvia.fi\/blogi\/wp-content\/uploads\/2012\/10\/05-600x400.jpg?resize=600%2C400\" alt=\"\" class=\"wp-image-4452\" srcset=\"https:\/\/i0.wp.com\/www.valonkuvia.fi\/blogi\/wp-content\/uploads\/2012\/10\/05.jpg?resize=600%2C400&amp;ssl=1 600w, https:\/\/i0.wp.com\/www.valonkuvia.fi\/blogi\/wp-content\/uploads\/2012\/10\/05.jpg?resize=300%2C200&amp;ssl=1 300w, https:\/\/i0.wp.com\/www.valonkuvia.fi\/blogi\/wp-content\/uploads\/2012\/10\/05.jpg?w=900&amp;ssl=1 900w\" sizes=\"auto, (max-width: 600px) 100vw, 600px\" \/><\/a><figcaption class=\"wp-element-caption\"><em>Mia Simanainen<\/em><\/figcaption><\/figure>\n\n\n\n<p>Lauantai-illan avasi Mia Simanaisen ja Ahava-yhtyeen uuden Matka-levyn julkaisukonsertti, josta tuli ep\u00e4ilem\u00e4tt\u00e4 koko jazzp\u00e4ivien kaunein konsertti. Etup\u00e4\u00e4ss\u00e4 runoilija Helvi Juvosen (1919 &#8211; 1959) runoihin s\u00e4velletyt laulut olivat kuulasta ja l\u00e4mmint\u00e4 kuultavaa. Simanaisen yht\u00e4 poikkeusta lukuunottamatta suomeksi esitt\u00e4m\u00e4t laulut istuivat tavattoman hienosti yhteen jazzkvartetin (Kari Ikonen, piano, Sonny Heinil\u00e4, saksofoni\/huilut, Ville Herrala, basso ja Mikko Hassinen, rummut) vivahteikkaan svengin kanssa.<\/p>\n\n\n\n<p>Yrj\u00f6-palkinnon julkistaminen on tietenkin Jazzp\u00e4ivien er\u00e4s huipennus. Suomen Jazzliiton hallitus oli valinnut vuoden 2012 Yrj\u00f6-palkinnon saajaksi rumpali, s\u00e4velt\u00e4j\u00e4, yhtyeenjohtaja, pedagogi Markus Ketolan. YLE:n jazztoimituksen Varjo-Yrj\u00f6 meni t\u00e4n\u00e4 vuonna Suomen parhaalle levykaupalle Digelius Musicille. Palkinnon k\u00e4vi hakemassa itse Emu Lehtinen.<\/p>\n\n\n\n<figure class=\"wp-block-image is-style-default\"><a href=\"https:\/\/i0.wp.com\/www.valonkuvia.fi\/blogi\/wp-content\/uploads\/2012\/10\/06.jpg\"><img data-recalc-dims=\"1\" loading=\"lazy\" decoding=\"async\" width=\"600\" height=\"400\" src=\"https:\/\/i0.wp.com\/www.valonkuvia.fi\/blogi\/wp-content\/uploads\/2012\/10\/06-600x400.jpg?resize=600%2C400\" alt=\"\" class=\"wp-image-4455\" srcset=\"https:\/\/i0.wp.com\/www.valonkuvia.fi\/blogi\/wp-content\/uploads\/2012\/10\/06.jpg?resize=600%2C400&amp;ssl=1 600w, https:\/\/i0.wp.com\/www.valonkuvia.fi\/blogi\/wp-content\/uploads\/2012\/10\/06.jpg?resize=300%2C200&amp;ssl=1 300w, https:\/\/i0.wp.com\/www.valonkuvia.fi\/blogi\/wp-content\/uploads\/2012\/10\/06.jpg?w=900&amp;ssl=1 900w\" sizes=\"auto, (max-width: 600px) 100vw, 600px\" \/><\/a><figcaption class=\"wp-element-caption\"><em>Vuoden 2012 Yrj\u00f6-palkittu Markus Ketola<\/em><\/figcaption><\/figure>\n\n\n\n<p>Yrj\u00f6jen jakamisen j\u00e4lkeen Ketolan Rewired-yhtye esitti innoittuneen keikan. Yhtyeen dynaaminen ja laajoja kaaria rakentanut fuusiojazz toimi vakuuttavasti. T\u00e4m\u00e4 tyyli ei ole koskaan kuulunut minun mielimusiikkiini, mutta Ketolan ja yhtyeen innostus tarttui ja vei lopulta t\u00e4ysin mukanaan. Yhtyeenjohtajan lis\u00e4ksi erityisesti saksofonisti Joonatan Rautio (Yrj\u00f6 vuosimallia 2010) ja vakavailmeisen\u00e4 vakaana bassoaan soittanut Juha Kivivuori j\u00e4iv\u00e4t mieleen.<\/p>\n\n\n\n<p>Illan lopuksi kellariklubissa soitti viel\u00e4 Louhivuoren veljesten Sun Trio, jossa bassoa t\u00e4ll\u00e4 kertaa soitti Ville Herrala. Yhtyeen hiljaisen intensiteetin jazz on kaunista ja vapaata ilmaisua. Viikonlopun laaja musiikkitarjonta alkoi t\u00e4ss\u00e4 vaiheessa jo vied\u00e4 jo voimia, joten itse en en\u00e4\u00e4 jaksanut oikein kunnolla keskitty\u00e4 sin\u00e4ns\u00e4 hienon trion musiikkiin.<\/p>\n\n\n\n<p>Minulle jazzp\u00e4iv\u00e4t merkitsiv\u00e4t my\u00f6s kuusi vuotta kest\u00e4neen Jazzliiton hallituspestin loppua, sill\u00e4 en en\u00e4\u00e4 asettunut ehdolle hallitukseen. Vapaaehtoisesta luopumisesta huolimatta olo tuntui kielt\u00e4m\u00e4tt\u00e4 hieman haikealta, sill\u00e4 liiton hallitus on ollut kiinnostava n\u00e4k\u00f6alapaikka. Hallituksessa oli my\u00f6s koko kuuden vuoden ajan hyv\u00e4 ja liiton toimintaa eteenp\u00e4in viev\u00e4 positiivinen henki.<\/p>\n","protected":false},"excerpt":{"rendered":"<p>Jazzkerho-76 j\u00e4rjesti viime viikonloppuna (25.-27.10. 2012) Joensuussa parhaat valtakunnalliset jazzp\u00e4iv\u00e4t ikin\u00e4. Ainakin ne olivat parhaat, miss\u00e4 olen ollut mukana ja aika monissa ole ollut viimeisen kahdenkymmenen vuoden aikana. T\u00e4ll\u00e4 kertaa tapahtuman kaikki palaset olivat kohdallaan. Konsertit j\u00e4rjestettiin Karjalantalolla, jossa nyky\u00e4\u00e4n pit\u00e4\u00e4 majaansa Joensuun Popmuusikkojen Kerubi-klubi. Kerubin yl\u00e4kerran konserttitilassa j\u00e4rjestettiin p\u00e4\u00e4konsertit ja kellarissa my\u00f6h\u00e4isillan klubit. Molemmat [&hellip;]<\/p>\n","protected":false},"author":1,"featured_media":10873,"comment_status":"open","ping_status":"open","sticky":false,"template":"","format":"standard","meta":{"ngg_post_thumbnail":0,"_jetpack_memberships_contains_paid_content":false,"footnotes":"","jetpack_publicize_message":"","jetpack_publicize_feature_enabled":true,"jetpack_social_post_already_shared":false,"jetpack_social_options":{"image_generator_settings":{"template":"highway","default_image_id":0,"font":"","enabled":false},"version":2}},"categories":[3],"tags":[45,1039,561,672,19,15,505,18,79,54],"class_list":["post-4443","post","type-post","status-publish","format-standard","has-post-thumbnail","hentry","category-jazz","tag-elavaa-jazzia","tag-emu-lehtinen","tag-festivaaliraportti","tag-jazzkerho-76","tag-jazzkonsertti","tag-jazztapahtumat","tag-markus-ketola","tag-suomalainen-jazz","tag-suomen-jazzliitto","tag-yrjo-palkinto"],"jetpack_publicize_connections":[],"jetpack_featured_media_url":"https:\/\/i0.wp.com\/www.valonkuvia.fi\/blogi\/wp-content\/uploads\/2016\/10\/mia_simanainen.jpg?fit=1500%2C1000&ssl=1","jetpack_likes_enabled":false,"jetpack_sharing_enabled":true,"_links":{"self":[{"href":"https:\/\/www.valonkuvia.fi\/blogi\/wp-json\/wp\/v2\/posts\/4443","targetHints":{"allow":["GET"]}}],"collection":[{"href":"https:\/\/www.valonkuvia.fi\/blogi\/wp-json\/wp\/v2\/posts"}],"about":[{"href":"https:\/\/www.valonkuvia.fi\/blogi\/wp-json\/wp\/v2\/types\/post"}],"author":[{"embeddable":true,"href":"https:\/\/www.valonkuvia.fi\/blogi\/wp-json\/wp\/v2\/users\/1"}],"replies":[{"embeddable":true,"href":"https:\/\/www.valonkuvia.fi\/blogi\/wp-json\/wp\/v2\/comments?post=4443"}],"version-history":[{"count":28,"href":"https:\/\/www.valonkuvia.fi\/blogi\/wp-json\/wp\/v2\/posts\/4443\/revisions"}],"predecessor-version":[{"id":22387,"href":"https:\/\/www.valonkuvia.fi\/blogi\/wp-json\/wp\/v2\/posts\/4443\/revisions\/22387"}],"wp:featuredmedia":[{"embeddable":true,"href":"https:\/\/www.valonkuvia.fi\/blogi\/wp-json\/wp\/v2\/media\/10873"}],"wp:attachment":[{"href":"https:\/\/www.valonkuvia.fi\/blogi\/wp-json\/wp\/v2\/media?parent=4443"}],"wp:term":[{"taxonomy":"category","embeddable":true,"href":"https:\/\/www.valonkuvia.fi\/blogi\/wp-json\/wp\/v2\/categories?post=4443"},{"taxonomy":"post_tag","embeddable":true,"href":"https:\/\/www.valonkuvia.fi\/blogi\/wp-json\/wp\/v2\/tags?post=4443"}],"curies":[{"name":"wp","href":"https:\/\/api.w.org\/{rel}","templated":true}]}}