{"id":6566,"date":"2013-05-15T07:43:24","date_gmt":"2013-05-15T04:43:24","guid":{"rendered":"http:\/\/www.valonkuvia.fi\/blogi\/?p=6566"},"modified":"2023-04-02T22:11:15","modified_gmt":"2023-04-02T19:11:15","slug":"kolme-hienoa-kotimaista-levyuutuutta","status":"publish","type":"post","link":"https:\/\/www.valonkuvia.fi\/blogi\/kolme-hienoa-kotimaista-levyuutuutta\/","title":{"rendered":"Kolme kotimaista levyuutuutta"},"content":{"rendered":"\n<figure class=\"wp-block-image aligncenter size-large wp-image-6568 is-style-default\"><img data-recalc-dims=\"1\" loading=\"lazy\" decoding=\"async\" width=\"600\" height=\"400\" src=\"https:\/\/i0.wp.com\/www.valonkuvia.fi\/blogi\/wp-content\/uploads\/2013\/05\/09-600x400.jpg?resize=600%2C400\" alt=\"Pianisti Kari Ikonen soittaa Valtakunnallisten jazzp\u00e4ivien jameissa Joensuussa syksyll\u00e4 2012.\" class=\"wp-image-6568\" srcset=\"https:\/\/i0.wp.com\/www.valonkuvia.fi\/blogi\/wp-content\/uploads\/2013\/05\/09.jpg?resize=600%2C400&amp;ssl=1 600w, https:\/\/i0.wp.com\/www.valonkuvia.fi\/blogi\/wp-content\/uploads\/2013\/05\/09.jpg?resize=900%2C600&amp;ssl=1 900w, https:\/\/i0.wp.com\/www.valonkuvia.fi\/blogi\/wp-content\/uploads\/2013\/05\/09.jpg?resize=300%2C200&amp;ssl=1 300w, https:\/\/i0.wp.com\/www.valonkuvia.fi\/blogi\/wp-content\/uploads\/2013\/05\/09.jpg?w=1024&amp;ssl=1 1024w\" sizes=\"auto, (max-width: 600px) 100vw, 600px\" \/><figcaption class=\"wp-element-caption\"><em>Pianisti Kari Ikonen soittaa Valtakunnallisten jazzp\u00e4ivien jameissa Joensuussa syksyll\u00e4 2012.<\/em><\/figcaption><\/figure>\n\n\n\n<p><strong>Aili Ikonen &amp; Tribute To Ella<\/strong>: Tribute to Ella (Fredriksson Music 2013)<\/p>\n\n\n\n<p>Ottaessaan Ella Fitzgeraldin kunnianosoituksen kohteeksi laulaja Aili Ikonen nostaa riman valtavan korkealle ja asettaa itsens\u00e4 suuren haasteen eteen. Levyn toinen haaste liittyy ohjelmistoon, johon on valittu joukko kaikkein tunnetuimpia jazzstandardeja, kuten &#8221;How High The Moon&#8221; ja &#8221;Love For Sale&#8221;. Lauluista on kuultu niin monta versiota, ett\u00e4 niist\u00e4 on vaikea saada mit\u00e4\u00e4n uutta irti.<\/p>\n\n\n\n<p>Ikonen kohtaa haasteet rohkeasti ja selviytyy voittajana. Ikosen laulu on vapautunutta, varmaa ja vivahteikasta. Irtonaiset scat-lauluosuudet leijailevat kevyen luonnollisesti ja nuorekas yhtye svengaa.<\/p>\n\n\n\n<p>Basisti Mikko Pellinen on pukenut tutut standardit tuoreisiin ja ilmaviin sovituksiin. N\u00e4in rima ylittyy toisenkin haasteen kohdalla ja &#8221;Tribute to Ella&#8221; tarjoaa taidokasta jazzviihdett\u00e4 kaikille. Vanhat jazzin yst\u00e4v\u00e4t voivat ihastella tuttujen s\u00e4velmien raikasta ilmett\u00e4 ja uudet harrastajat saavat kelpo johdatuksen keskeisten standardien maailmaan.<\/p>\n\n\n\n<p><strong>Jukkis Uotila\/The Stockholm Jazz Orchestra<\/strong>: The Music of Jukkis Uotila (KSJazz 2012)<\/p>\n\n\n\n<p>Jazz on joskus niin mutkikasta ja teknist\u00e4 taituruutta vaativaa, ett\u00e4 muusikot unohtuvat ihastelemaan taitojaan eiv\u00e4tk\u00e4 p\u00e4\u00e4se sormin\u00e4pp\u00e4ryytt\u00e4 syvemm\u00e4lle. Jukkis Uotilan ja Stockholm Jazz Orchestran uutuus v\u00e4ltt\u00e4\u00e4 kirkkaasti t\u00e4llaisen pinnallisuuden. Big band soittaa poikkeuksellisen intensiivisesti ja levy esittelee Uotilaa taiteilijana monipuolisesti. H\u00e4n on s\u00e4velt\u00e4nyt levyn musiikin ja sovittanut sen ilmeikk\u00e4\u00e4sti. Uotila soittaa rumpuja kaikilla levyn raidoilla ja esiintyy useimmilla my\u00f6s pianistina.<\/p>\n\n\n\n<p>Uotila on valinnut ensimm\u00e4iselle big band-levylleen s\u00e4vellyksi\u00e4 uransa eri vaiheista vuonna 1984 ilmestyneelt\u00e4 esikoislevylt\u00e4\u00e4n saakka. Eri ajoilta per\u00e4isin olevista s\u00e4vellyksist\u00e4 syntyy vaihteleva kokonaisuus, jonka osia yhdist\u00e4\u00e4 Uotilan modernin jazzin henke\u00e4 kunnioittava viile\u00e4n melodinen s\u00e4velkieli.<\/p>\n\n\n\n<p>Vankasta valikoimasta esille nousevat hurjasti svengaava &#8221;Avenida&#8221;, kevyesti loikkiva &#8221;Loopy Loop&#8221; ja Dick Oattsin sopraanosaksofonia esittelev\u00e4 balladi &#8221;Wayne&#8221;. Muista solisteista ovat eniten \u00e4\u00e4ness\u00e4 Norrbotten Big Bandista tutut saksofonisti Karl-Martin Almqvist ja basisti Martin Sj\u00f6stedt. Uotila itsekin sooloilee maukkaasti molemmilla instrumenteillaan.<\/p>\n\n\n\n<p><strong>Kari Ikonen Trio<\/strong>: Bright (Ozella Music 2013)<\/p>\n\n\n\n<p>Kari Ikonen on ollut esill\u00e4 Karikko-yhtyeens\u00e4 levyill\u00e4 enemm\u00e4n s\u00e4velt\u00e4j\u00e4n\u00e4 ja yhtyeenjohtajana kuin pianistina. Saksassa julkaistu uusi triolevy &#8221;Bright&#8221; nostaa nyt Ikosen pianon eturiviin. Toki levyll\u00e4 edelleen tulkitaan p\u00e4\u00e4asiassa Ikosen s\u00e4vellyksi\u00e4, kuten vahva avausraita &#8221;Bapmgwala&#8221; ja salaper\u00e4inen p\u00e4\u00e4t\u00f6s &#8221;Pasific&#8221;.<\/p>\n\n\n\n<p>Ikosen s\u00e4vellysten lis\u00e4ksi my\u00f6s lainakappaleet ovat mielenkiintoisia. Trion armenialainen basisti Ara Yaralian on tuonut kotimaastaan surumielisen laulun &#8221;The Testament of My Heart&#8221;. Yhtyeen tulkinta John Coltranen klassikosta &#8221;Giant Steps&#8221; on yll\u00e4tt\u00e4v\u00e4 ja versio balladista &#8221;I Fall In Love Too Easily&#8221; on herkk\u00e4 ja voimakas.<\/p>\n\n\n\n<p>Kari Ikonen Trio on toisiaan tarkoin kuunteleva kolmikko, joka muotoilee levyst\u00e4 s\u00e4vykk\u00e4\u00e4n, keskittyneen ja mieleenpainuvan kokonaisuuden.<\/p>\n\n\n\n<p><em>Julkaistu Pohjolan Sanomissa 15.5.2013.<\/em><\/p>\n\n\n\n<figure class=\"wp-block-gallery has-nested-images columns-2 is-cropped wp-block-gallery-2 is-layout-flex wp-block-gallery-is-layout-flex\">\n<figure class=\"wp-block-image size-large is-style-default\"><img data-recalc-dims=\"1\" loading=\"lazy\" decoding=\"async\" width=\"449\" height=\"400\" data-id=\"6574\" src=\"https:\/\/i0.wp.com\/www.valonkuvia.fi\/blogi\/wp-content\/uploads\/2013\/05\/tribute_to_ella.jpg?resize=449%2C400&#038;ssl=1\" alt=\"\" class=\"wp-image-6574\" srcset=\"https:\/\/i0.wp.com\/www.valonkuvia.fi\/blogi\/wp-content\/uploads\/2013\/05\/tribute_to_ella.jpg?resize=449%2C400&amp;ssl=1 449w, https:\/\/i0.wp.com\/www.valonkuvia.fi\/blogi\/wp-content\/uploads\/2013\/05\/tribute_to_ella.jpg?resize=300%2C266&amp;ssl=1 300w, https:\/\/i0.wp.com\/www.valonkuvia.fi\/blogi\/wp-content\/uploads\/2013\/05\/tribute_to_ella.jpg?w=1181&amp;ssl=1 1181w\" sizes=\"auto, (max-width: 449px) 100vw, 449px\" \/><\/figure>\n\n\n\n<figure class=\"wp-block-image size-large is-style-default\"><img data-recalc-dims=\"1\" loading=\"lazy\" decoding=\"async\" width=\"446\" height=\"400\" data-id=\"6573\" src=\"https:\/\/i0.wp.com\/www.valonkuvia.fi\/blogi\/wp-content\/uploads\/2013\/05\/jukkis_uotila.jpg?resize=446%2C400&#038;ssl=1\" alt=\"\" class=\"wp-image-6573\" srcset=\"https:\/\/i0.wp.com\/www.valonkuvia.fi\/blogi\/wp-content\/uploads\/2013\/05\/jukkis_uotila.jpg?resize=446%2C400&amp;ssl=1 446w, https:\/\/i0.wp.com\/www.valonkuvia.fi\/blogi\/wp-content\/uploads\/2013\/05\/jukkis_uotila.jpg?resize=300%2C269&amp;ssl=1 300w, https:\/\/i0.wp.com\/www.valonkuvia.fi\/blogi\/wp-content\/uploads\/2013\/05\/jukkis_uotila.jpg?w=1181&amp;ssl=1 1181w\" sizes=\"auto, (max-width: 446px) 100vw, 446px\" \/><\/figure>\n\n\n\n<figure class=\"wp-block-image size-large is-style-default\"><img data-recalc-dims=\"1\" loading=\"lazy\" decoding=\"async\" width=\"400\" height=\"400\" data-id=\"6572\" src=\"https:\/\/i0.wp.com\/www.valonkuvia.fi\/blogi\/wp-content\/uploads\/2013\/05\/ikonen_bright.jpg?resize=400%2C400&#038;ssl=1\" alt=\"\" class=\"wp-image-6572\" srcset=\"https:\/\/i0.wp.com\/www.valonkuvia.fi\/blogi\/wp-content\/uploads\/2013\/05\/ikonen_bright.jpg?resize=400%2C400&amp;ssl=1 400w, https:\/\/i0.wp.com\/www.valonkuvia.fi\/blogi\/wp-content\/uploads\/2013\/05\/ikonen_bright.jpg?resize=300%2C300&amp;ssl=1 300w, https:\/\/i0.wp.com\/www.valonkuvia.fi\/blogi\/wp-content\/uploads\/2013\/05\/ikonen_bright.jpg?resize=100%2C100&amp;ssl=1 100w, https:\/\/i0.wp.com\/www.valonkuvia.fi\/blogi\/wp-content\/uploads\/2013\/05\/ikonen_bright.jpg?w=1417&amp;ssl=1 1417w\" sizes=\"auto, (max-width: 400px) 100vw, 400px\" \/><\/figure>\n<\/figure>\n\n\n\n<h4 class=\"wp-block-heading\">Lis\u00e4tietoja<\/h4>\n\n\n\n<p>Levyll\u00e4 kuultava armenilainen laulu &#8221;The Testament of My Heart&#8221; on <strong>Gusan Ashotin<\/strong>, alunperin A. H. Dadalyan, (1907 -1989) k\u00e4sialaa. Gorisin kaupungissa syntynyt ja paimenena ensin toiminut kansanlaulaja sai Neuvostoliiton kansantaiteilijan arvon. H\u00e4n esiintyi kotimaansa lis\u00e4ksi my\u00f6s ulkomailla ja monet muutkin muusikot ovat esitt\u00e4neet h\u00e4nen laulujaan. Kiitos k\u00e4\u00e4nn\u00f6ksest\u00e4 <strong>Vano Dadoyan<\/strong>.<\/p>\n","protected":false},"excerpt":{"rendered":"<p>Aili Ikonen &amp; Tribute To Ella: Tribute to Ella (Fredriksson Music 2013) Ottaessaan Ella Fitzgeraldin kunnianosoituksen kohteeksi laulaja Aili Ikonen nostaa riman valtavan korkealle ja asettaa itsens\u00e4 suuren haasteen eteen. Levyn toinen haaste liittyy ohjelmistoon, johon on valittu joukko kaikkein tunnetuimpia jazzstandardeja, kuten &#8221;How High The Moon&#8221; ja &#8221;Love For Sale&#8221;. Lauluista on kuultu niin [&hellip;]<\/p>\n","protected":false},"author":1,"featured_media":6568,"comment_status":"open","ping_status":"open","sticky":false,"template":"","format":"standard","meta":{"ngg_post_thumbnail":0,"_jetpack_memberships_contains_paid_content":false,"footnotes":"","jetpack_publicize_message":"","jetpack_publicize_feature_enabled":true,"jetpack_social_post_already_shared":false,"jetpack_social_options":{"image_generator_settings":{"template":"highway","default_image_id":0,"font":"","enabled":false},"version":2}},"categories":[3],"tags":[191,80,13,190,192,66,18],"class_list":["post-6566","post","type-post","status-publish","format-standard","has-post-thumbnail","hentry","category-jazz","tag-aili-ikonen","tag-eurooppalainen-jazz","tag-jazzlevyt-2","tag-jukkis-uotila","tag-kari-ikonen","tag-pohjolan-sanomat","tag-suomalainen-jazz"],"jetpack_publicize_connections":[],"jetpack_featured_media_url":"https:\/\/i0.wp.com\/www.valonkuvia.fi\/blogi\/wp-content\/uploads\/2013\/05\/09.jpg?fit=1024%2C683&ssl=1","jetpack_likes_enabled":false,"jetpack_sharing_enabled":true,"_links":{"self":[{"href":"https:\/\/www.valonkuvia.fi\/blogi\/wp-json\/wp\/v2\/posts\/6566","targetHints":{"allow":["GET"]}}],"collection":[{"href":"https:\/\/www.valonkuvia.fi\/blogi\/wp-json\/wp\/v2\/posts"}],"about":[{"href":"https:\/\/www.valonkuvia.fi\/blogi\/wp-json\/wp\/v2\/types\/post"}],"author":[{"embeddable":true,"href":"https:\/\/www.valonkuvia.fi\/blogi\/wp-json\/wp\/v2\/users\/1"}],"replies":[{"embeddable":true,"href":"https:\/\/www.valonkuvia.fi\/blogi\/wp-json\/wp\/v2\/comments?post=6566"}],"version-history":[{"count":17,"href":"https:\/\/www.valonkuvia.fi\/blogi\/wp-json\/wp\/v2\/posts\/6566\/revisions"}],"predecessor-version":[{"id":23068,"href":"https:\/\/www.valonkuvia.fi\/blogi\/wp-json\/wp\/v2\/posts\/6566\/revisions\/23068"}],"wp:featuredmedia":[{"embeddable":true,"href":"https:\/\/www.valonkuvia.fi\/blogi\/wp-json\/wp\/v2\/media\/6568"}],"wp:attachment":[{"href":"https:\/\/www.valonkuvia.fi\/blogi\/wp-json\/wp\/v2\/media?parent=6566"}],"wp:term":[{"taxonomy":"category","embeddable":true,"href":"https:\/\/www.valonkuvia.fi\/blogi\/wp-json\/wp\/v2\/categories?post=6566"},{"taxonomy":"post_tag","embeddable":true,"href":"https:\/\/www.valonkuvia.fi\/blogi\/wp-json\/wp\/v2\/tags?post=6566"}],"curies":[{"name":"wp","href":"https:\/\/api.w.org\/{rel}","templated":true}]}}