{"id":7281,"date":"2013-11-26T17:30:19","date_gmt":"2013-11-26T15:30:19","guid":{"rendered":"http:\/\/www.valonkuvia.fi\/blogi\/?p=7281"},"modified":"2023-03-30T16:45:17","modified_gmt":"2023-03-30T13:45:17","slug":"viileaa-kotimaista","status":"publish","type":"post","link":"https:\/\/www.valonkuvia.fi\/blogi\/viileaa-kotimaista\/","title":{"rendered":"Viile\u00e4\u00e4 kotimaista"},"content":{"rendered":"\n<figure class=\"wp-block-image aligncenter is-style-default\"><a href=\"Jukk\"><img data-recalc-dims=\"1\" loading=\"lazy\" decoding=\"async\" width=\"600\" height=\"400\" src=\"https:\/\/i0.wp.com\/www.valonkuvia.fi\/blogi\/wp-content\/uploads\/2013\/11\/2013_jukka_eskola.jpg?resize=600%2C400\" alt=\"Jukka Eskola\" class=\"wp-image-7346\" srcset=\"https:\/\/i0.wp.com\/www.valonkuvia.fi\/blogi\/wp-content\/uploads\/2013\/11\/2013_jukka_eskola.jpg?w=600&amp;ssl=1 600w, https:\/\/i0.wp.com\/www.valonkuvia.fi\/blogi\/wp-content\/uploads\/2013\/11\/2013_jukka_eskola.jpg?resize=426%2C284&amp;ssl=1 426w\" sizes=\"auto, (max-width: 600px) 100vw, 600px\" \/><\/a><figcaption class=\"wp-element-caption\"><em>Jukka Eskola<\/em><\/figcaption><\/figure>\n\n\n\n<p><strong>Kari Antila: <\/strong>The North Wind (Seventh String Music 2013)<\/p>\n\n\n\n<p>Kitaristi <strong>Kari Antila<\/strong> on kouluttautunut jazzin ammattilaiseksi eri teit\u00e4 kuin useimmat suomalaiset jazzmuusikot. Kotimaisten opintojen j\u00e4lkeen Antila suuntasi Belgiaan Gentin kuninkaalliseen konservatorioon ja h\u00e4n on luonut uraa nimenomaan Belgiassa. Siell\u00e4 ilmestyi h\u00e4nen ensimm\u00e4inen albuminsa \u201d1000 Miles Away\u201d vuonna 2007.<\/p>\n\n\n\n<p>New Yorkissakin asunut Antila on palannut Suomeen ja julkaissut toisen levyns\u00e4 kotimaisin voimin. Antila on onnistunut kokoamaan levylle suomalaisen jazzin dream teamin, kun mukana ovat Yrj\u00f6-palkittu saksofonisti <strong>Manuel Dunkel<\/strong>, <strong>Tomasz Sta\u0144kon<\/strong> yhtyeess\u00e4 soittava pianisti <strong>Alexi Tuomarila<\/strong> sek\u00e4 monissa yhtyeiss\u00e4 vaikuttavat basisti <strong>Ville Herrala<\/strong> ja rumpali <strong>Jaska Lukkarinen<\/strong>.<\/p>\n\n\n\n<p>Yhtye tulkitsee varmoin ottein Antilan melodisista, modernin jazzin turvallisten raja-aitojen sis\u00e4puolella pysyttelevist\u00e4 s\u00e4vellyksist\u00e4 koostuvan ohjelmiston. Varsinkin svengiraidat, esimerkiksi napakka \u201dMantegna\u201d, toimivat mainiosti, kun Tuomarilan ja Dunkelin sooloissa on mukavasti s\u00e4pin\u00e4\u00e4 ja s\u00e4rm\u00e4\u00e4. P\u00e4tev\u00e4sti toteutettu \u201dThe North Wind\u201d on taitava, tasaisuudessaan hieman yll\u00e4tykset\u00f6n ty\u00f6n\u00e4yte.<\/p>\n\n\n\n<p><strong>Infinita:<\/strong> Time Continuum (Satna Music 2013)<\/p>\n\n\n\n<p>Pianisti ja s\u00e4velt\u00e4j\u00e4 <strong>Sid Hillen<\/strong> johtama Infinita on uusi suomalais-italialainen jazzyhtye, jonka ohjelmisto on tuttua Hillen Platypus Ensemblen yst\u00e4ville. Suurin osa \u201dTime Continuum\u201d-levyn materiaalista on n\u00e4et ilmestynyt jo takavuosina Platypuksen hienoilla levyill\u00e4.<\/p>\n\n\n\n<p>Sid Hille on luonnoltaan nimenomaan jazzs\u00e4velt\u00e4j\u00e4, jonka teokset kest\u00e4v\u00e4t ja ansaitsevat uusia tulkintoja. Kvintetti soittaa sis\u00e4istyneesti ja piirt\u00e4\u00e4 hillityill\u00e4 vedoilla esiin s\u00e4vellysten hienostuneita melodioita. Levyn ainoa lainakappalekin, Beatlesin \u201dStrawberry Fields Forever\u201d, asettuu mukavasti Hillen melodisen musiikin lomaan.<\/p>\n\n\n\n<p>Vaikka s\u00e4vellykset rajaavat melko tarkasti muusikoiden k\u00e4yt\u00f6ss\u00e4 olevan tilan, on Hille toki aina jazzmuusikko. Musiikissa on siis tilaa improvisoiville solisteille, joista trumpetisti <strong>Tero Saarti<\/strong> nousee esille ter\u00e4v\u00e4sti ja sopivan rosoisesti. Saksofonisti <strong>Massimo Carbonin<\/strong> pehme\u00e4ss\u00e4 soundissa on vanhan jazzin l\u00e4mp\u00f6\u00e4 kuin vakaan tarinankertojan puheessa. Vahvat s\u00e4vellykset ja taidokkaat muusikot rakentavat levyst\u00e4 tasapainoisen kokonaisuuden.<\/p>\n\n\n\n<p><strong>Jukka Eskola:<\/strong> Orquesta Bossa (Schema Records 2013)<\/p>\n\n\n\n<p>Trumpetisti <strong>Jukka Eskolan<\/strong> uusi levyn yhdist\u00e4\u00e4 samaan kokoonpanoon jazzkvintetin ja Proton-jousikvartetin. L\u00e4hinn\u00e4 Eskolan ja <strong>Teppo M\u00e4kysen<\/strong> s\u00e4vellyksist\u00e4 koostuva viile\u00e4n tyylik\u00e4s albumi punoo yhteen jazzin, bossa novan ja kamarimusiikin s\u00e4vyj\u00e4.<\/p>\n\n\n\n<p>Jukka Eskola itse on levyn p\u00e4\u00e4asiallinen solisti, hienovarainen ja liikkuvasti svengaava. <strong>Petri Puolitaival<\/strong> erottuu erityisesti huilistina ja kitaristi <strong>Peter Engberg<\/strong> pelaa usein niin pienill\u00e4 eleill\u00e4, ett\u00e4 h\u00e4nen soittonsa enemm\u00e4nkin tuntuu kuin kuuluu. Rumpali <strong>Jaska Lukkarisen<\/strong> v\u00e4liin jopa hellitt\u00e4m\u00e4tt\u00e4 s\u00e4hisev\u00e4 komppi tuo kauniiseen musiikkiin j\u00e4nnitett\u00e4 ja kiihkoa.<\/p>\n\n\n\n<p>Omaper\u00e4inen Orquesta Bossa on onnistuu vaikeassa teht\u00e4v\u00e4ss\u00e4. Se yhdist\u00e4\u00e4 n\u00e4enn\u00e4isen keveyden ja musiikillisen sis\u00e4ll\u00f6n, kun vaivattomasti svengaavan bossa novan valoisa pinta heijastelee v\u00e4lill\u00e4 surumielisen tummia s\u00e4vyj\u00e4.<\/p>\n\n\n\n<p><em>Julkaistu Pohjolan Sanomissa 26.11.2013.<\/em><\/p>\n\n\n\n<figure class=\"wp-block-gallery has-nested-images columns-2 is-cropped wp-block-gallery-2 is-layout-flex wp-block-gallery-is-layout-flex\">\n<figure class=\"wp-block-image size-large is-style-default\"><img data-recalc-dims=\"1\" loading=\"lazy\" decoding=\"async\" width=\"600\" height=\"542\" data-id=\"7287\" src=\"https:\/\/i0.wp.com\/www.valonkuvia.fi\/blogi\/wp-content\/uploads\/2013\/11\/kari_antila_the_north_wind.jpg?resize=600%2C542&#038;ssl=1\" alt=\"\" class=\"wp-image-7287\" srcset=\"https:\/\/i0.wp.com\/www.valonkuvia.fi\/blogi\/wp-content\/uploads\/2013\/11\/kari_antila_the_north_wind.jpg?w=600&amp;ssl=1 600w, https:\/\/i0.wp.com\/www.valonkuvia.fi\/blogi\/wp-content\/uploads\/2013\/11\/kari_antila_the_north_wind.jpg?resize=426%2C384&amp;ssl=1 426w\" sizes=\"auto, (max-width: 600px) 100vw, 600px\" \/><\/figure>\n\n\n\n<figure class=\"wp-block-image size-large is-style-default\"><img data-recalc-dims=\"1\" loading=\"lazy\" decoding=\"async\" width=\"600\" height=\"526\" data-id=\"7286\" src=\"https:\/\/i0.wp.com\/www.valonkuvia.fi\/blogi\/wp-content\/uploads\/2013\/11\/Infinita_time_continuum.jpg?resize=600%2C526&#038;ssl=1\" alt=\"\" class=\"wp-image-7286\" srcset=\"https:\/\/i0.wp.com\/www.valonkuvia.fi\/blogi\/wp-content\/uploads\/2013\/11\/Infinita_time_continuum.jpg?w=600&amp;ssl=1 600w, https:\/\/i0.wp.com\/www.valonkuvia.fi\/blogi\/wp-content\/uploads\/2013\/11\/Infinita_time_continuum.jpg?resize=426%2C373&amp;ssl=1 426w\" sizes=\"auto, (max-width: 600px) 100vw, 600px\" \/><\/figure>\n\n\n\n<figure class=\"wp-block-image size-large is-style-default\"><img data-recalc-dims=\"1\" loading=\"lazy\" decoding=\"async\" width=\"600\" height=\"600\" data-id=\"7285\" src=\"https:\/\/i0.wp.com\/www.valonkuvia.fi\/blogi\/wp-content\/uploads\/2013\/11\/eskola_orquesta_bossa.jpg?resize=600%2C600&#038;ssl=1\" alt=\"\" class=\"wp-image-7285\" srcset=\"https:\/\/i0.wp.com\/www.valonkuvia.fi\/blogi\/wp-content\/uploads\/2013\/11\/eskola_orquesta_bossa.jpg?w=600&amp;ssl=1 600w, https:\/\/i0.wp.com\/www.valonkuvia.fi\/blogi\/wp-content\/uploads\/2013\/11\/eskola_orquesta_bossa.jpg?resize=150%2C150&amp;ssl=1 150w, https:\/\/i0.wp.com\/www.valonkuvia.fi\/blogi\/wp-content\/uploads\/2013\/11\/eskola_orquesta_bossa.jpg?resize=426%2C426&amp;ssl=1 426w, https:\/\/i0.wp.com\/www.valonkuvia.fi\/blogi\/wp-content\/uploads\/2013\/11\/eskola_orquesta_bossa.jpg?resize=100%2C100&amp;ssl=1 100w\" sizes=\"auto, (max-width: 600px) 100vw, 600px\" \/><\/figure>\n<\/figure>\n","protected":false},"excerpt":{"rendered":"<p>Kari Antila: The North Wind (Seventh String Music 2013) Kitaristi Kari Antila on kouluttautunut jazzin ammattilaiseksi eri teit\u00e4 kuin useimmat suomalaiset jazzmuusikot. Kotimaisten opintojen j\u00e4lkeen Antila suuntasi Belgiaan Gentin kuninkaalliseen konservatorioon ja h\u00e4n on luonut uraa nimenomaan Belgiassa. Siell\u00e4 ilmestyi h\u00e4nen ensimm\u00e4inen albuminsa \u201d1000 Miles Away\u201d vuonna 2007. New Yorkissakin asunut Antila on palannut Suomeen [&hellip;]<\/p>\n","protected":false},"author":1,"featured_media":0,"comment_status":"open","ping_status":"open","sticky":false,"template":"","format":"standard","meta":{"ngg_post_thumbnail":0,"_jetpack_memberships_contains_paid_content":false,"footnotes":"","jetpack_publicize_message":"","jetpack_publicize_feature_enabled":true,"jetpack_social_post_already_shared":false,"jetpack_social_options":{"image_generator_settings":{"template":"highway","default_image_id":0,"font":"","enabled":false},"version":2}},"categories":[3],"tags":[87,13,221,220,66,835,122,18],"class_list":["post-7281","post","type-post","status-publish","format-standard","hentry","category-jazz","tag-jaska-lukkarinen","tag-jazzlevyt-2","tag-jukka-eskola","tag-kari-antila","tag-pohjolan-sanomat","tag-satnamusic","tag-sid-hille","tag-suomalainen-jazz"],"jetpack_publicize_connections":[],"jetpack_featured_media_url":"","jetpack_likes_enabled":false,"jetpack_sharing_enabled":true,"_links":{"self":[{"href":"https:\/\/www.valonkuvia.fi\/blogi\/wp-json\/wp\/v2\/posts\/7281","targetHints":{"allow":["GET"]}}],"collection":[{"href":"https:\/\/www.valonkuvia.fi\/blogi\/wp-json\/wp\/v2\/posts"}],"about":[{"href":"https:\/\/www.valonkuvia.fi\/blogi\/wp-json\/wp\/v2\/types\/post"}],"author":[{"embeddable":true,"href":"https:\/\/www.valonkuvia.fi\/blogi\/wp-json\/wp\/v2\/users\/1"}],"replies":[{"embeddable":true,"href":"https:\/\/www.valonkuvia.fi\/blogi\/wp-json\/wp\/v2\/comments?post=7281"}],"version-history":[{"count":6,"href":"https:\/\/www.valonkuvia.fi\/blogi\/wp-json\/wp\/v2\/posts\/7281\/revisions"}],"predecessor-version":[{"id":22438,"href":"https:\/\/www.valonkuvia.fi\/blogi\/wp-json\/wp\/v2\/posts\/7281\/revisions\/22438"}],"wp:attachment":[{"href":"https:\/\/www.valonkuvia.fi\/blogi\/wp-json\/wp\/v2\/media?parent=7281"}],"wp:term":[{"taxonomy":"category","embeddable":true,"href":"https:\/\/www.valonkuvia.fi\/blogi\/wp-json\/wp\/v2\/categories?post=7281"},{"taxonomy":"post_tag","embeddable":true,"href":"https:\/\/www.valonkuvia.fi\/blogi\/wp-json\/wp\/v2\/tags?post=7281"}],"curies":[{"name":"wp","href":"https:\/\/api.w.org\/{rel}","templated":true}]}}