{"id":7348,"date":"2013-11-27T20:23:49","date_gmt":"2013-11-27T18:23:49","guid":{"rendered":"http:\/\/www.valonkuvia.fi\/blogi\/?p=7348"},"modified":"2023-04-02T21:30:59","modified_gmt":"2023-04-02T18:30:59","slug":"saul-leiter-1923-2013","status":"publish","type":"post","link":"https:\/\/www.valonkuvia.fi\/blogi\/saul-leiter-1923-2013\/","title":{"rendered":"Saul Leiter (1923 &#8211; 2013)"},"content":{"rendered":"\n<figure class=\"wp-block-image aligncenter size-full wp-image-7353 is-style-default\"><img data-recalc-dims=\"1\" loading=\"lazy\" decoding=\"async\" width=\"612\" height=\"348\" src=\"https:\/\/i0.wp.com\/www.valonkuvia.fi\/blogi\/wp-content\/uploads\/2013\/11\/saul-leiter.jpg?resize=612%2C348\" alt=\"Saul Leiter. Kuva Tomas Leachin elokuvasta In No Great Hurry.  \" class=\"wp-image-7353\" srcset=\"https:\/\/i0.wp.com\/www.valonkuvia.fi\/blogi\/wp-content\/uploads\/2013\/11\/saul-leiter.jpg?w=612&amp;ssl=1 612w, https:\/\/i0.wp.com\/www.valonkuvia.fi\/blogi\/wp-content\/uploads\/2013\/11\/saul-leiter.jpg?resize=426%2C242&amp;ssl=1 426w\" sizes=\"auto, (max-width: 612px) 100vw, 612px\" \/><figcaption class=\"wp-element-caption\">Saul Leiter. Kuva Tomas Leachin elokuvasta In No Great Hurry.<br><\/figcaption><\/figure>\n\n\n\n<p>Amerikkalainen valokuvaaja <strong>Saul Leiter<\/strong> (s.1923) kuoli 89-vuotiaana 26.11.2013. Pittsburghissa syntynyt Leiter kasvoi ortodoksijuutalaisessa perheess\u00e4 ja h\u00e4nest\u00e4 piti alunperin tulla rabbi. <\/p>\n\n\n\n<p>Leiter j\u00e4tti teologianopinnot 23-vuotiaana vastoin perheens\u00e4 tahtoa ja muutti New Yorkiin opiskelemaan taidemaalausta. Leiter siirtyi kuitenkin valokuvauksen pariin mmm. <strong>W.Eugen Smithin<\/strong> kannustamana. H\u00e4n ei kuitenkaan koskaan j\u00e4tt\u00e4nyt maalausta, vaan jatkoi maalaamista el\u00e4m\u00e4ns\u00e4 loppuun saakka.<\/p>\n\n\n\n<p>Leiter ty\u00f6skenteli muoti- ja mainoskuvaajana mm. Harper\u00b4s Bazaar- ja Vogue-lehdille. H\u00e4n siirtyi jo vuonna 1948 k\u00e4ytt\u00e4m\u00e4\u00e4n v\u00e4rifilmi\u00e4 ja h\u00e4nest\u00e4 tuli er\u00e4s v\u00e4rikuvauksen pioneereista.<\/p>\n\n\n\n<p>Kaupallisen ty\u00f6ns\u00e4 ohella Leiter kuvasi koko ajan omia katukuvausprojektejaan Kodakchromen diafilmill\u00e4. Kokeilumieless\u00e4 Leiter saattoi joskus k\u00e4ytt\u00e4\u00e4 vanhaksi menneit\u00e4 filmirullia, niiden arvaamattomien efektien takia.<\/p>\n\n\n\n<p>N\u00e4m\u00e4 valokuvat pysyiv\u00e4t kuitenkin pitk\u00e4\u00e4n Leiterin p\u00f6yt\u00e4laatikossa, eiv\u00e4tk\u00e4 edes h\u00e4nen yst\u00e4v\u00e4ns\u00e4 tienneet niiden olemassaolosta. Leiter toi ty\u00f6t\u00e4\u00e4n esille vasta 1990-luvulla. H\u00e4nen merkityksens\u00e4 omaper\u00e4isen\u00e4 v\u00e4rin k\u00e4ytt\u00e4j\u00e4n\u00e4 ja sommittelijana alkoi paljastua.<\/p>\n\n\n\n<p>Leiterin t\u00f6it\u00e4 on sen j\u00e4lkeen julkaistu kirjoissa ja n\u00e4yttelyiss\u00e4. Hieman ennen Leiterin kuolemaa enn\u00e4tti valmistua my\u00f6s <strong>Tomas Leachin<\/strong> ohjaama dokumenttielokuva &#8221;<a href=\"http:\/\/www.innogreathurry.com\/InNoGreatHurry\/Home.html\">In No Great Hurry<\/a>&#8221;. <\/p>\n\n\n\n<p><strong>Lue lis\u00e4\u00e4 ja tutustu valokuviin<\/strong>: <a href=\"http:\/\/lightbox.time.com\/2013\/02\/19\/a-casual-conversation-with-saul-leiter\/\">A Casual Conversation with Saul Leiter<\/a>; Time-lehden haastattelu ja pieni kuvagalleria <\/p>\n","protected":false},"excerpt":{"rendered":"<p>Amerikkalainen valokuvaaja Saul Leiter (s.1923) kuoli 89-vuotiaana 26.11.2013. Pittsburghissa syntynyt Leiter kasvoi ortodoksijuutalaisessa perheess\u00e4 ja h\u00e4nest\u00e4 piti alunperin tulla rabbi. Leiter j\u00e4tti teologianopinnot 23-vuotiaana vastoin perheens\u00e4 tahtoa ja muutti New Yorkiin opiskelemaan taidemaalausta. Leiter siirtyi kuitenkin valokuvauksen pariin mmm. W.Eugen Smithin kannustamana. H\u00e4n ei kuitenkaan koskaan j\u00e4tt\u00e4nyt maalausta, vaan jatkoi maalaamista el\u00e4m\u00e4ns\u00e4 loppuun saakka. Leiter [&hellip;]<\/p>\n","protected":false},"author":1,"featured_media":0,"comment_status":"open","ping_status":"open","sticky":false,"template":"","format":"standard","meta":{"ngg_post_thumbnail":0,"_jetpack_memberships_contains_paid_content":false,"footnotes":"","jetpack_publicize_message":"","jetpack_publicize_feature_enabled":true,"jetpack_social_post_already_shared":false,"jetpack_social_options":{"image_generator_settings":{"template":"highway","default_image_id":0,"font":"","enabled":false},"version":2}},"categories":[10],"tags":[110,67,207,346,230,231],"class_list":["post-7348","post","type-post","status-publish","format-standard","hentry","category-valokuvaus","tag-elokuva","tag-in-memoriam","tag-katukuvaus","tag-klassikot","tag-saul-leiter","tag-varivalokuvaus"],"jetpack_publicize_connections":[],"jetpack_featured_media_url":"","jetpack_likes_enabled":false,"jetpack_sharing_enabled":true,"_links":{"self":[{"href":"https:\/\/www.valonkuvia.fi\/blogi\/wp-json\/wp\/v2\/posts\/7348","targetHints":{"allow":["GET"]}}],"collection":[{"href":"https:\/\/www.valonkuvia.fi\/blogi\/wp-json\/wp\/v2\/posts"}],"about":[{"href":"https:\/\/www.valonkuvia.fi\/blogi\/wp-json\/wp\/v2\/types\/post"}],"author":[{"embeddable":true,"href":"https:\/\/www.valonkuvia.fi\/blogi\/wp-json\/wp\/v2\/users\/1"}],"replies":[{"embeddable":true,"href":"https:\/\/www.valonkuvia.fi\/blogi\/wp-json\/wp\/v2\/comments?post=7348"}],"version-history":[{"count":26,"href":"https:\/\/www.valonkuvia.fi\/blogi\/wp-json\/wp\/v2\/posts\/7348\/revisions"}],"predecessor-version":[{"id":23046,"href":"https:\/\/www.valonkuvia.fi\/blogi\/wp-json\/wp\/v2\/posts\/7348\/revisions\/23046"}],"wp:attachment":[{"href":"https:\/\/www.valonkuvia.fi\/blogi\/wp-json\/wp\/v2\/media?parent=7348"}],"wp:term":[{"taxonomy":"category","embeddable":true,"href":"https:\/\/www.valonkuvia.fi\/blogi\/wp-json\/wp\/v2\/categories?post=7348"},{"taxonomy":"post_tag","embeddable":true,"href":"https:\/\/www.valonkuvia.fi\/blogi\/wp-json\/wp\/v2\/tags?post=7348"}],"curies":[{"name":"wp","href":"https:\/\/api.w.org\/{rel}","templated":true}]}}