{"id":7374,"date":"2013-12-11T20:22:33","date_gmt":"2013-12-11T18:22:33","guid":{"rendered":"http:\/\/www.valonkuvia.fi\/blogi\/?p=7374"},"modified":"2023-04-02T21:29:03","modified_gmt":"2023-04-02T18:29:03","slug":"jim-hall-1930-2013","status":"publish","type":"post","link":"https:\/\/www.valonkuvia.fi\/blogi\/jim-hall-1930-2013\/","title":{"rendered":"Jim Hall (1930 &#8211; 2013)"},"content":{"rendered":"\n<figure class=\"wp-block-image aligncenter size-full wp-image-7377 is-style-default\"><img data-recalc-dims=\"1\" loading=\"lazy\" decoding=\"async\" width=\"800\" height=\"531\" src=\"https:\/\/i0.wp.com\/www.valonkuvia.fi\/blogi\/wp-content\/uploads\/2013\/12\/jimhall1.jpg?resize=800%2C531\" alt=\"Jim Hall (1930-2013). Kuva: Dave Kaufman\" class=\"wp-image-7377\" srcset=\"https:\/\/i0.wp.com\/www.valonkuvia.fi\/blogi\/wp-content\/uploads\/2013\/12\/jimhall1.jpg?w=800&amp;ssl=1 800w, https:\/\/i0.wp.com\/www.valonkuvia.fi\/blogi\/wp-content\/uploads\/2013\/12\/jimhall1.jpg?resize=426%2C282&amp;ssl=1 426w\" sizes=\"auto, (max-width: 800px) 100vw, 800px\" \/><figcaption class=\"wp-element-caption\">Jim Hall (1930-2013). Kuva: Dave Kaufman<\/figcaption><\/figure>\n\n\n\n<p>Jazzkitaristi <strong>Jim Hall<\/strong> kuoli kotonaan New Yorkissa 10.12.2013. Tyylikk\u00e4\u00e4m ja hienostuneen akustisen kitaran mestari teki arvostettuja levyj\u00e4 mm. <strong>Bill Evansin<\/strong>, <strong>Sonny Rollinsin<\/strong> ja <strong>Paul Desmondin<\/strong> kanssa.  H\u00e4nen pitk\u00e4 soolouransa tuotti my\u00f6s <a href=\"http:\/\/en.wikipedia.org\/wiki\/Jim_Hall_(musician)#Discography\">runsaasti merkitt\u00e4v\u00e4\u00e4 musiikkia<\/a>. <\/p>\n\n\n\n<p>Hall esiintyi ihan viime p\u00e4iviins\u00e4 saakka. H\u00e4nen viimeiseksi konsertikseen j\u00e4i keikka 23.11.2013 Jazz At  Lincoln Centeriss\u00e4 yhdess\u00e4 nuorempien kitaristikollegoiden <strong>John Abercrombien<\/strong> ja <strong>Peter Bernsteinin<\/strong> kanssa.<\/p>\n\n\n\n<p>\u201c<em>The instrument keeps me humble. Sometimes I pick it up and it seems to say, \u2018No, you can\u2019t play today.\u2019 I keep at it anyway, though.<\/em>&#8221; &#8211; Jim Hall Guitar Player-lehdess\u00e4<\/p>\n\n\n\n<p>Lue New Timesin muistokirjoitus: <a href=\"http:\/\/www.nytimes.com\/2013\/12\/11\/arts\/music\/jim-hall-jazz-guitarist-dies-at-83.html?_r=0\">Jim Hall, Jazz Guitarist, Dies at 83<\/a><\/p>\n\n\n\n<p class=\"has-text-align-center\"><iframe loading=\"lazy\" width=\"600\" height=\"338\" src=\"\/\/www.youtube.com\/embed\/hZtuMZxXZN0\" frameborder=\"0\" allowfullscreen=\"\"><\/iframe><\/p>\n\n\n\n<p>&#8221;My Funny Valentine&#8221; Jim Hall Quartet, Marciac 2009<\/p>\n","protected":false},"excerpt":{"rendered":"<p>Jazzkitaristi Jim Hall kuoli kotonaan New Yorkissa 10.12.2013. Tyylikk\u00e4\u00e4m ja hienostuneen akustisen kitaran mestari teki arvostettuja levyj\u00e4 mm. Bill Evansin, Sonny Rollinsin ja Paul Desmondin kanssa. H\u00e4nen pitk\u00e4 soolouransa tuotti my\u00f6s runsaasti merkitt\u00e4v\u00e4\u00e4 musiikkia. Hall esiintyi ihan viime p\u00e4iviins\u00e4 saakka. H\u00e4nen viimeiseksi konsertikseen j\u00e4i keikka 23.11.2013 Jazz At Lincoln Centeriss\u00e4 yhdess\u00e4 nuorempien kitaristikollegoiden John Abercrombien [&hellip;]<\/p>\n","protected":false},"author":1,"featured_media":0,"comment_status":"open","ping_status":"open","sticky":false,"template":"","format":"standard","meta":{"ngg_post_thumbnail":0,"_jetpack_memberships_contains_paid_content":false,"footnotes":"","jetpack_publicize_message":"","jetpack_publicize_feature_enabled":true,"jetpack_social_post_already_shared":false,"jetpack_social_options":{"image_generator_settings":{"template":"highway","default_image_id":0,"font":"","enabled":false},"version":2}},"categories":[3],"tags":[20,67,49,346,59],"class_list":["post-7374","post","type-post","status-publish","format-standard","hentry","category-jazz","tag-amerikkalainen-jazz","tag-in-memoriam","tag-kitara","tag-klassikot","tag-video"],"jetpack_publicize_connections":[],"jetpack_featured_media_url":"","jetpack_likes_enabled":false,"jetpack_sharing_enabled":true,"_links":{"self":[{"href":"https:\/\/www.valonkuvia.fi\/blogi\/wp-json\/wp\/v2\/posts\/7374","targetHints":{"allow":["GET"]}}],"collection":[{"href":"https:\/\/www.valonkuvia.fi\/blogi\/wp-json\/wp\/v2\/posts"}],"about":[{"href":"https:\/\/www.valonkuvia.fi\/blogi\/wp-json\/wp\/v2\/types\/post"}],"author":[{"embeddable":true,"href":"https:\/\/www.valonkuvia.fi\/blogi\/wp-json\/wp\/v2\/users\/1"}],"replies":[{"embeddable":true,"href":"https:\/\/www.valonkuvia.fi\/blogi\/wp-json\/wp\/v2\/comments?post=7374"}],"version-history":[{"count":10,"href":"https:\/\/www.valonkuvia.fi\/blogi\/wp-json\/wp\/v2\/posts\/7374\/revisions"}],"predecessor-version":[{"id":23044,"href":"https:\/\/www.valonkuvia.fi\/blogi\/wp-json\/wp\/v2\/posts\/7374\/revisions\/23044"}],"wp:attachment":[{"href":"https:\/\/www.valonkuvia.fi\/blogi\/wp-json\/wp\/v2\/media?parent=7374"}],"wp:term":[{"taxonomy":"category","embeddable":true,"href":"https:\/\/www.valonkuvia.fi\/blogi\/wp-json\/wp\/v2\/categories?post=7374"},{"taxonomy":"post_tag","embeddable":true,"href":"https:\/\/www.valonkuvia.fi\/blogi\/wp-json\/wp\/v2\/tags?post=7374"}],"curies":[{"name":"wp","href":"https:\/\/api.w.org\/{rel}","templated":true}]}}