{"id":7386,"date":"2013-12-14T12:07:19","date_gmt":"2013-12-14T10:07:19","guid":{"rendered":"http:\/\/www.valonkuvia.fi\/blogi\/?p=7386"},"modified":"2023-04-02T21:28:01","modified_gmt":"2023-04-02T18:28:01","slug":"vuoden-valinnat-2013","status":"publish","type":"post","link":"https:\/\/www.valonkuvia.fi\/blogi\/vuoden-valinnat-2013\/","title":{"rendered":"Vuoden valinnat 2013"},"content":{"rendered":"\n<figure class=\"wp-block-image aligncenter size-full wp-image-7388 is-style-default\"><img data-recalc-dims=\"1\" loading=\"lazy\" decoding=\"async\" width=\"600\" height=\"400\" src=\"https:\/\/i0.wp.com\/www.valonkuvia.fi\/blogi\/wp-content\/uploads\/2013\/12\/2013_blackmotor.jpg?resize=600%2C400\" alt=\"Black Motor soitti Tornion Kerhoravintolassa 7.11.2013. Yhtyeess\u00e4 soittavat Simo Laihonen (rummut ja ly\u00f6m\u00e4soittimet), Sami Sippola (saksofoni) ja Ville Rauhala (kontrabasso).\" class=\"wp-image-7388\" srcset=\"https:\/\/i0.wp.com\/www.valonkuvia.fi\/blogi\/wp-content\/uploads\/2013\/12\/2013_blackmotor.jpg?w=600&amp;ssl=1 600w, https:\/\/i0.wp.com\/www.valonkuvia.fi\/blogi\/wp-content\/uploads\/2013\/12\/2013_blackmotor.jpg?resize=426%2C284&amp;ssl=1 426w\" sizes=\"auto, (max-width: 600px) 100vw, 600px\" \/><figcaption class=\"wp-element-caption\">Black Motor soitti Tornion Kerhoravintolassa 7.11.2013. Yhtyeess\u00e4 soittavat Simo Laihonen (rummut ja ly\u00f6m\u00e4soittimet), Sami Sippola (saksofoni) ja Ville Rauhala (kontrabasso).<\/figcaption><\/figure>\n\n\n\n<p>Vuodenvaihde l\u00e4hestyy ja on j\u00e4lleen erilaisten listojen aika, \u201c<em>Listmas<\/em>\u201d. My\u00f6s Valon kuvia-blogi on juhlassa mukana ja julkaisee jo perinteisen \u201c<em>Vuoden valinnat<\/em>\u201d-listansa.<\/p>\n\n\n\n<p>Poimin t\u00e4ysin subjektiiviselle listalleni joukon vuoden 2013 aikana vaikutuksen tehneit\u00e4 levyj\u00e4. Suurin osa valinnoista on jazzia, tietenkin, mutta pari muutakin levy\u00e4 lipsahti joukkoon mukaan.<\/p>\n\n\n\n<h4 class=\"wp-block-heading\">Fanin pakolliset trumpettilevyt<\/h4>\n\n\n\n<ul class=\"wp-block-list\">\n<li><strong>Dave Douglas Quintet<\/strong>: Time Travel (Greenleaf Music)<br>\nLujarakenteinen ja vahva albumikokonaisuus on tuttua Douglasia, siis hyv\u00e4\u00e4 jazzia. <a title=\"2 x Dave Douglas \u2013 Time Travel &amp; Pathways\" href=\"http:\/\/www.valonkuvia.fi\/blogi\/2-x-dave-douglas-time-travel-pathways\/\">Lue lis\u00e4\u00e4&gt;&gt;<\/a><\/li>\n\n\n\n<li><strong>Dave Douglas Sextet<\/strong>: Pathways (Greenleaf Music)<br>\nDouglas tarjoaa Bachin koraalin pohjalta huolellisesti ty\u00f6stetty\u00e4 ja hienostuneen rikasta musiikkia. <a title=\"2 x Dave Douglas \u2013 Time Travel &amp; Pathways\" href=\"http:\/\/www.valonkuvia.fi\/blogi\/2-x-dave-douglas-time-travel-pathways\/\">Lue lis\u00e4\u00e4&gt;&gt;<\/a>\n<\/li>\n\n\n\n<li><strong>Tomasz Sta\u0144ko New York Quartet<\/strong>: \u201cWis\u0142awa\u201d (ECM Records)<br> Tupla-cd on kunnianosoitus Nobel-kirjailija Wis\u0142awa Szymborskalle, yhdistelm\u00e4 hillitty\u00e4 pohdiskelua ja j\u00e4ntev\u00e4n intensiivist\u00e4 yhtyesoittoa. <a title=\"Tomasz Sta\u0144ko New York Quartet: Wis\u0142awa\" href=\"http:\/\/www.valonkuvia.fi\/blogi\/tomasz-stanko-new-york-quartet-wislawa\/\">Lue lis\u00e4\u00e4>><\/a><\/li>\n<\/ul>\n\n\n\n<h4 class=\"wp-block-heading\">Vuoden kotimaiset laulujazzlevyt<\/h4>\n\n\n\n<ul class=\"wp-block-list\">\n<li><strong>Aili Ikonen &amp; Herd<\/strong>: Jazzbasilli (Majava Music)<br>\nJazzbasilli p\u00e4ivitt\u00e4\u00e4 1950- ja 60- lukujen jazziskelm\u00e4\u00e4 raikkaasti ja hyv\u00e4ntuulisesti. <a title=\"Jazzia ja iskelm\u00e4\u00e4 raikkaasti yhteen\" href=\"http:\/\/www.valonkuvia.fi\/blogi\/jazzia-ja-iskelmaa-raikkaasti-yhteen\/\">Lue lis\u00e4\u00e4&gt;&gt;<\/a><\/li>\n\n\n\n<li><strong>Aili Ikonen<\/strong>: Tribute To Ella (Fredriksson Music)<br> Harvalla laulajalla on rahkeita tehd\u00e4 Fidzgerald-tribuuttia, mutta Aili Ikonen onnistuu suvereenisti. <a title=\"Kolme kotimaista levyuutuutta\" href=\"http:\/\/www.valonkuvia.fi\/blogi\/kolme-hienoa-kotimaista-levyuutuutta\/\">Lue lis\u00e4\u00e4>><\/a><\/li>\n<\/ul>\n\n\n\n<h4 class=\"wp-block-heading\">Vuoden ison orkesterin levyt<\/h4>\n\n\n\n<ul class=\"wp-block-list\">\n<li><strong>Wadada Leo Smith &amp; TUMO<\/strong>: Occupy The World (TUM Records)<br>\nMonumentaalinen yhtye luo monumentaalista musiikkia.<\/li>\n\n\n\n<li><strong>Henrik Otto Donner &amp; TUMO<\/strong>: And It Happened (TUM Records)<br>\nKes\u00e4ll\u00e4 2013 kuolleen s\u00e4velt\u00e4j\u00e4n viimeiseksi j\u00e4\u00e4nyt levy on my\u00f6s Juhani Aaltosen vahvaa n\u00e4yt\u00f6st\u00e4.<\/li>\n\n\n\n<li><strong>Jukkis Uotila\/The Stockholm Jazz Orchestra<\/strong>: The Music of Jukkis Uotila (KSJazz) Intensiivinen levy esittelee Uotilaa s\u00e4velt\u00e4j\u00e4n\u00e4, pianistina ja tietenkin rumpalina. <a title=\"Kolme kotimaista levyuutuutta\" href=\"http:\/\/www.valonkuvia.fi\/blogi\/kolme-hienoa-kotimaista-levyuutuutta\/\">Lue lis\u00e4\u00e4&gt;&gt;<\/a><\/li>\n<\/ul>\n\n\n\n<figure class=\"wp-block-image aligncenter size-full wp-image-7398 is-style-default\"><img data-recalc-dims=\"1\" loading=\"lazy\" decoding=\"async\" width=\"600\" height=\"400\" src=\"https:\/\/i0.wp.com\/www.valonkuvia.fi\/blogi\/wp-content\/uploads\/2013\/12\/2012_kari_ikonen2-e1387014077343.jpg?resize=600%2C400\" alt=\"Kari Ikonen\" class=\"wp-image-7398\"\/><figcaption class=\"wp-element-caption\">Kari Ikonen julkaisi hienon triolevyn ja sai my\u00f6s Suomen Jazzliiton Yrj\u00f6-palkinnon.<\/figcaption><\/figure>\n\n\n\n<h4 class=\"wp-block-heading\">Vuoden triot<\/h4>\n\n\n\n<ul class=\"wp-block-list\">\n<li><strong>Kari Ikonen Trio<\/strong>: Bright (Ozella Music)<br>\nIkosen trio muotoilee levyst\u00e4\u00e4n vivahteikkaan, keskittyneen ja mieleenpainuvan kokonaisuuden. <a title=\"Kolme kotimaista levyuutuutta\" href=\"http:\/\/www.valonkuvia.fi\/blogi\/kolme-hienoa-kotimaista-levyuutuutta\/\">Lue lis\u00e4\u00e4&gt;&gt;<\/a><\/li>\n\n\n\n<li><strong>Craig Taborn Trio<\/strong>: Chants (ECM Records)<br>\n&#8221;Chants&#8221; on kiehtovaa ja ainakin minulle hitaasti avautuvaa musiikkia. Toisaalta yhdess\u00e4 hengitt\u00e4v\u00e4n trion musiikin \u00e4\u00e4relle on pakko palata uudestaan.<\/li>\n\n\n\n<li><strong>Aki Rissanen \u2013 Robin Verheyen \u2013 Markku Ounaskari<\/strong>: Aleatoric (Eclipse Music)<br>\nKun taitava trio puhaltaa yhteen hiileen, hehkuu musiikki hiljaisella liekill\u00e4. <a href=\"http:\/\/www.valonkuvia.fi\/blogi\/jazztriot-levylla\/\">Lue lis\u00e4\u00e4&gt;&gt;<\/a><\/li>\n\n\n\n<li><strong>Black Motor<\/strong>: Y\u00f6st\u00e4 aamun kynnykselle (Lumpeela Julkaisut)<br> Black Motor nostaa hartaan free jazzinsa v\u00e4\u00e4j\u00e4\u00e4m\u00e4tt\u00e4 Tampereen tuntemattomuudesta suomalaisen jazzin eturiviin.<\/li>\n<\/ul>\n\n\n\n<h4 class=\"wp-block-heading\">Vuoden free jazz-levyt<\/h4>\n\n\n\n<ul class=\"wp-block-list\">\n<li><strong>Marc Ducret<\/strong>: Tower vol.3 (Ayler Records)<br>\nKokoonpanoltaan erikoinen (kolme pasuunaa, vibrafonisti, pianisti ja kitaristi) yhtye luo viilt\u00e4v\u00e4n viile\u00e4\u00e4 nykyjazzia. <a title=\"4 x Marc Ducret  \u2013 Tower vols. 1 \u2013 4\" href=\"http:\/\/www.valonkuvia.fi\/blogi\/4-x-marc-ducret-tower-vols-1-4\/\">Lue lis\u00e4\u00e4&gt;&gt;<\/a><\/li>\n\n\n\n<li><strong>Angelica Sanchez Quintet<\/strong>: Wires &amp; Moss (Clean Feed)<br>\nMarc Ducret on vahvasti mukana my\u00f6s amerikkalaisen pianistin levyll\u00e4, joka tasapainoilee taidokkaasti svengin ja vapaan jazzin v\u00e4limaastossa.<\/li>\n\n\n\n<li><strong>Mark Dresser Quintet<\/strong>: Nourishments (Clean Feed)<br> Basistin kompleksinen musiikki on \u00e4lyllist\u00e4 ja emotionaalista.<\/li>\n<\/ul>\n\n\n\n<h4 class=\"wp-block-heading\">Vuoden j\u00e4\u00e4hyv\u00e4iset<\/h4>\n\n\n\n<ul class=\"wp-block-list\">\n<li><strong>Jonas Kullhammar Quartet<\/strong>: L\u00e5t det vara (Moserobie)<br> Ruotsalainen saksofonisti lopetti 15 vuotta toimineen kvartettinsa iloisesti svengaten.<\/li>\n<\/ul>\n\n\n\n<h4 class=\"wp-block-heading\">Vuoden rajatapaukset<\/h4>\n\n\n\n<ul class=\"wp-block-list\">\n<li><strong>Matt Ulery\u2019s Loom<\/strong>: Wake An Echo (Greenleaf Music)<br>\nChigacolaisen basistin omaper\u00e4ist\u00e4 ja l\u00e4mminhenkist\u00e4 kamarijazzia<\/li>\n\n\n\n<li><strong>Jukka Eskola<\/strong>: Orquesta Bossa (Schema Records)<br> Eskolan yhtye luo jazzin ja bossanovan rajamailla kevytt\u00e4 ja kiehtovaa musiikkia. <a title=\"Viile\u00e4\u00e4 kotimaista\" href=\"http:\/\/www.valonkuvia.fi\/blogi\/viileaa-kotimaista\/\">Lue lis\u00e4\u00e4>><\/a><\/li>\n<\/ul>\n\n\n\n<h4 class=\"wp-block-heading\">Vuoden veteraanit<\/h4>\n\n\n\n<ul class=\"wp-block-list\">\n<li><strong>Gilbert Holmstr\u00f6m New Quintet<\/strong>: Tiden \u00e4r kort (Moserobie)<br>\nJo 1960-luvulla aloittanut veteraanifonisti luo levylleen riemastuttavan v\u00e4rikk\u00e4\u00e4n jazzsekoituksen, joka hiljentyy nimikappaleen virsis\u00e4velm\u00e4\u00e4n.<\/li>\n\n\n\n<li><strong>Frank Wess<\/strong>: Magic 101 (IPO Recordings)<br> Lokakuun lopulla 91- vuotiaana kuollut Frank Wess j\u00e4tti huilunsa syrj\u00e4\u00e4n ja keskittyi tenorisaksofoniin levyll\u00e4, jossa mukana on my\u00f6s pianisti Kenny Barron. Musiikkia on vanhaa, tyyli tuttua ja toteutus t\u00e4ydellist\u00e4.<\/li>\n<\/ul>\n\n\n\n<h4 class=\"wp-block-heading\">Vuoden duolevy<\/h4>\n\n\n\n<ul class=\"wp-block-list\">\n<li><strong>Charles Lloyd &amp; Jason Moran<\/strong>: Hagar\u2019s Song (ECM Records)<br> Saksofonistin ja pianistin kaunis duolevy, jonka p\u00e4\u00e4teos muistelee koskettavasti Lloydin esi\u00e4idin vaiheita orjuuden aikana.<\/li>\n<\/ul>\n\n\n\n<h4 class=\"wp-block-heading\">Ei ainoastaan jazzista<\/h4>\n\n\n\n<ul class=\"wp-block-list\">\n<li><strong>The Band<\/strong>: Live At The Academy Of Music 1971 (Capitol)<br>\nNuoruuden suosikkib\u00e4ndin konsertti\u00e4\u00e4nitykset soivat nyt entist\u00e4 ehompina.<\/li>\n\n\n\n<li><strong>Michel Godard<\/strong>: Monteverdi &#8211; A Trace of Grace (Carpe Diem)<br> Jazzmuusikkojen ja barokkimusiikin taitajien yhteisty\u00f6 tottaa lumoavan kaunista musiikkia. Levy oli pakko ottaa listalle mukaan, vaikka se on ilmestynyt jo 2011.<\/li>\n<\/ul>\n\n\n\n<h4 class=\"wp-block-heading\">Vuoden 2013 valinnat aakkosj\u00e4rjestyksess\u00e4<\/h4>\n\n\n\n<p><strong>Band<\/strong>: Live At The Academy Of Music 1971 (Capitol, 2013)<br>\n<strong>Black Motor<\/strong>: Y\u00f6st\u00e4 aamun kynnykselle (Lumpeela Julkaisut, 2013)<br>\n<strong>Henrik Otto Donner &amp; TUMO<\/strong>: And It Happened (TUM, 2013)<br>\n<strong>Dave Douglas Quintet<\/strong>: Time Travel (Greenleaf Music, 2013)<br>\n<strong>Dave Douglas Sextet<\/strong>: Pathways (Greenleaf Music, 2013)<br>\n<strong>Mark Dresser Quintet<\/strong>: Nourishments (Clean Feed, 2013)<br>\n<strong>Marc Ducret<\/strong>: Tower vol.3 (Ayler Records, 2013)<br>\n<strong>Jukka Eskola<\/strong>: Orquesta Bossa (Schema Records, 2013)<br>\n<strong>Michel Godard<\/strong>: Monteverdi &#8211; A Trace of Grace (Carpe Diem, 2011)<br>\n<strong>Gilbert Holmstr\u00f6m New Quintet<\/strong>: Tiden \u00e4r kort (Moserobie, 2013)<br>\n<strong>Aili Ikonen &amp; Herd<\/strong>: Jazzbasilli (Majava Music, 2013)<br>\n<strong>Aili Ikonen<\/strong>: Tribute To Ella (Fredriksson Music, 2013)<br>\n<strong>Kari Ikonen Trio<\/strong>: Bright (Ozella Music, 2013)<br>\n<strong>Jonas Kullhammar Quartet<\/strong>: L\u00e5t det vara (Moserobie, 2013)<br>\n<strong>Charles Lloyd &amp; Jason Moran<\/strong>: Hagar\u2019s Song (ECM, 2013)<br>\n<strong>Aki Rissanen\/Robin Verheyen\/Markku Ounaskari<\/strong>: Aleatoric (Eclipse Music, 2013)<br>\n<strong>Angelica Sanchez Quintet<\/strong>: Wires &amp; Moss (Clean Feed, 2013)<br>\n<strong>Wadada Leo Smith &amp; TUMO<\/strong>: Occupy The World (TUM, 2013)<br>\n<strong>Tomasz Sta\u0144ko New York Quartet<\/strong>: Wis\u0142awa (ECM, 2013)<br>\n<strong>Craig Taborn Trio<\/strong>: Chants (ECM, 2013)<br>\n<strong>Matt Ulery\u2019s Loom<\/strong>: Wake An Echo (Greenleaf Music, 2013)<br>\n<strong>Jukkis Uotila\/The Stockholm Jazz Orchestra<\/strong>: The Music of Jukkis Uotila (KSJazz, 2013)<br>\n<strong>Frank Wess<\/strong>: Magic 101 (IPO Recordings, 2013)<\/p>\n","protected":false},"excerpt":{"rendered":"<p>Vuodenvaihde l\u00e4hestyy ja on j\u00e4lleen erilaisten listojen aika, \u201cListmas\u201d. My\u00f6s Valon kuvia-blogi on juhlassa mukana ja julkaisee jo perinteisen \u201cVuoden valinnat\u201d-listansa. Poimin t\u00e4ysin subjektiiviselle listalleni joukon vuoden 2013 aikana vaikutuksen tehneit\u00e4 levyj\u00e4. Suurin osa valinnoista on jazzia, tietenkin, mutta pari muutakin levy\u00e4 lipsahti joukkoon mukaan. Fanin pakolliset trumpettilevyt Vuoden kotimaiset laulujazzlevyt Vuoden ison orkesterin levyt [&hellip;]<\/p>\n","protected":false},"author":1,"featured_media":0,"comment_status":"open","ping_status":"open","sticky":false,"template":"","format":"standard","meta":{"ngg_post_thumbnail":0,"_jetpack_memberships_contains_paid_content":false,"footnotes":"","jetpack_publicize_message":"","jetpack_publicize_feature_enabled":true,"jetpack_social_post_already_shared":false,"jetpack_social_options":{"image_generator_settings":{"template":"highway","default_image_id":0,"font":"","enabled":false},"version":2}},"categories":[3],"tags":[13,68],"class_list":["post-7386","post","type-post","status-publish","format-standard","hentry","category-jazz","tag-jazzlevyt-2","tag-vuoden-valinnat"],"jetpack_publicize_connections":[],"jetpack_featured_media_url":"","jetpack_likes_enabled":false,"jetpack_sharing_enabled":true,"_links":{"self":[{"href":"https:\/\/www.valonkuvia.fi\/blogi\/wp-json\/wp\/v2\/posts\/7386","targetHints":{"allow":["GET"]}}],"collection":[{"href":"https:\/\/www.valonkuvia.fi\/blogi\/wp-json\/wp\/v2\/posts"}],"about":[{"href":"https:\/\/www.valonkuvia.fi\/blogi\/wp-json\/wp\/v2\/types\/post"}],"author":[{"embeddable":true,"href":"https:\/\/www.valonkuvia.fi\/blogi\/wp-json\/wp\/v2\/users\/1"}],"replies":[{"embeddable":true,"href":"https:\/\/www.valonkuvia.fi\/blogi\/wp-json\/wp\/v2\/comments?post=7386"}],"version-history":[{"count":25,"href":"https:\/\/www.valonkuvia.fi\/blogi\/wp-json\/wp\/v2\/posts\/7386\/revisions"}],"predecessor-version":[{"id":23043,"href":"https:\/\/www.valonkuvia.fi\/blogi\/wp-json\/wp\/v2\/posts\/7386\/revisions\/23043"}],"wp:attachment":[{"href":"https:\/\/www.valonkuvia.fi\/blogi\/wp-json\/wp\/v2\/media?parent=7386"}],"wp:term":[{"taxonomy":"category","embeddable":true,"href":"https:\/\/www.valonkuvia.fi\/blogi\/wp-json\/wp\/v2\/categories?post=7386"},{"taxonomy":"post_tag","embeddable":true,"href":"https:\/\/www.valonkuvia.fi\/blogi\/wp-json\/wp\/v2\/tags?post=7386"}],"curies":[{"name":"wp","href":"https:\/\/api.w.org\/{rel}","templated":true}]}}