{"id":8110,"date":"2014-04-27T23:10:10","date_gmt":"2014-04-27T20:10:10","guid":{"rendered":"http:\/\/www.valonkuvia.fi\/blogi\/?p=8110"},"modified":"2023-04-02T21:05:08","modified_gmt":"2023-04-02T18:05:08","slug":"sotaa-vareissa","status":"publish","type":"post","link":"https:\/\/www.valonkuvia.fi\/blogi\/sotaa-vareissa\/","title":{"rendered":"Sotaa v\u00e4reiss\u00e4"},"content":{"rendered":"\n<figure class=\"wp-block-image aligncenter size-full wp-image-8111 is-style-default\"><img data-recalc-dims=\"1\" loading=\"lazy\" decoding=\"async\" width=\"600\" height=\"398\" src=\"https:\/\/i0.wp.com\/www.valonkuvia.fi\/blogi\/wp-content\/uploads\/2014\/04\/sotilas_soittaa.jpg?resize=600%2C398\" alt=\"Sotilas soittaa harmonikkaa. Kuva: Kim Borg\/SA-kuva.\" class=\"wp-image-8111\" srcset=\"https:\/\/i0.wp.com\/www.valonkuvia.fi\/blogi\/wp-content\/uploads\/2014\/04\/sotilas_soittaa.jpg?w=600&amp;ssl=1 600w, https:\/\/i0.wp.com\/www.valonkuvia.fi\/blogi\/wp-content\/uploads\/2014\/04\/sotilas_soittaa.jpg?resize=426%2C282&amp;ssl=1 426w\" sizes=\"auto, (max-width: 600px) 100vw, 600px\" \/><figcaption class=\"wp-element-caption\">Sotilas soittaa harmonikkaa. Kuva: Kim Borg\/SA-kuva.<\/figcaption><\/figure>\n\n\n\n<p>SA-kuva-arkisto julkaisi t\u00e4n\u00e4\u00e4n veteraanip\u00e4iv\u00e4n kunniaksi lis\u00e4\u00e4 mielenkiintoista kuvamateriaalia. Nyt julkitulleet noin 800 kuvaa ovat poikkeuksellisesti v\u00e4rikuvia. V\u00e4rifilmien olivat 1940luvulla viel\u00e4 kalliita ja niinp\u00e4 niit\u00e4 k\u00e4ytettiin aika harvoin. V\u00e4rikuvilla ei my\u00f6sk\u00e4\u00e4n ollut k\u00e4ytt\u00f6\u00e4 sen ajan lehdiss\u00e4.<\/p>\n\n\n\n<p>Kuvia selatessa syntyy vaikutelma, ett\u00e4 v\u00e4rifilmi\u00e4 on hinnasta huolimatta k\u00e4ytetty v\u00e4lill\u00e4 yll\u00e4tt\u00e4v\u00e4n huolettomasti. Kuvien joukossa on aika paljon keskinkertaisia kuvia, mm. ihan tavallisia maisemakuvia.<\/p>\n\n\n\n<p>Joukkoon mahtuu luonnollisesti monta todella hienoakin kuvaa. My\u00f6hemmin oopperalaulajana merkitt\u00e4v\u00e4n uran tehnyt <strong>Kim Borg<\/strong> oli valokuvauksen harrastaja ja palveli TK-kuvaajana. H\u00e4nen rohkeasti rajattu kuvansa haitaria soittavasta sotilaasta on taidokasta ty\u00f6t\u00e4.<\/p>\n\n\n\n<p>Sodan kuvastoa on tietenkin tottunut katsomaan mustavalkoisena. V\u00e4rit tuntuvat lis\u00e4\u00e4v\u00e4n kuvastoon uuden ulottuvuuden. Vaikka alunperin diafilmille kuvattujen kuvien s\u00e4vymaailma on hillityn pelkistynyt, tuovat v\u00e4rit sota-ajan maailman l\u00e4hemm\u00e4s ja enemm\u00e4n iholle.<\/p>\n\n\n\n<p>Tutustu SA-kuva-arkiston kuviin: <a href=\"http:\/\/sa-kuva.fi\/\">SA-kuva-arkisto<\/a>.<\/p>\n","protected":false},"excerpt":{"rendered":"<p>SA-kuva-arkisto julkaisi t\u00e4n\u00e4\u00e4n veteraanip\u00e4iv\u00e4n kunniaksi lis\u00e4\u00e4 mielenkiintoista kuvamateriaalia. Nyt julkitulleet noin 800 kuvaa ovat poikkeuksellisesti v\u00e4rikuvia. V\u00e4rifilmien olivat 1940luvulla viel\u00e4 kalliita ja niinp\u00e4 niit\u00e4 k\u00e4ytettiin aika harvoin. V\u00e4rikuvilla ei my\u00f6sk\u00e4\u00e4n ollut k\u00e4ytt\u00f6\u00e4 sen ajan lehdiss\u00e4. Kuvia selatessa syntyy vaikutelma, ett\u00e4 v\u00e4rifilmi\u00e4 on hinnasta huolimatta k\u00e4ytetty v\u00e4lill\u00e4 yll\u00e4tt\u00e4v\u00e4n huolettomasti. Kuvien joukossa on aika paljon keskinkertaisia kuvia, [&hellip;]<\/p>\n","protected":false},"author":1,"featured_media":0,"comment_status":"open","ping_status":"open","sticky":false,"template":"","format":"standard","meta":{"ngg_post_thumbnail":0,"_jetpack_memberships_contains_paid_content":false,"footnotes":"","jetpack_publicize_message":"","jetpack_publicize_feature_enabled":true,"jetpack_social_post_already_shared":false,"jetpack_social_options":{"image_generator_settings":{"template":"highway","default_image_id":0,"font":"","enabled":false},"version":2}},"categories":[10],"tags":[265,266,231],"class_list":["post-8110","post","type-post","status-publish","format-standard","hentry","category-valokuvaus","tag-sa-kuva-arkisto","tag-toinen-maailmansota","tag-varivalokuvaus"],"jetpack_publicize_connections":[],"jetpack_featured_media_url":"","jetpack_likes_enabled":false,"jetpack_sharing_enabled":true,"_links":{"self":[{"href":"https:\/\/www.valonkuvia.fi\/blogi\/wp-json\/wp\/v2\/posts\/8110","targetHints":{"allow":["GET"]}}],"collection":[{"href":"https:\/\/www.valonkuvia.fi\/blogi\/wp-json\/wp\/v2\/posts"}],"about":[{"href":"https:\/\/www.valonkuvia.fi\/blogi\/wp-json\/wp\/v2\/types\/post"}],"author":[{"embeddable":true,"href":"https:\/\/www.valonkuvia.fi\/blogi\/wp-json\/wp\/v2\/users\/1"}],"replies":[{"embeddable":true,"href":"https:\/\/www.valonkuvia.fi\/blogi\/wp-json\/wp\/v2\/comments?post=8110"}],"version-history":[{"count":14,"href":"https:\/\/www.valonkuvia.fi\/blogi\/wp-json\/wp\/v2\/posts\/8110\/revisions"}],"predecessor-version":[{"id":23029,"href":"https:\/\/www.valonkuvia.fi\/blogi\/wp-json\/wp\/v2\/posts\/8110\/revisions\/23029"}],"wp:attachment":[{"href":"https:\/\/www.valonkuvia.fi\/blogi\/wp-json\/wp\/v2\/media?parent=8110"}],"wp:term":[{"taxonomy":"category","embeddable":true,"href":"https:\/\/www.valonkuvia.fi\/blogi\/wp-json\/wp\/v2\/categories?post=8110"},{"taxonomy":"post_tag","embeddable":true,"href":"https:\/\/www.valonkuvia.fi\/blogi\/wp-json\/wp\/v2\/tags?post=8110"}],"curies":[{"name":"wp","href":"https:\/\/api.w.org\/{rel}","templated":true}]}}