{"id":8677,"date":"2014-09-14T13:21:29","date_gmt":"2014-09-14T10:21:29","guid":{"rendered":"http:\/\/www.valonkuvia.fi\/blogi\/?p=8677"},"modified":"2023-03-30T19:50:57","modified_gmt":"2023-03-30T16:50:57","slug":"night-shades","status":"publish","type":"post","link":"https:\/\/www.valonkuvia.fi\/blogi\/night-shades\/","title":{"rendered":"Matt Bauder &#038; Day In Pictures &#8211; Night Shades"},"content":{"rendered":"\n<figure class=\"wp-block-image size-full wp-image-8692 is-style-default\"><img data-recalc-dims=\"1\" loading=\"lazy\" decoding=\"async\" width=\"640\" height=\"478\" src=\"https:\/\/i0.wp.com\/www.valonkuvia.fi\/blogi\/wp-content\/uploads\/2014\/09\/2014_night_shades.jpg?resize=640%2C478\" alt=\"Matt Bauder &amp; Day In Pictures: Night Shades (Clean Feed, 2014)\" class=\"wp-image-8692\" srcset=\"https:\/\/i0.wp.com\/www.valonkuvia.fi\/blogi\/wp-content\/uploads\/2014\/09\/2014_night_shades.jpg?w=640&amp;ssl=1 640w, https:\/\/i0.wp.com\/www.valonkuvia.fi\/blogi\/wp-content\/uploads\/2014\/09\/2014_night_shades.jpg?resize=426%2C318&amp;ssl=1 426w\" sizes=\"auto, (max-width: 640px) 100vw, 640px\" \/><\/figure>\n\n\n\n<p>Amerikkalainen saksofonisti <strong>Matt Bauder<\/strong> (s.1976) kulkee jazzin kent\u00e4n vasenta laitaa. H\u00e4n liikkuu siell\u00e4, miss\u00e4 free jazzin, kaikenlaisen kokeellisen avantgarden ja indie rockin polut risteilev\u00e4t. Niinp\u00e4 h\u00e4nen soittokumppaneitaan ovat olleet mm. <strong>Anthony Braxton<\/strong>, <strong>Bill Dixon<\/strong>, <strong>Taylor Ho Bynum<\/strong>, <strong>Roscoe Mitchell<\/strong> ja <strong>Ken Vandermark<\/strong>.<\/p>\n\n\n\n<p>Day In Pictures -kvintetti on er\u00e4s Bauderin monista projekteista. Yhtye julkaisi alkuvuodesta toisen levyns\u00e4 &#8221;Night Shades&#8221;, jolta paljastuu jazzin perinteit\u00e4 kunnioittava nykyjazzyhtye. Yhtyeen keinovalikoimaan kuuluvat free jazzille ja vapaalle improvisoinnille ominaiset rujot soundit. Samalla yhtye hallitsee svengaavan jazzin keinot ja osaa piirt\u00e4\u00e4 hienovaraisia piirtoja.<\/p>\n\n\n\n<p>&#8221;Night Shades&#8221; on vivahteikas levy, jolta voi kuulla Masada-yhtyeen mieleentuovaa poljentoa (&#8221;Octavia Minor&#8221;), rentoa perussvengi\u00e4 (&#8221;Weekly Resolution&#8221;), y\u00f6tunnelmissa hiipiv\u00e4\u00e4 yll\u00e4tt\u00e4v\u00e4n perinteist\u00e4 balladijazzia (&#8221;Starr Wykoff&#8221;), vapaasti kelluvaa free jazzia (&#8221;August and Counting&#8221;), tihe\u00e4n j\u00e4nnitt\u00e4v\u00e4\u00e4 tunnelmaa (&#8221;Rule of Thirds&#8221;) ja tyylitelty\u00e4 New Orleans -poljentoa (&#8221;Night Shades&#8221;). Yhtyeen hallittu yhteispeli takaa sen, ett\u00e4 albumista muotoutuu yhten\u00e4inen kokonaisuus.<\/p>\n\n\n\n<p>Matt Bauderin saksofoniss\u00e4 yhdistyv\u00e4t vankan harteikas soundi ja vanhan jazzin l\u00e4mp\u00f6, mit\u00e4 <strong>Nate Wooleyn<\/strong> ep\u00e4sovinnaisesti ja ahdistuneen s\u00e4rkyneesti soiva trumpetti oivallisesti t\u00e4ydent\u00e4\u00e4. Pianisti <strong>Kris Davis<\/strong> j\u00e4\u00e4 turhan piiloon \u00e4\u00e4nikuvan laidalle, mutta osoittautuu kuitenkin solistina \u00e4lykk\u00e4\u00e4ksi ajattelijaksi ja j\u00e4nnitt\u00e4v\u00e4ksi improvisoijaksi. <strong>Jason Ajemian<\/strong> ja <strong>Tomas Fujiwara<\/strong> on elastinen komppipari, jonka varassa levyn moni-ilmeisyys hengitt\u00e4\u00e4 ja svengaa.<\/p>\n\n\n\n<p><em>Matt Bauder, tenorisaksofoni, Nate Wooley, trumpetti, Kris Davis, piano, Jason Ajemian, basso, Tomas Fujiwara, rummut<\/em><\/p>\n\n\n\n<p><strong>Matt Bauder &amp; Day In Pictures<\/strong>: Night Shades (Clean Feed, 2014)<\/p>\n","protected":false},"excerpt":{"rendered":"<p>Amerikkalainen saksofonisti Matt Bauder (s.1976) kulkee jazzin kent\u00e4n vasenta laitaa. H\u00e4n liikkuu siell\u00e4, miss\u00e4 free jazzin, kaikenlaisen kokeellisen avantgarden ja indie rockin polut risteilev\u00e4t. Niinp\u00e4 h\u00e4nen soittokumppaneitaan ovat olleet mm. Anthony Braxton, Bill Dixon, Taylor Ho Bynum, Roscoe Mitchell ja Ken Vandermark. Day In Pictures -kvintetti on er\u00e4s Bauderin monista projekteista. Yhtye julkaisi alkuvuodesta toisen [&hellip;]<\/p>\n","protected":false},"author":1,"featured_media":0,"comment_status":"open","ping_status":"open","sticky":false,"template":"","format":"standard","meta":{"ngg_post_thumbnail":0,"_jetpack_memberships_contains_paid_content":false,"footnotes":"","jetpack_publicize_message":"","jetpack_publicize_feature_enabled":true,"jetpack_social_post_already_shared":false,"jetpack_social_options":{"image_generator_settings":{"template":"highway","default_image_id":0,"font":"","enabled":false},"version":2}},"categories":[3],"tags":[20,100,13,304,23,59],"class_list":["post-8677","post","type-post","status-publish","format-standard","hentry","category-jazz","tag-amerikkalainen-jazz","tag-clean-feed","tag-jazzlevyt-2","tag-matt-bauder","tag-saksofoni","tag-video"],"jetpack_publicize_connections":[],"jetpack_featured_media_url":"","jetpack_likes_enabled":false,"jetpack_sharing_enabled":true,"_links":{"self":[{"href":"https:\/\/www.valonkuvia.fi\/blogi\/wp-json\/wp\/v2\/posts\/8677","targetHints":{"allow":["GET"]}}],"collection":[{"href":"https:\/\/www.valonkuvia.fi\/blogi\/wp-json\/wp\/v2\/posts"}],"about":[{"href":"https:\/\/www.valonkuvia.fi\/blogi\/wp-json\/wp\/v2\/types\/post"}],"author":[{"embeddable":true,"href":"https:\/\/www.valonkuvia.fi\/blogi\/wp-json\/wp\/v2\/users\/1"}],"replies":[{"embeddable":true,"href":"https:\/\/www.valonkuvia.fi\/blogi\/wp-json\/wp\/v2\/comments?post=8677"}],"version-history":[{"count":18,"href":"https:\/\/www.valonkuvia.fi\/blogi\/wp-json\/wp\/v2\/posts\/8677\/revisions"}],"predecessor-version":[{"id":22491,"href":"https:\/\/www.valonkuvia.fi\/blogi\/wp-json\/wp\/v2\/posts\/8677\/revisions\/22491"}],"wp:attachment":[{"href":"https:\/\/www.valonkuvia.fi\/blogi\/wp-json\/wp\/v2\/media?parent=8677"}],"wp:term":[{"taxonomy":"category","embeddable":true,"href":"https:\/\/www.valonkuvia.fi\/blogi\/wp-json\/wp\/v2\/categories?post=8677"},{"taxonomy":"post_tag","embeddable":true,"href":"https:\/\/www.valonkuvia.fi\/blogi\/wp-json\/wp\/v2\/tags?post=8677"}],"curies":[{"name":"wp","href":"https:\/\/api.w.org\/{rel}","templated":true}]}}