{"id":8823,"date":"2014-10-26T14:28:12","date_gmt":"2014-10-26T12:28:12","guid":{"rendered":"http:\/\/www.valonkuvia.fi\/blogi\/?p=8823"},"modified":"2014-10-26T14:30:57","modified_gmt":"2014-10-26T12:30:57","slug":"riverside-jazz-25-vuotta","status":"publish","type":"post","link":"https:\/\/www.valonkuvia.fi\/blogi\/riverside-jazz-25-vuotta\/","title":{"rendered":"Riverside Jazz 25 vuotta"},"content":{"rendered":"<blockquote class=\"instagram-media\" data-instgrm-version=\"3\" style=\" background:#FFF; border:0; border-radius:3px; box-shadow:0 0 1px 0 rgba(0,0,0,0.5),0 1px 10px 0 rgba(0,0,0,0.15); margin: 1px; max-width:658px; padding:0; width:99.375%; width:-webkit-calc(100% - 2px); width:calc(100% - 2px);\">\n<div style=\"padding:8px;\">\n<div style=\" background:#F8F8F8; line-height:0; margin-top:40px; padding:50% 0; text-align:center; width:100%;\">\n<div style=\" background:url(data:image\/png;base64,iVBORw0KGgoAAAANSUhEUgAAACwAAAAsCAMAAAApWqozAAAAGFBMVEUiIiI9PT0eHh4gIB4hIBkcHBwcHBwcHBydr+JQAAAACHRSTlMABA4YHyQsM5jtaMwAAADfSURBVDjL7ZVBEgMhCAQBAf\/\/42xcNbpAqakcM0ftUmFAAIBE81IqBJdS3lS6zs3bIpB9WED3YYXFPmHRfT8sgyrCP1x8uEUxLMzNWElFOYCV6mHWWwMzdPEKHlhLw7NWJqkHc4uIZphavDzA2JPzUDsBZziNae2S6owH8xPmX8G7zzgKEOPUoYHvGz1TBCxMkd3kwNVbU0gKHkx+iZILf77IofhrY1nYFnB\/lQPb79drWOyJVa\/DAvg9B\/rLB4cC+Nqgdz\/TvBbBnr6GBReqn\/nRmDgaQEej7WhonozjF+Y2I\/fZou\/qAAAAAElFTkSuQmCC); display:block; height:44px; margin:0 auto -44px; position:relative; top:-22px; width:44px;\"><\/div>\n<\/div>\n<p style=\"color:#c9c8cd; font-size:14px; line-height:17px; margin-bottom:0; margin-top:8px; overflow:hidden; padding:8px 0 7px; text-align:center; text-overflow:ellipsis; white-space:nowrap;\"><a href=\"https:\/\/instagram.com\/p\/ui_qKwBkKk\/\" style=\" color:#c9c8cd; font-family:Arial,sans-serif; font-size:14px; font-style:normal; font-weight:normal; line-height:17px; text-decoration:none;\" target=\"_top\">Kuva, jonka Jukka Piiroinen (@valonkuvia) julkaisi<\/a>&nbsp;laitteella <time style=\" font-family:Arial,sans-serif; font-size:14px; line-height:17px;\" datetime=\"2014-10-24T19:21:35+00:00\">Loka 10, 2014 at 12:21 PDT<\/time><\/p>\n<\/div>\n<\/blockquote>\n<p><script async defer src=\"\/\/platform.instagram.com\/en_US\/embeds.js\"><\/script><\/p>\n<p>Riverside Jazz -yhdistys t\u00e4ytti eilen 25 vuotta. Olin mukana perustamassa yhdistyst\u00e4 ja sen perustava kokous pidettiin 25.10.1989 Tornion Kerhoravintolan kabinetissa. Minut valittiin silloin yhdistyksen puheenjohtajaksi ja oli puheenjohtajana varmaankin liian kauan, sill\u00e4 luovuin teht\u00e4v\u00e4st\u00e4 vasta vuonna 2007. Muutaman vuoden tauon j\u00e4lkeen palasin yhdistyksen toimintaan takaisin ja olen nyt sihteeri\/tiedottaja. <\/p>\n<p>Yhdistys juhli merkkip\u00e4iv\u00e4\u00e4ns\u00e4 j\u00e4rjest\u00e4m\u00e4ll\u00e4 juhlakonsertin, jossa esiintyi Sid Hille Contemporary Collective. Yhtyeess\u00e4 soittivat pianisti\/s\u00e4velt\u00e4j\u00e4 <strong>Sid Hillen <\/strong>ja kitaristi <strong>Teemu Viinikaisen<\/strong> kanssa yhtyeess\u00e4 jousikvartetti <strong>Maija Linkola<\/strong> (viulu), <strong>Elina Viitasaari<\/strong>, (viulu), <strong>Lotta Poij\u00e4rvi<\/strong> (alttoviulu) ja <strong>Markus Hohti<\/strong> (sello).<\/p>\n<p>Konsertti koetteli komeasti jazzin, improvisaation ja klassisen musiikin raja-aitoja. Se toi hienosti esille Sid Hillen musiikkia ja muusikot, varsinkin Viinikainen ja kvartetti, p\u00e4\u00e4siv\u00e4t upeasti n\u00e4ytt\u00e4m\u00e4\u00e4n taitojaan. Hienovarainen musiikki sopi hyvin juhlakonsertiksi. Kompromisseja kaihtava musiikki ansaitsee tulla esille kaiken julkisuuden valossa paistattelevan puolivillaisuuden varjosta.<\/p>\n<p>T\u00e4ll\u00e4 kertaa en kuvannut kovin paljon. Musiikki tuntui niin hiljaiselta ja herk\u00e4lt\u00e4, ett\u00e4 kameran kanssa h\u00e4\u00e4r\u00e4\u00e4minen olisi ollut h\u00e4iritsev\u00e4\u00e4. Kokosin kuvistani Instagrammiin yll\u00e4 n\u00e4kyv\u00e4n koosteen InstaFrame-ohjelmalla ja s\u00e4\u00e4din s\u00e4vyj\u00e4 seepian suuntaan Afterlight-ohjelmalla.<\/p>\n<p>Lue lis\u00e4\u00e4 Riverside Jazz juhlasta yhdistyksen nettisivuilta: <a href=\"http:\/\/www.riversidejazz.fi\/pojat-posarissa-riverside-jazz-25-vuotta\/\">Pojat Posarissa &#8211; Riverside Jazz 25 vuotta<\/a>.<\/p>\n","protected":false},"excerpt":{"rendered":"<p>Kuva, jonka Jukka Piiroinen (@valonkuvia) julkaisi&nbsp;laitteella Loka 10, 2014 at 12:21 PDT Riverside Jazz -yhdistys t\u00e4ytti eilen 25 vuotta. Olin mukana perustamassa yhdistyst\u00e4 ja sen perustava kokous pidettiin 25.10.1989 Tornion Kerhoravintolan kabinetissa. Minut valittiin silloin yhdistyksen puheenjohtajaksi ja oli puheenjohtajana varmaankin liian kauan, sill\u00e4 luovuin teht\u00e4v\u00e4st\u00e4 vasta vuonna 2007. Muutaman vuoden tauon j\u00e4lkeen palasin yhdistyksen [&hellip;]<\/p>\n","protected":false},"author":1,"featured_media":0,"comment_status":"open","ping_status":"open","sticky":false,"template":"","format":"standard","meta":{"ngg_post_thumbnail":0,"_jetpack_memberships_contains_paid_content":false,"footnotes":"","jetpack_publicize_message":"","jetpack_publicize_feature_enabled":true,"jetpack_social_post_already_shared":false,"jetpack_social_options":{"image_generator_settings":{"template":"highway","default_image_id":0,"font":"","enabled":false},"version":2}},"categories":[3,10],"tags":[12,122,18,73,47],"class_list":["post-8823","post","type-post","status-publish","format-standard","hentry","category-jazz","category-valokuvaus","tag-musiikki","tag-sid-hille","tag-suomalainen-jazz","tag-teemu-viinikainen","tag-tornio"],"jetpack_publicize_connections":[],"jetpack_featured_media_url":"","jetpack_likes_enabled":false,"jetpack_sharing_enabled":true,"_links":{"self":[{"href":"https:\/\/www.valonkuvia.fi\/blogi\/wp-json\/wp\/v2\/posts\/8823","targetHints":{"allow":["GET"]}}],"collection":[{"href":"https:\/\/www.valonkuvia.fi\/blogi\/wp-json\/wp\/v2\/posts"}],"about":[{"href":"https:\/\/www.valonkuvia.fi\/blogi\/wp-json\/wp\/v2\/types\/post"}],"author":[{"embeddable":true,"href":"https:\/\/www.valonkuvia.fi\/blogi\/wp-json\/wp\/v2\/users\/1"}],"replies":[{"embeddable":true,"href":"https:\/\/www.valonkuvia.fi\/blogi\/wp-json\/wp\/v2\/comments?post=8823"}],"version-history":[{"count":4,"href":"https:\/\/www.valonkuvia.fi\/blogi\/wp-json\/wp\/v2\/posts\/8823\/revisions"}],"predecessor-version":[{"id":8827,"href":"https:\/\/www.valonkuvia.fi\/blogi\/wp-json\/wp\/v2\/posts\/8823\/revisions\/8827"}],"wp:attachment":[{"href":"https:\/\/www.valonkuvia.fi\/blogi\/wp-json\/wp\/v2\/media?parent=8823"}],"wp:term":[{"taxonomy":"category","embeddable":true,"href":"https:\/\/www.valonkuvia.fi\/blogi\/wp-json\/wp\/v2\/categories?post=8823"},{"taxonomy":"post_tag","embeddable":true,"href":"https:\/\/www.valonkuvia.fi\/blogi\/wp-json\/wp\/v2\/tags?post=8823"}],"curies":[{"name":"wp","href":"https:\/\/api.w.org\/{rel}","templated":true}]}}