{"id":9270,"date":"2015-02-27T21:42:58","date_gmt":"2015-02-27T19:42:58","guid":{"rendered":"http:\/\/www.valonkuvia.fi\/blogi\/?p=9270"},"modified":"2023-03-31T09:24:41","modified_gmt":"2023-03-31T06:24:41","slug":"kari-ikonen-trio-beauteous-tales-and-offbeat-stories","status":"publish","type":"post","link":"https:\/\/www.valonkuvia.fi\/blogi\/kari-ikonen-trio-beauteous-tales-and-offbeat-stories\/","title":{"rendered":"Kari Ikonen Trio: Beauteous Tales and Offbeat Stories"},"content":{"rendered":"\n<figure class=\"wp-block-image aligncenter size-large wp-image-9198 is-style-default\"><img data-recalc-dims=\"1\" loading=\"lazy\" decoding=\"async\" width=\"852\" height=\"479\" src=\"https:\/\/i0.wp.com\/www.valonkuvia.fi\/blogi\/wp-content\/uploads\/2015\/02\/2014_kari_ikonen_trio-852x479.jpg?resize=852%2C479\" alt=\"Kari Ikonen Trio, Jazz Finland Festival 2014\" class=\"wp-image-9198\" srcset=\"https:\/\/i0.wp.com\/www.valonkuvia.fi\/blogi\/wp-content\/uploads\/2015\/02\/2014_kari_ikonen_trio.jpg?resize=852%2C479&amp;ssl=1 852w, https:\/\/i0.wp.com\/www.valonkuvia.fi\/blogi\/wp-content\/uploads\/2015\/02\/2014_kari_ikonen_trio.jpg?resize=426%2C240&amp;ssl=1 426w, https:\/\/i0.wp.com\/www.valonkuvia.fi\/blogi\/wp-content\/uploads\/2015\/02\/2014_kari_ikonen_trio.jpg?w=900&amp;ssl=1 900w\" sizes=\"auto, (max-width: 852px) 100vw, 852px\" \/><figcaption class=\"wp-element-caption\">Kari Ikonen, piano, Ara Yaralian, basso, Markku Ounaskari, rummut, Jazz Finland Festival 2014<\/figcaption><\/figure>\n\n\n\n<p>Saksalaisen Ozella Musicin julkaisema \u201d<em>Beauteous Tales and Offbeat Stories<\/em>\u201d on pianisti-s\u00e4velt\u00e4j\u00e4 <strong>Kari Ikosen<\/strong> trion toinen levy. Jo useamman vuoden toimineen trion keskittynyt yhteispeli tulee esille heti k\u00e4ttelyss\u00e4 avausraidalla, kun trio tulkitsee m\u00e4\u00e4r\u00e4tietoisen energisesti Ikosen aiemmin levytt\u00e4m\u00e4n s\u00e4vellyksen \u201d<em>Keijukki<\/em>\u201d, joka on nyt saanut uuden nimen \u201d<em>L\u00b4avant-mini d\u00b4une elfe<\/em>\u201d.<\/p>\n\n\n\n<p>Levy jatkuu armenialaisen muusikon <strong>Ashot Gusanin<\/strong> balladilla \u201d<em>Astri Pes<\/em>\u201d, joka ehdottomasti kuuluu levyn kaikkein kauneimpien kertomusten joukkoon. Sen p\u00e4\u00e4osaan nousee trion armenialainen basisti <strong>Ara Yaralian<\/strong> sek\u00e4 h\u00e4nen jousella tulkitsemansa melodia ja herk\u00e4sti muotoiltu soolo.<\/p>\n\n\n\n<p>J\u00e4nnitt\u00e4v\u00e4 versio <strong>John Coltranen<\/strong> Giants Steps-levyn klassikosta \u201d<em>Countdown<\/em>\u201d ja kirpe\u00e4n it\u00e4maisesti maustettu Bollywood-s\u00e4velm\u00e4 \u201d<em>Poorab Disa Se<\/em>\u201d tuovat kokonaisuuteen uusia s\u00e4vyj\u00e4. Levyn nelj\u00e4 ilmeisen improvisoitua, humoristisesti nimetty\u00e4 raitaa (kuten \u201d<em>K\u00e4rh\u00e4m\u00e4<\/em>\u201d ja \u201d<em>Verhotango<\/em>\u201d) ovat osuvasti kiteytettyj\u00e4 mietelmi\u00e4, jotka nekin laventavat kokoelman n\u00e4k\u00f6kulmia.<\/p>\n\n\n\n<p>Levyn lopussa uusi versio Ikosen vanhasta s\u00e4vellyksest\u00e4 \u201d<em>The 4th Part of the Harbour Trilogy<\/em>\u201d tiivist\u00e4\u00e4 vaikuttavasti moni-ilmeisen levyn ja johtaa sen pys\u00e4ytt\u00e4v\u00e4\u00e4n hiljaisuuteen. \u201d<em>Beauteous Tales and Offbeat Stories<\/em>\u201d on t\u00e4ytel\u00e4inen ja vivahteikas albumi, joka nousee korkealle kaikilla mittareilla mitattuna.<\/p>\n\n\n\n<p><strong>Kari Ikonen Trio<\/strong>: Beauteous Tales and Offbeat Stories (Ozella Music, 2015)<\/p>\n\n\n\n<figure class=\"wp-block-image aligncenter is-resized is-style-default\"><img data-recalc-dims=\"1\" loading=\"lazy\" decoding=\"async\" src=\"https:\/\/i0.wp.com\/www.valonkuvia.fi\/blogi\/wp-content\/uploads\/2015\/02\/beauteous_tales-852x749.jpg?resize=426%2C375\" alt=\"beauteous_tales\" class=\"wp-image-9271\" width=\"426\" height=\"375\" srcset=\"https:\/\/i0.wp.com\/www.valonkuvia.fi\/blogi\/wp-content\/uploads\/2015\/02\/beauteous_tales.jpg?resize=852%2C749&amp;ssl=1 852w, https:\/\/i0.wp.com\/www.valonkuvia.fi\/blogi\/wp-content\/uploads\/2015\/02\/beauteous_tales.jpg?resize=426%2C374&amp;ssl=1 426w, https:\/\/i0.wp.com\/www.valonkuvia.fi\/blogi\/wp-content\/uploads\/2015\/02\/beauteous_tales.jpg?w=1500&amp;ssl=1 1500w\" sizes=\"auto, (max-width: 426px) 100vw, 426px\" \/><\/figure>\n\n\n\n<p><em>Julkaistu Pohjolan Sanomissa 6.2.2015.<\/em><\/p>\n","protected":false},"excerpt":{"rendered":"<p>Saksalaisen Ozella Musicin julkaisema \u201dBeauteous Tales and Offbeat Stories\u201d on pianisti-s\u00e4velt\u00e4j\u00e4 Kari Ikosen trion toinen levy. Jo useamman vuoden toimineen trion keskittynyt yhteispeli tulee esille heti k\u00e4ttelyss\u00e4 avausraidalla, kun trio tulkitsee m\u00e4\u00e4r\u00e4tietoisen energisesti Ikosen aiemmin levytt\u00e4m\u00e4n s\u00e4vellyksen \u201dKeijukki\u201d, joka on nyt saanut uuden nimen \u201dL\u00b4avant-mini d\u00b4une elfe\u201d. Levy jatkuu armenialaisen muusikon Ashot Gusanin balladilla \u201dAstri [&hellip;]<\/p>\n","protected":false},"author":1,"featured_media":0,"comment_status":"open","ping_status":"open","sticky":false,"template":"","format":"standard","meta":{"ngg_post_thumbnail":0,"_jetpack_memberships_contains_paid_content":false,"footnotes":"","jetpack_publicize_message":"","jetpack_publicize_feature_enabled":true,"jetpack_social_post_already_shared":true,"jetpack_social_options":{"image_generator_settings":{"template":"highway","default_image_id":0,"font":"","enabled":false},"version":2}},"categories":[3],"tags":[20,337,13,192,274,66,18],"class_list":["post-9270","post","type-post","status-publish","format-standard","hentry","category-jazz","tag-amerikkalainen-jazz","tag-ara-yaralian","tag-jazzlevyt-2","tag-kari-ikonen","tag-markku-ounaskari","tag-pohjolan-sanomat","tag-suomalainen-jazz"],"jetpack_publicize_connections":[],"jetpack_featured_media_url":"","jetpack_likes_enabled":false,"jetpack_sharing_enabled":true,"_links":{"self":[{"href":"https:\/\/www.valonkuvia.fi\/blogi\/wp-json\/wp\/v2\/posts\/9270","targetHints":{"allow":["GET"]}}],"collection":[{"href":"https:\/\/www.valonkuvia.fi\/blogi\/wp-json\/wp\/v2\/posts"}],"about":[{"href":"https:\/\/www.valonkuvia.fi\/blogi\/wp-json\/wp\/v2\/types\/post"}],"author":[{"embeddable":true,"href":"https:\/\/www.valonkuvia.fi\/blogi\/wp-json\/wp\/v2\/users\/1"}],"replies":[{"embeddable":true,"href":"https:\/\/www.valonkuvia.fi\/blogi\/wp-json\/wp\/v2\/comments?post=9270"}],"version-history":[{"count":5,"href":"https:\/\/www.valonkuvia.fi\/blogi\/wp-json\/wp\/v2\/posts\/9270\/revisions"}],"predecessor-version":[{"id":22512,"href":"https:\/\/www.valonkuvia.fi\/blogi\/wp-json\/wp\/v2\/posts\/9270\/revisions\/22512"}],"wp:attachment":[{"href":"https:\/\/www.valonkuvia.fi\/blogi\/wp-json\/wp\/v2\/media?parent=9270"}],"wp:term":[{"taxonomy":"category","embeddable":true,"href":"https:\/\/www.valonkuvia.fi\/blogi\/wp-json\/wp\/v2\/categories?post=9270"},{"taxonomy":"post_tag","embeddable":true,"href":"https:\/\/www.valonkuvia.fi\/blogi\/wp-json\/wp\/v2\/tags?post=9270"}],"curies":[{"name":"wp","href":"https:\/\/api.w.org\/{rel}","templated":true}]}}