{"id":9563,"date":"2015-06-08T10:13:21","date_gmt":"2015-06-08T07:13:21","guid":{"rendered":"http:\/\/www.valonkuvia.fi\/blogi\/?p=9563"},"modified":"2023-03-31T09:28:54","modified_gmt":"2023-03-31T06:28:54","slug":"riitta-paakki-characters","status":"publish","type":"post","link":"https:\/\/www.valonkuvia.fi\/blogi\/riitta-paakki-characters\/","title":{"rendered":"Vinyylin vieh\u00e4tys &#8211; Riitta Paakki Trio: Characters"},"content":{"rendered":"\n<figure class=\"wp-block-image aligncenter is-style-default\"><a href=\"https:\/\/i0.wp.com\/www.valonkuvia.fi\/blogi\/wp-content\/uploads\/2015\/06\/riitta_paakki_characters.jpg\"><img data-recalc-dims=\"1\" loading=\"lazy\" decoding=\"async\" width=\"640\" height=\"427\" src=\"https:\/\/i0.wp.com\/www.valonkuvia.fi\/blogi\/wp-content\/uploads\/2015\/06\/riitta_paakki_characters.jpg?resize=640%2C427\" alt=\"Riitta Paakki Trio: Characters (Jaskaa, 2015)\" class=\"wp-image-9571\" srcset=\"https:\/\/i0.wp.com\/www.valonkuvia.fi\/blogi\/wp-content\/uploads\/2015\/06\/riitta_paakki_characters.jpg?w=640&amp;ssl=1 640w, https:\/\/i0.wp.com\/www.valonkuvia.fi\/blogi\/wp-content\/uploads\/2015\/06\/riitta_paakki_characters.jpg?resize=426%2C284&amp;ssl=1 426w, https:\/\/i0.wp.com\/www.valonkuvia.fi\/blogi\/wp-content\/uploads\/2015\/06\/riitta_paakki_characters.jpg?resize=600%2C400&amp;ssl=1 600w\" sizes=\"auto, (max-width: 640px) 100vw, 640px\" \/><\/a><figcaption class=\"wp-element-caption\">Riitta Paakki Trio: Characters (Jaskaa, 2015)<\/figcaption><\/figure>\n\n\n\n<p>Tuore &#8221;<em>Characters<\/em>&#8221; on pianisti <strong>Riittaa Paakin<\/strong> nelj\u00e4s triolevy. Vuosina 2000 &#8211; 2006 julkaistuilla aikaisemmilla levyill\u00e4 pianistin kanssa soittivat basisti <strong>Ari-Pekka Anttila<\/strong> ja rumpali <strong>Mikko Hassinen<\/strong>. Nyt esiin astuu uusi rytmiryhm\u00e4, basisti <strong>Antti L\u00f6tj\u00f6nen<\/strong> ja rumpali <strong>Jaska Lukkarinen<\/strong>, jotka kuuluvat jo nuoremman jazzpolven vaikuttajiin.<\/p>\n\n\n\n<p>Pitk\u00e4n tauon j\u00e4lkeen julkaistulle uutuudella&nbsp;on Paakin pianotriolle oivaltavasti sovittamia versioita modernin jazzin keskeisen saksofonistin ja s\u00e4velt\u00e4j\u00e4n <strong>Wayne Shorterin<\/strong> keskeisist\u00e4 teoksista. Asetelma on vaativa. Muusikoiden t\u00e4ytyy l\u00f6yt\u00e4\u00e4 oma n\u00e4k\u00f6kulma klassikoihin ja v\u00e4ltt\u00e4\u00e4 musiikin j\u00e4\u00e4minen ulkokohtaisen kunnianosoituksen tasolle.<\/p>\n\n\n\n<p>T\u00e4ss\u00e4 tapauksessa huoli pintapuolisuudesta on turha. Ensinn\u00e4kin Paakki tuntee Shorterinsa perinpohjaisesti, sill\u00e4 h\u00e4n valmistelee v\u00e4it\u00f6skirjaa saksofonistin kenties arvostetuimmasta levyst\u00e4 \u201c<em>Speak No Evil<\/em>\u201d. &nbsp;Lis\u00e4ksi Shorterin alunperin pikkuyhtyeille s\u00e4velt\u00e4m\u00e4 musiikki k\u00e4\u00e4ntyy&nbsp;Paakin oivaltavasti sovittamana ilman turhia korulauseita pianotrion kielelle. Ja t\u00e4t\u00e4 kielt\u00e4 Paakki trioineen osaa puhua kuin \u00e4idinkielt\u00e4\u00e4n.<\/p>\n\n\n\n<p>Trion ilmaisua leimaa Paakin selke\u00e4 piano; suoraviivaisuuden ja hienovaraisuuden vaikuttava yhdistelm\u00e4. Jaska Lukkarisen rummut svengaavat v\u00e4h\u00e4eleisesti ja v\u00e4ritt\u00e4v\u00e4t osuvasti yhtyesoundia. Trion kolmantena hahmona on vahvasti esill\u00e4 Antti&nbsp;L\u00f6tj\u00f6nen, jonka basso tukee, kuljettaa ja my\u00f6s kommentoi. N\u00e4in trion keskittynyt, yksityiskohtiin huolella paneutuva, koko ajan luonnollisesti svengaava yhteispeli takaavat sen, ett\u00e4 periaatteessa tutuista jazzin raaka-aineista syntyy t\u00e4ytel\u00e4inen, kuulijansa palkitseva teos.<\/p>\n\n\n\n<p>Levyn julkaiseminen heijastelee mielenkiintoisesti musiikkibisneksen t\u00e4m\u00e4n hetken virtauksia. &#8221;<em>Characters<\/em>&#8221; on nimitt\u00e4in saatavilla fyysisesti vain vinyylilevyn\u00e4 ja on vaihtoehtoisesti kuunneltavissa suoratoistona Spotifyn kautta.<\/p>\n\n\n\n<figure class=\"wp-block-image aligncenter is-style-default\"><a href=\"https:\/\/i0.wp.com\/www.valonkuvia.fi\/blogi\/wp-content\/uploads\/2015\/06\/2015_paakki.jpg\"><img data-recalc-dims=\"1\" loading=\"lazy\" decoding=\"async\" width=\"426\" height=\"426\" src=\"https:\/\/i0.wp.com\/www.valonkuvia.fi\/blogi\/wp-content\/uploads\/2015\/06\/2015_paakki-426x426.jpg?resize=426%2C426\" alt=\"Riitta Paakki Kalottjazz &amp; Blues -festivaalilla 2006\" class=\"wp-image-9594\" srcset=\"https:\/\/i0.wp.com\/www.valonkuvia.fi\/blogi\/wp-content\/uploads\/2015\/06\/2015_paakki.jpg?resize=426%2C426&amp;ssl=1 426w, https:\/\/i0.wp.com\/www.valonkuvia.fi\/blogi\/wp-content\/uploads\/2015\/06\/2015_paakki.jpg?resize=150%2C150&amp;ssl=1 150w, https:\/\/i0.wp.com\/www.valonkuvia.fi\/blogi\/wp-content\/uploads\/2015\/06\/2015_paakki.jpg?resize=852%2C852&amp;ssl=1 852w, https:\/\/i0.wp.com\/www.valonkuvia.fi\/blogi\/wp-content\/uploads\/2015\/06\/2015_paakki.jpg?resize=100%2C100&amp;ssl=1 100w, https:\/\/i0.wp.com\/www.valonkuvia.fi\/blogi\/wp-content\/uploads\/2015\/06\/2015_paakki.jpg?resize=50%2C50&amp;ssl=1 50w, https:\/\/i0.wp.com\/www.valonkuvia.fi\/blogi\/wp-content\/uploads\/2015\/06\/2015_paakki.jpg?w=900&amp;ssl=1 900w\" sizes=\"auto, (max-width: 426px) 100vw, 426px\" \/><\/a><figcaption class=\"wp-element-caption\">Riitta Paakki Kalottjazz &amp; Blues -festivaalilla 2006<\/figcaption><\/figure>\n\n\n\n<p><strong>Riitta Paakki Trio<\/strong>: Characters (Jaskaa, 2015)<br><em>Riitta Paakki, piano, Antti L\u00f6tj\u00f6nen, basso, Jaska Lukkarinen, rummut<\/em><\/p>\n\n\n\n<p>Lue my\u00f6s <a href=\"http:\/\/www.valonkuvia.fi\/blogi\/jazzjutut\/levyarvioita-m-p\/riitta-paakki-trio-enne\/\">Riitta Paakki Trio: Enne<\/a>.<\/p>\n\n\n\n<p><em>Julkaistu my\u00f6s @<a href=\"http:\/\/suomijazz.com\/levyarviot\/2015\/11\/paakki-riitta-characters\/\">Suomijazz.com<\/a><\/em><\/p>\n","protected":false},"excerpt":{"rendered":"<p>Tuore &#8221;Characters&#8221; on pianisti Riittaa Paakin nelj\u00e4s triolevy. Vuosina 2000 &#8211; 2006 julkaistuilla aikaisemmilla levyill\u00e4 pianistin kanssa soittivat basisti Ari-Pekka Anttila ja rumpali Mikko Hassinen. Nyt esiin astuu uusi rytmiryhm\u00e4, basisti Antti L\u00f6tj\u00f6nen ja rumpali Jaska Lukkarinen, jotka kuuluvat jo nuoremman jazzpolven vaikuttajiin. Pitk\u00e4n tauon j\u00e4lkeen julkaistulle uutuudella&nbsp;on Paakin pianotriolle oivaltavasti sovittamia versioita modernin jazzin [&hellip;]<\/p>\n","protected":false},"author":1,"featured_media":9571,"comment_status":"open","ping_status":"open","sticky":false,"template":"","format":"standard","meta":{"ngg_post_thumbnail":0,"_jetpack_memberships_contains_paid_content":false,"footnotes":"","jetpack_publicize_message":"","jetpack_publicize_feature_enabled":true,"jetpack_social_post_already_shared":true,"jetpack_social_options":{"image_generator_settings":{"template":"highway","default_image_id":0,"font":"","enabled":false},"version":2}},"categories":[3],"tags":[176,87,13,41,319,351,18,115,108,353],"class_list":["post-9563","post","type-post","status-publish","format-standard","has-post-thumbnail","hentry","category-jazz","tag-antti-lotjonen","tag-jaska-lukkarinen","tag-jazzlevyt-2","tag-piano","tag-pianotrio","tag-riitta-paakki","tag-suomalainen-jazz","tag-vinyyli-2","tag-vinyyli","tag-wayne-shorter"],"jetpack_publicize_connections":[],"jetpack_featured_media_url":"https:\/\/i0.wp.com\/www.valonkuvia.fi\/blogi\/wp-content\/uploads\/2015\/06\/riitta_paakki_characters.jpg?fit=640%2C427&ssl=1","jetpack_likes_enabled":false,"jetpack_sharing_enabled":true,"_links":{"self":[{"href":"https:\/\/www.valonkuvia.fi\/blogi\/wp-json\/wp\/v2\/posts\/9563","targetHints":{"allow":["GET"]}}],"collection":[{"href":"https:\/\/www.valonkuvia.fi\/blogi\/wp-json\/wp\/v2\/posts"}],"about":[{"href":"https:\/\/www.valonkuvia.fi\/blogi\/wp-json\/wp\/v2\/types\/post"}],"author":[{"embeddable":true,"href":"https:\/\/www.valonkuvia.fi\/blogi\/wp-json\/wp\/v2\/users\/1"}],"replies":[{"embeddable":true,"href":"https:\/\/www.valonkuvia.fi\/blogi\/wp-json\/wp\/v2\/comments?post=9563"}],"version-history":[{"count":22,"href":"https:\/\/www.valonkuvia.fi\/blogi\/wp-json\/wp\/v2\/posts\/9563\/revisions"}],"predecessor-version":[{"id":22517,"href":"https:\/\/www.valonkuvia.fi\/blogi\/wp-json\/wp\/v2\/posts\/9563\/revisions\/22517"}],"wp:featuredmedia":[{"embeddable":true,"href":"https:\/\/www.valonkuvia.fi\/blogi\/wp-json\/wp\/v2\/media\/9571"}],"wp:attachment":[{"href":"https:\/\/www.valonkuvia.fi\/blogi\/wp-json\/wp\/v2\/media?parent=9563"}],"wp:term":[{"taxonomy":"category","embeddable":true,"href":"https:\/\/www.valonkuvia.fi\/blogi\/wp-json\/wp\/v2\/categories?post=9563"},{"taxonomy":"post_tag","embeddable":true,"href":"https:\/\/www.valonkuvia.fi\/blogi\/wp-json\/wp\/v2\/tags?post=9563"}],"curies":[{"name":"wp","href":"https:\/\/api.w.org\/{rel}","templated":true}]}}