{"id":411,"count":1,"description":"","link":"https:\/\/www.valonkuvia.fi\/blogi\/tag\/kansainvalinen-jazzin-paiva\/","name":"kansainv\u00e4linen jazzin p\u00e4iv\u00e4","slug":"kansainvalinen-jazzin-paiva","taxonomy":"post_tag","meta":[],"_links":{"self":[{"href":"https:\/\/www.valonkuvia.fi\/blogi\/wp-json\/wp\/v2\/tags\/411","targetHints":{"allow":["GET"]}}],"collection":[{"href":"https:\/\/www.valonkuvia.fi\/blogi\/wp-json\/wp\/v2\/tags"}],"about":[{"href":"https:\/\/www.valonkuvia.fi\/blogi\/wp-json\/wp\/v2\/taxonomies\/post_tag"}],"wp:post_type":[{"href":"https:\/\/www.valonkuvia.fi\/blogi\/wp-json\/wp\/v2\/posts?tags=411"}],"curies":[{"name":"wp","href":"https:\/\/api.w.org\/{rel}","templated":true}]}}